{"id":30116,"date":"2024-03-02T18:08:35","date_gmt":"2024-03-02T17:08:35","guid":{"rendered":"https:\/\/www.revuemusicale.ch\/?p=30116"},"modified":"2024-04-29T10:07:30","modified_gmt":"2024-04-29T08:07:30","slug":"de-la-musique-a-la-politique","status":"publish","type":"post","link":"https:\/\/www.revuemusicale.ch\/it\/critiques\/livres-et-partitions\/2024\/03\/de-la-musique-a-la-politique","title":{"rendered":"Estelle Revaz: dalla musica alla politica"},"content":{"rendered":"<figure id=\"attachment_30117\" aria-describedby=\"caption-attachment-30117\" style=\"width: 2366px\" class=\"wp-caption alignnone\"><img loading=\"lazy\" decoding=\"async\" class=\"wp-image-30117 size-full\" src=\"https:\/\/www.revuemusicale.ch\/wp-content\/uploads\/2024\/02\/Estelle-Revaz-4.jpg\" alt=\"\" width=\"2366\" height=\"1577\" srcset=\"https:\/\/www.revuemusicale.ch\/wp-content\/uploads\/2024\/02\/Estelle-Revaz-4.jpg 1400w, https:\/\/www.revuemusicale.ch\/wp-content\/uploads\/2024\/02\/Estelle-Revaz-4-300x200.jpg 300w, https:\/\/www.revuemusicale.ch\/wp-content\/uploads\/2024\/02\/Estelle-Revaz-4-1024x683.jpg 1024w, https:\/\/www.revuemusicale.ch\/wp-content\/uploads\/2024\/02\/Estelle-Revaz-4-600x400.jpg 600w, https:\/\/www.revuemusicale.ch\/wp-content\/uploads\/2024\/02\/Estelle-Revaz-4-768x512.jpg 768w, https:\/\/www.revuemusicale.ch\/wp-content\/uploads\/2024\/02\/Estelle-Revaz-4-1536x1024.jpg 1536w, https:\/\/www.revuemusicale.ch\/wp-content\/uploads\/2024\/02\/Estelle-Revaz-4-2048x1365.jpg 2048w, https:\/\/www.revuemusicale.ch\/wp-content\/uploads\/2024\/02\/Estelle-Revaz-4-263x175.jpg 263w, https:\/\/www.revuemusicale.ch\/wp-content\/uploads\/2024\/02\/Estelle-Revaz-4-525x350.jpg 525w, https:\/\/www.revuemusicale.ch\/wp-content\/uploads\/2024\/02\/Estelle-Revaz-4-1200x800.jpg 1200w, https:\/\/www.revuemusicale.ch\/wp-content\/uploads\/2024\/02\/Estelle-Revaz-4-920x613.jpg 920w\" sizes=\"auto, (max-width: 2366px) 100vw, 2366px\" \/><figcaption id=\"caption-attachment-30117\" class=\"wp-caption-text\">Estelle Revaz. Foto: DR<\/figcaption><\/figure>\n<p>Galvanizzante, un vortice di energia: ne sconsigliamo la lettura la sera, perch\u00e9 tiene svegli la notte. <em>L'acrobata<\/em>L'autobiografia della violoncellista Estelle Revaz, pubblicata da Slatkine, \u00e8 un vivace affresco della vita di una giovane artista di oggi, delle lotte quotidiane che dimostrano quanto possa essere faticosa e difficile, eppure magnifica, la professione. Seguiamo Estelle mentre sviluppa la sua passione per la musica negli anni della formazione tra Parigi e la Germania. L'autrice non lesina sui dettagli: il lettore non musicista potrebbe a volte sentirsi smarrito di fronte alla meticolosit\u00e0 con cui spiega le tappe dei suoi studi e il contatto a volte tossico con i suoi insegnanti, i suoi sentimenti nei confronti di un'opera o di uno strumento in particolare, il dolore dell'esibizione, le fasi della ricerca di concerti e delle registrazioni... ma questo \u00e8 salutare e d\u00e0 una chiara visione della complessit\u00e0 della professione, oltre che della quantit\u00e0 e della diversit\u00e0 del lavoro da svolgere.<\/p>\n<p>La scrittura \u00e8 diretta e senza fronzoli: ci\u00f2 che conta \u00e8 la testimonianza. Il filo conduttore che ci conduce attraverso il suo viaggio \u00e8 quello delle sue emozioni e dei suoi sentimenti, tanto nelle tappe della sua carriera di musicista quanto in quelle del suo tuffo nel mondo della politica. Si comincia con la necessit\u00e0 di sopravvivere durante la Covida: completamente indipendente, Estelle Revaz si ritrova a casa da un giorno all'altro, senza reddito. Racconta la sua esperienza di cittadina che si \u00e8 recata a Berna per cambiare la legge affinch\u00e9 i 300.000 attori culturali che si trovavano nella sua stessa situazione potessero ricevere dei sussidi, fino al suo attuale impegno nelle file del Partito Socialista. \u00c8 interessante scoprire tutte le tappe che ha percorso: la sua testimonianza, cos\u00ec come quando parla di musica, \u00e8 un ammirevole tentativo di spiegare il funzionamento del mondo politico svizzero in termini profani.<img loading=\"lazy\" decoding=\"async\" class=\"aligncenter wp-image-30119 size-medium\" src=\"https:\/\/www.revuemusicale.ch\/wp-content\/uploads\/2024\/03\/03_crit_buch_Bocelli-204x300.jpeg\" alt=\"\" width=\"204\" height=\"300\" srcset=\"https:\/\/www.revuemusicale.ch\/wp-content\/uploads\/2024\/03\/03_crit_buch_Bocelli-204x300.jpeg 204w, https:\/\/www.revuemusicale.ch\/wp-content\/uploads\/2024\/03\/03_crit_buch_Bocelli-119x175.jpeg 119w, https:\/\/www.revuemusicale.ch\/wp-content\/uploads\/2024\/03\/03_crit_buch_Bocelli-238x350.jpeg 238w, https:\/\/www.revuemusicale.ch\/wp-content\/uploads\/2024\/03\/03_crit_buch_Bocelli-300x442.jpeg 300w, https:\/\/www.revuemusicale.ch\/wp-content\/uploads\/2024\/03\/03_crit_buch_Bocelli.jpeg 400w\" sizes=\"auto, (max-width: 204px) 100vw, 204px\" \/><\/p>\n<p><em>Estelle Revaz: La saltimbanque, 264 p., Fr. 32.00, Slatkine, Gen\u00e8ve 2023, ISBN 9782832112601<\/em><\/p>\n<p>&nbsp;<\/p>","protected":false},"excerpt":{"rendered":"<p>\"La saltimbanque\" della violoncellista Estelle Revaz \u00e8 un'autobiografia che ci offre anche uno sguardo sul funzionamento del mondo politico svizzero. <\/p>","protected":false},"author":1,"featured_media":30117,"comment_status":"closed","ping_status":"closed","sticky":false,"template":"","format":"standard","meta":{"_acf_changed":false,"_relevanssi_hide_post":"","_relevanssi_hide_content":"","_relevanssi_pin_for_all":"","_relevanssi_pin_keywords":"","_relevanssi_unpin_keywords":"","_relevanssi_related_keywords":"","_relevanssi_related_include_ids":"","_relevanssi_related_exclude_ids":"","_relevanssi_related_no_append":"","_relevanssi_related_not_related":"","_relevanssi_related_posts":"","_relevanssi_noindex_reason":"","pgc_sgb_lightbox_settings":"","footnotes":""},"categories":[1614,1616],"tags":[1942,1938,1941,1940,1939],"class_list":["post-30116","post","type-post","status-publish","format-standard","has-post-thumbnail","hentry","category-critiques","category-livres-et-partitions","tag-conseil-national","tag-estelle-revaz","tag-politique","tag-saltimbanque","tag-violoncelle"],"acf":[],"yoast_head":"<!-- This site is optimized with the Yoast SEO plugin v27.3 - https:\/\/yoast.com\/product\/yoast-seo-wordpress\/ -->\n<title>Estelle Revaz : De la musique \u00e0 la politique - Revue Musicale Suisse<\/title>\n<meta name=\"robots\" content=\"index, follow, max-snippet:-1, max-image-preview:large, max-video-preview:-1\" \/>\n<link rel=\"canonical\" href=\"https:\/\/www.revuemusicale.ch\/it\/critiques\/livres-et-partitions\/2024\/03\/de-la-musique-a-la-politique\/\" \/>\n<meta property=\"og:locale\" content=\"it_IT\" \/>\n<meta property=\"og:type\" content=\"article\" \/>\n<meta property=\"og:title\" content=\"Estelle Revaz : De la musique \u00e0 la politique - Revue Musicale Suisse\" \/>\n<meta property=\"og:description\" content=\"\u00ab La saltimbanque \u00bb de la violoncelliste Estelle Revaz est une autobiographie qui nous fait \u00e9galement comprendre les rouages du monde politique suisse.\" \/>\n<meta property=\"og:url\" content=\"https:\/\/www.revuemusicale.ch\/it\/critiques\/livres-et-partitions\/2024\/03\/de-la-musique-a-la-politique\/\" \/>\n<meta property=\"og:site_name\" content=\"Revue Musicale Suisse\" \/>\n<meta property=\"article:publisher\" content=\"https:\/\/www.facebook.com\/SchweizerMusikzeitung\/\" \/>\n<meta property=\"article:published_time\" content=\"2024-03-02T17:08:35+00:00\" \/>\n<meta property=\"article:modified_time\" content=\"2024-04-29T08:07:30+00:00\" \/>\n<meta property=\"og:image\" content=\"https:\/\/www.revuemusicale.ch\/wp-content\/uploads\/2024\/02\/Estelle-Revaz-4.jpg\" \/>\n\t<meta property=\"og:image:width\" content=\"1400\" \/>\n\t<meta property=\"og:image:height\" content=\"933\" \/>\n\t<meta property=\"og:image:type\" content=\"image\/jpeg\" \/>\n<meta name=\"author\" content=\"Musikzeitung-Redaktion\" \/>\n<meta name=\"twitter:card\" content=\"summary_large_image\" \/>\n<meta name=\"twitter:creator\" content=\"@smusikzeitung\" \/>\n<meta name=\"twitter:site\" content=\"@smusikzeitung\" \/>\n<meta name=\"twitter:label1\" content=\"Scritto da\" \/>\n\t<meta name=\"twitter:data1\" content=\"Musikzeitung-Redaktion\" \/>\n\t<meta name=\"twitter:label2\" content=\"Tempo di lettura stimato\" \/>\n\t<meta name=\"twitter:data2\" content=\"2 minuti\" \/>\n<script type=\"application\/ld+json\" class=\"yoast-schema-graph\">{\"@context\":\"https:\\\/\\\/schema.org\",\"@graph\":[{\"@type\":\"Article\",\"@id\":\"https:\\\/\\\/www.revuemusicale.ch\\\/critiques\\\/livres-et-partitions\\\/2024\\\/03\\\/de-la-musique-a-la-politique#article\",\"isPartOf\":{\"@id\":\"https:\\\/\\\/www.revuemusicale.ch\\\/critiques\\\/livres-et-partitions\\\/2024\\\/03\\\/de-la-musique-a-la-politique\"},\"author\":{\"name\":\"Musikzeitung-Redaktion\",\"@id\":\"https:\\\/\\\/www.revuemusicale.ch\\\/#\\\/schema\\\/person\\\/b2fd892c800856270b9dcc6001265712\"},\"headline\":\"Estelle Revaz : De la musique \u00e0 la politique\",\"datePublished\":\"2024-03-02T17:08:35+00:00\",\"dateModified\":\"2024-04-29T08:07:30+00:00\",\"mainEntityOfPage\":{\"@id\":\"https:\\\/\\\/www.revuemusicale.ch\\\/critiques\\\/livres-et-partitions\\\/2024\\\/03\\\/de-la-musique-a-la-politique\"},\"wordCount\":379,\"publisher\":{\"@id\":\"https:\\\/\\\/www.revuemusicale.ch\\\/#organization\"},\"image\":{\"@id\":\"https:\\\/\\\/www.revuemusicale.ch\\\/critiques\\\/livres-et-partitions\\\/2024\\\/03\\\/de-la-musique-a-la-politique#primaryimage\"},\"thumbnailUrl\":\"https:\\\/\\\/www.revuemusicale.ch\\\/wp-content\\\/uploads\\\/2024\\\/02\\\/Estelle-Revaz-4.jpg\",\"keywords\":[\"Conseil national\",\"Estelle Revaz\",\"Politique\",\"Saltimbanque\",\"Violoncelle\"],\"articleSection\":[\"Critiques\",\"Livres et partitions\"],\"inLanguage\":\"it-IT\"},{\"@type\":\"WebPage\",\"@id\":\"https:\\\/\\\/www.revuemusicale.ch\\\/critiques\\\/livres-et-partitions\\\/2024\\\/03\\\/de-la-musique-a-la-politique\",\"url\":\"https:\\\/\\\/www.revuemusicale.ch\\\/critiques\\\/livres-et-partitions\\\/2024\\\/03\\\/de-la-musique-a-la-politique\",\"name\":\"Estelle Revaz : De la musique \u00e0 la politique - Revue Musicale Suisse\",\"isPartOf\":{\"@id\":\"https:\\\/\\\/www.revuemusicale.ch\\\/#website\"},\"primaryImageOfPage\":{\"@id\":\"https:\\\/\\\/www.revuemusicale.ch\\\/critiques\\\/livres-et-partitions\\\/2024\\\/03\\\/de-la-musique-a-la-politique#primaryimage\"},\"image\":{\"@id\":\"https:\\\/\\\/www.revuemusicale.ch\\\/critiques\\\/livres-et-partitions\\\/2024\\\/03\\\/de-la-musique-a-la-politique#primaryimage\"},\"thumbnailUrl\":\"https:\\\/\\\/www.revuemusicale.ch\\\/wp-content\\\/uploads\\\/2024\\\/02\\\/Estelle-Revaz-4.jpg\",\"datePublished\":\"2024-03-02T17:08:35+00:00\",\"dateModified\":\"2024-04-29T08:07:30+00:00\",\"breadcrumb\":{\"@id\":\"https:\\\/\\\/www.revuemusicale.ch\\\/critiques\\\/livres-et-partitions\\\/2024\\\/03\\\/de-la-musique-a-la-politique#breadcrumb\"},\"inLanguage\":\"it-IT\",\"potentialAction\":[{\"@type\":\"ReadAction\",\"target\":[\"https:\\\/\\\/www.revuemusicale.ch\\\/critiques\\\/livres-et-partitions\\\/2024\\\/03\\\/de-la-musique-a-la-politique\"]}]},{\"@type\":\"ImageObject\",\"inLanguage\":\"it-IT\",\"@id\":\"https:\\\/\\\/www.revuemusicale.ch\\\/critiques\\\/livres-et-partitions\\\/2024\\\/03\\\/de-la-musique-a-la-politique#primaryimage\",\"url\":\"https:\\\/\\\/www.revuemusicale.ch\\\/wp-content\\\/uploads\\\/2024\\\/02\\\/Estelle-Revaz-4.jpg\",\"contentUrl\":\"https:\\\/\\\/www.revuemusicale.ch\\\/wp-content\\\/uploads\\\/2024\\\/02\\\/Estelle-Revaz-4.jpg\",\"width\":1400,\"height\":933},{\"@type\":\"BreadcrumbList\",\"@id\":\"https:\\\/\\\/www.revuemusicale.ch\\\/critiques\\\/livres-et-partitions\\\/2024\\\/03\\\/de-la-musique-a-la-politique#breadcrumb\",\"itemListElement\":[{\"@type\":\"ListItem\",\"position\":1,\"name\":\"Home\",\"item\":\"https:\\\/\\\/www.revuemusicale.ch\\\/\"},{\"@type\":\"ListItem\",\"position\":2,\"name\":\"Estelle Revaz : De la musique \u00e0 la politique\"}]},{\"@type\":\"WebSite\",\"@id\":\"https:\\\/\\\/www.revuemusicale.ch\\\/#website\",\"url\":\"https:\\\/\\\/www.revuemusicale.ch\\\/\",\"name\":\"Revue Musicale Suisse\",\"description\":\"\",\"publisher\":{\"@id\":\"https:\\\/\\\/www.revuemusicale.ch\\\/#organization\"},\"potentialAction\":[{\"@type\":\"SearchAction\",\"target\":{\"@type\":\"EntryPoint\",\"urlTemplate\":\"https:\\\/\\\/www.revuemusicale.ch\\\/?s={search_term_string}\"},\"query-input\":{\"@type\":\"PropertyValueSpecification\",\"valueRequired\":true,\"valueName\":\"search_term_string\"}}],\"inLanguage\":\"it-IT\"},{\"@type\":\"Organization\",\"@id\":\"https:\\\/\\\/www.revuemusicale.ch\\\/#organization\",\"name\":\"Revue Musicale Suisse\",\"url\":\"https:\\\/\\\/www.revuemusicale.ch\\\/\",\"logo\":{\"@type\":\"ImageObject\",\"inLanguage\":\"it-IT\",\"@id\":\"https:\\\/\\\/www.revuemusicale.ch\\\/#\\\/schema\\\/logo\\\/image\\\/\",\"url\":\"https:\\\/\\\/www.revuemusicale.ch\\\/wp-content\\\/uploads\\\/2023\\\/01\\\/logo_revuemusicale_musikzeitung.jpg\",\"contentUrl\":\"https:\\\/\\\/www.revuemusicale.ch\\\/wp-content\\\/uploads\\\/2023\\\/01\\\/logo_revuemusicale_musikzeitung.jpg\",\"width\":1200,\"height\":243,\"caption\":\"Revue Musicale Suisse\"},\"image\":{\"@id\":\"https:\\\/\\\/www.revuemusicale.ch\\\/#\\\/schema\\\/logo\\\/image\\\/\"},\"sameAs\":[\"https:\\\/\\\/www.facebook.com\\\/SchweizerMusikzeitung\\\/\",\"https:\\\/\\\/x.com\\\/smusikzeitung\",\"https:\\\/\\\/www.instagram.com\\\/musikzeitung.ch\\\/?hl=de\"]},{\"@type\":\"Person\",\"@id\":\"https:\\\/\\\/www.revuemusicale.ch\\\/#\\\/schema\\\/person\\\/b2fd892c800856270b9dcc6001265712\",\"name\":\"Musikzeitung-Redaktion\",\"image\":{\"@type\":\"ImageObject\",\"inLanguage\":\"it-IT\",\"@id\":\"https:\\\/\\\/secure.gravatar.com\\\/avatar\\\/0c7e6a405862e402eb76a70f8a26fc732d07c32931e9fae9ab1582911d2e8a3b?s=96&d=mm&r=g\",\"url\":\"https:\\\/\\\/secure.gravatar.com\\\/avatar\\\/0c7e6a405862e402eb76a70f8a26fc732d07c32931e9fae9ab1582911d2e8a3b?s=96&d=mm&r=g\",\"contentUrl\":\"https:\\\/\\\/secure.gravatar.com\\\/avatar\\\/0c7e6a405862e402eb76a70f8a26fc732d07c32931e9fae9ab1582911d2e8a3b?s=96&d=mm&r=g\",\"caption\":\"Musikzeitung-Redaktion\"},\"sameAs\":[\"http:\\\/\\\/wundo-docker.io\"],\"url\":\"https:\\\/\\\/www.revuemusicale.ch\\\/it\\\/author\\\/admin\"}]}<\/script>\n<!-- \/ Yoast SEO plugin. -->","yoast_head_json":{"title":"Estelle Revaz: dalla musica alla politica - Rassegna musicale svizzera","robots":{"index":"index","follow":"follow","max-snippet":"max-snippet:-1","max-image-preview":"max-image-preview:large","max-video-preview":"max-video-preview:-1"},"canonical":"https:\/\/www.revuemusicale.ch\/it\/critiques\/livres-et-partitions\/2024\/03\/de-la-musique-a-la-politique\/","og_locale":"it_IT","og_type":"article","og_title":"Estelle Revaz : De la musique \u00e0 la politique - Revue Musicale Suisse","og_description":"\u00ab La saltimbanque \u00bb de la violoncelliste Estelle Revaz est une autobiographie qui nous fait \u00e9galement comprendre les rouages du monde politique suisse.","og_url":"https:\/\/www.revuemusicale.ch\/it\/critiques\/livres-et-partitions\/2024\/03\/de-la-musique-a-la-politique\/","og_site_name":"Revue Musicale Suisse","article_publisher":"https:\/\/www.facebook.com\/SchweizerMusikzeitung\/","article_published_time":"2024-03-02T17:08:35+00:00","article_modified_time":"2024-04-29T08:07:30+00:00","og_image":[{"width":1400,"height":933,"url":"https:\/\/www.revuemusicale.ch\/wp-content\/uploads\/2024\/02\/Estelle-Revaz-4.jpg","type":"image\/jpeg"}],"author":"Musikzeitung-Redaktion","twitter_card":"summary_large_image","twitter_creator":"@smusikzeitung","twitter_site":"@smusikzeitung","twitter_misc":{"Scritto da":"Musikzeitung-Redaktion","Tempo di lettura stimato":"2 minuti"},"schema":{"@context":"https:\/\/schema.org","@graph":[{"@type":"Article","@id":"https:\/\/www.revuemusicale.ch\/critiques\/livres-et-partitions\/2024\/03\/de-la-musique-a-la-politique#article","isPartOf":{"@id":"https:\/\/www.revuemusicale.ch\/critiques\/livres-et-partitions\/2024\/03\/de-la-musique-a-la-politique"},"author":{"name":"Musikzeitung-Redaktion","@id":"https:\/\/www.revuemusicale.ch\/#\/schema\/person\/b2fd892c800856270b9dcc6001265712"},"headline":"Estelle Revaz : De la musique \u00e0 la politique","datePublished":"2024-03-02T17:08:35+00:00","dateModified":"2024-04-29T08:07:30+00:00","mainEntityOfPage":{"@id":"https:\/\/www.revuemusicale.ch\/critiques\/livres-et-partitions\/2024\/03\/de-la-musique-a-la-politique"},"wordCount":379,"publisher":{"@id":"https:\/\/www.revuemusicale.ch\/#organization"},"image":{"@id":"https:\/\/www.revuemusicale.ch\/critiques\/livres-et-partitions\/2024\/03\/de-la-musique-a-la-politique#primaryimage"},"thumbnailUrl":"https:\/\/www.revuemusicale.ch\/wp-content\/uploads\/2024\/02\/Estelle-Revaz-4.jpg","keywords":["Conseil national","Estelle Revaz","Politique","Saltimbanque","Violoncelle"],"articleSection":["Critiques","Livres et partitions"],"inLanguage":"it-IT"},{"@type":"WebPage","@id":"https:\/\/www.revuemusicale.ch\/critiques\/livres-et-partitions\/2024\/03\/de-la-musique-a-la-politique","url":"https:\/\/www.revuemusicale.ch\/critiques\/livres-et-partitions\/2024\/03\/de-la-musique-a-la-politique","name":"Estelle Revaz: dalla musica alla politica - Rassegna musicale svizzera","isPartOf":{"@id":"https:\/\/www.revuemusicale.ch\/#website"},"primaryImageOfPage":{"@id":"https:\/\/www.revuemusicale.ch\/critiques\/livres-et-partitions\/2024\/03\/de-la-musique-a-la-politique#primaryimage"},"image":{"@id":"https:\/\/www.revuemusicale.ch\/critiques\/livres-et-partitions\/2024\/03\/de-la-musique-a-la-politique#primaryimage"},"thumbnailUrl":"https:\/\/www.revuemusicale.ch\/wp-content\/uploads\/2024\/02\/Estelle-Revaz-4.jpg","datePublished":"2024-03-02T17:08:35+00:00","dateModified":"2024-04-29T08:07:30+00:00","breadcrumb":{"@id":"https:\/\/www.revuemusicale.ch\/critiques\/livres-et-partitions\/2024\/03\/de-la-musique-a-la-politique#breadcrumb"},"inLanguage":"it-IT","potentialAction":[{"@type":"ReadAction","target":["https:\/\/www.revuemusicale.ch\/critiques\/livres-et-partitions\/2024\/03\/de-la-musique-a-la-politique"]}]},{"@type":"ImageObject","inLanguage":"it-IT","@id":"https:\/\/www.revuemusicale.ch\/critiques\/livres-et-partitions\/2024\/03\/de-la-musique-a-la-politique#primaryimage","url":"https:\/\/www.revuemusicale.ch\/wp-content\/uploads\/2024\/02\/Estelle-Revaz-4.jpg","contentUrl":"https:\/\/www.revuemusicale.ch\/wp-content\/uploads\/2024\/02\/Estelle-Revaz-4.jpg","width":1400,"height":933},{"@type":"BreadcrumbList","@id":"https:\/\/www.revuemusicale.ch\/critiques\/livres-et-partitions\/2024\/03\/de-la-musique-a-la-politique#breadcrumb","itemListElement":[{"@type":"ListItem","position":1,"name":"Home","item":"https:\/\/www.revuemusicale.ch\/"},{"@type":"ListItem","position":2,"name":"Estelle Revaz : De la musique \u00e0 la politique"}]},{"@type":"WebSite","@id":"https:\/\/www.revuemusicale.ch\/#website","url":"https:\/\/www.revuemusicale.ch\/","name":"Rassegna musicale svizzera","description":"","publisher":{"@id":"https:\/\/www.revuemusicale.ch\/#organization"},"potentialAction":[{"@type":"SearchAction","target":{"@type":"EntryPoint","urlTemplate":"https:\/\/www.revuemusicale.ch\/?s={search_term_string}"},"query-input":{"@type":"PropertyValueSpecification","valueRequired":true,"valueName":"search_term_string"}}],"inLanguage":"it-IT"},{"@type":"Organization","@id":"https:\/\/www.revuemusicale.ch\/#organization","name":"Rassegna musicale svizzera","url":"https:\/\/www.revuemusicale.ch\/","logo":{"@type":"ImageObject","inLanguage":"it-IT","@id":"https:\/\/www.revuemusicale.ch\/#\/schema\/logo\/image\/","url":"https:\/\/www.revuemusicale.ch\/wp-content\/uploads\/2023\/01\/logo_revuemusicale_musikzeitung.jpg","contentUrl":"https:\/\/www.revuemusicale.ch\/wp-content\/uploads\/2023\/01\/logo_revuemusicale_musikzeitung.jpg","width":1200,"height":243,"caption":"Revue Musicale Suisse"},"image":{"@id":"https:\/\/www.revuemusicale.ch\/#\/schema\/logo\/image\/"},"sameAs":["https:\/\/www.facebook.com\/SchweizerMusikzeitung\/","https:\/\/x.com\/smusikzeitung","https:\/\/www.instagram.com\/musikzeitung.ch\/?hl=de"]},{"@type":"Person","@id":"https:\/\/www.revuemusicale.ch\/#\/schema\/person\/b2fd892c800856270b9dcc6001265712","name":"Musikzeitung-Redaktion","image":{"@type":"ImageObject","inLanguage":"it-IT","@id":"https:\/\/secure.gravatar.com\/avatar\/0c7e6a405862e402eb76a70f8a26fc732d07c32931e9fae9ab1582911d2e8a3b?s=96&d=mm&r=g","url":"https:\/\/secure.gravatar.com\/avatar\/0c7e6a405862e402eb76a70f8a26fc732d07c32931e9fae9ab1582911d2e8a3b?s=96&d=mm&r=g","contentUrl":"https:\/\/secure.gravatar.com\/avatar\/0c7e6a405862e402eb76a70f8a26fc732d07c32931e9fae9ab1582911d2e8a3b?s=96&d=mm&r=g","caption":"Musikzeitung-Redaktion"},"sameAs":["http:\/\/wundo-docker.io"],"url":"https:\/\/www.revuemusicale.ch\/it\/author\/admin"}]}},"publishpress_future_action":{"enabled":false,"date":"1970-01-01 01:00:00","action":"change-status","newStatus":"draft","terms":[],"taxonomy":"category","extraData":[]},"publishpress_future_workflow_manual_trigger":{"enabledWorkflows":[]},"_links":{"self":[{"href":"https:\/\/www.revuemusicale.ch\/it\/wp-json\/wp\/v2\/posts\/30116","targetHints":{"allow":["GET"]}}],"collection":[{"href":"https:\/\/www.revuemusicale.ch\/it\/wp-json\/wp\/v2\/posts"}],"about":[{"href":"https:\/\/www.revuemusicale.ch\/it\/wp-json\/wp\/v2\/types\/post"}],"author":[{"embeddable":true,"href":"https:\/\/www.revuemusicale.ch\/it\/wp-json\/wp\/v2\/users\/1"}],"replies":[{"embeddable":true,"href":"https:\/\/www.revuemusicale.ch\/it\/wp-json\/wp\/v2\/comments?post=30116"}],"version-history":[{"count":5,"href":"https:\/\/www.revuemusicale.ch\/it\/wp-json\/wp\/v2\/posts\/30116\/revisions"}],"predecessor-version":[{"id":30153,"href":"https:\/\/www.revuemusicale.ch\/it\/wp-json\/wp\/v2\/posts\/30116\/revisions\/30153"}],"wp:featuredmedia":[{"embeddable":true,"href":"https:\/\/www.revuemusicale.ch\/it\/wp-json\/wp\/v2\/media\/30117"}],"wp:attachment":[{"href":"https:\/\/www.revuemusicale.ch\/it\/wp-json\/wp\/v2\/media?parent=30116"}],"wp:term":[{"taxonomy":"category","embeddable":true,"href":"https:\/\/www.revuemusicale.ch\/it\/wp-json\/wp\/v2\/categories?post=30116"},{"taxonomy":"post_tag","embeddable":true,"href":"https:\/\/www.revuemusicale.ch\/it\/wp-json\/wp\/v2\/tags?post=30116"}],"curies":[{"name":"wp","href":"https:\/\/api.w.org\/{rel}","templated":true}]}}