{"id":30204,"date":"2024-04-02T11:09:19","date_gmt":"2024-04-02T09:09:19","guid":{"rendered":"https:\/\/www.revuemusicale.ch\/?p=30204"},"modified":"2024-04-29T10:05:59","modified_gmt":"2024-04-29T08:05:59","slug":"phanee-de-pool","status":"publish","type":"post","link":"https:\/\/www.revuemusicale.ch\/it\/critiques\/disques\/2024\/04\/phanee-de-pool","title":{"rendered":"Un approccio unico alla chanson francese"},"content":{"rendered":"<figure id=\"attachment_30205\" aria-describedby=\"caption-attachment-30205\" style=\"width: 2505px\" class=\"wp-caption alignleft\"><img loading=\"lazy\" decoding=\"async\" class=\"wp-image-30205 size-full\" src=\"https:\/\/www.revuemusicale.ch\/wp-content\/uploads\/2024\/03\/PdP-16-\u00a9Thomas-Bader.jpg\" alt=\"\" width=\"2505\" height=\"1667\" srcset=\"https:\/\/www.revuemusicale.ch\/wp-content\/uploads\/2024\/03\/PdP-16-\u00a9Thomas-Bader.jpg 1400w, https:\/\/www.revuemusicale.ch\/wp-content\/uploads\/2024\/03\/PdP-16-\u00a9Thomas-Bader-300x200.jpg 300w, https:\/\/www.revuemusicale.ch\/wp-content\/uploads\/2024\/03\/PdP-16-\u00a9Thomas-Bader-1024x681.jpg 1024w, https:\/\/www.revuemusicale.ch\/wp-content\/uploads\/2024\/03\/PdP-16-\u00a9Thomas-Bader-600x400.jpg 600w, https:\/\/www.revuemusicale.ch\/wp-content\/uploads\/2024\/03\/PdP-16-\u00a9Thomas-Bader-768x511.jpg 768w, https:\/\/www.revuemusicale.ch\/wp-content\/uploads\/2024\/03\/PdP-16-\u00a9Thomas-Bader-1536x1022.jpg 1536w, https:\/\/www.revuemusicale.ch\/wp-content\/uploads\/2024\/03\/PdP-16-\u00a9Thomas-Bader-2048x1363.jpg 2048w, https:\/\/www.revuemusicale.ch\/wp-content\/uploads\/2024\/03\/PdP-16-\u00a9Thomas-Bader-263x175.jpg 263w, https:\/\/www.revuemusicale.ch\/wp-content\/uploads\/2024\/03\/PdP-16-\u00a9Thomas-Bader-526x350.jpg 526w, https:\/\/www.revuemusicale.ch\/wp-content\/uploads\/2024\/03\/PdP-16-\u00a9Thomas-Bader-1202x800.jpg 1202w, https:\/\/www.revuemusicale.ch\/wp-content\/uploads\/2024\/03\/PdP-16-\u00a9Thomas-Bader-920x612.jpg 920w\" sizes=\"auto, (max-width: 2505px) 100vw, 2505px\" \/><figcaption id=\"caption-attachment-30205\" class=\"wp-caption-text\">Phanee de Pool nel suo spettacolo \"Algorythme\". Foto: \u00a9Thomas Bader<\/figcaption><\/figure>\n<p>\u00c8 un dialogo intergenerazionale ricorrente.<\/p>\n<p>\"Ai miei tempi c'erano dei veri cantanti. Ascoltate la spazzatura che passa oggi alla radio. Le voci sono truccate (beh, le voci, dobbiamo ancora metterci d'accordo sul significato del termine), i testi sono inintelligibili, il che \u00e8 forse anche meglio, la musica \u00e8 eseguita senza alcun impegno, \u00e8 tutto senza senso...\"<\/p>\n<p>Ma no, mamma, ai tuoi tempi, come dici tu, la TSF (Transmission Sans Fil) trasmetteva \"J'ai la rate qui s'dilate\" e ai miei tempi (che non dir\u00f2 mai), Clo-Clo cantava con la voce incollata il suo capolavoro letterario \"Nabout Twist\". (Se non lo conoscete, vale il suo peso in noccioline)\".<\/p>\n<p>Beh, no, negli anni '40 di mia madre non c'erano solo Yves Montand o Charles Trenet, nella mia prima infanzia negli anni '60 non c'erano solo Brel, Ferrat o Ferr\u00e9. E oggi, per fortuna, possiamo ascoltare qualcosa di diverso dal vomito preformattato per bifolchi o puttane.<\/p>\n<p>E penso a Phanee de Pool, un vero artista di oggi che si dedica alla musica e ai testi.<\/p>\n<p>Questa cantante svizzera si \u00e8 fatta conoscere con le sue canzoni liriche, che combinano brillantemente umorismo, profondit\u00e0 e sensibilit\u00e0. Nata nel 1989 a Bienne, Phanee de Pool, vero nome Fanny Diercksen, ha iniziato la sua carriera musicale nel 2017, lasciando per nostra gioia una carriera da poliziotta, e ha rapidamente guadagnato popolarit\u00e0 grazie ai suoi testi poetici, al suo fascino e alla sua voce distintiva.<\/p>\n<p>\u00c8 spesso lodata per il suo approccio unico alla chanson francese, che fonde elementi di pop, folk e canzoni di protesta. I suoi testi affrontano temi sociali e personali, conditi con umorismo e giochi di parole. Nel corso degli anni ha pubblicato diversi album che hanno contribuito a consolidare la sua reputazione di artista di talento e originale. No, la musica di Phanee de Pool non \u00e8 qualcosa che si ascolta in sottofondo mentre si passa l'aspirapolvere, come molta altra musica di variet\u00e0. Si smette di fare quello che si sta facendo e si ascolta. Ascoltate con attenzione. Il nuovo album di Phanee, Algorythme, \u00e8 un vero e proprio colpo d'occhio.<em><img loading=\"lazy\" decoding=\"async\" class=\"size-medium wp-image-30208 aligncenter\" src=\"https:\/\/www.revuemusicale.ch\/wp-content\/uploads\/2024\/03\/04_crit_cd_Dagon-300x272.jpg\" alt=\"\" width=\"300\" height=\"272\" srcset=\"https:\/\/www.revuemusicale.ch\/wp-content\/uploads\/2024\/03\/04_crit_cd_Dagon-300x272.jpg 300w, https:\/\/www.revuemusicale.ch\/wp-content\/uploads\/2024\/03\/04_crit_cd_Dagon-1024x928.jpg 1024w, https:\/\/www.revuemusicale.ch\/wp-content\/uploads\/2024\/03\/04_crit_cd_Dagon-768x696.jpg 768w, https:\/\/www.revuemusicale.ch\/wp-content\/uploads\/2024\/03\/04_crit_cd_Dagon-193x175.jpg 193w, https:\/\/www.revuemusicale.ch\/wp-content\/uploads\/2024\/03\/04_crit_cd_Dagon-386x350.jpg 386w, https:\/\/www.revuemusicale.ch\/wp-content\/uploads\/2024\/03\/04_crit_cd_Dagon-883x800.jpg 883w, https:\/\/www.revuemusicale.ch\/wp-content\/uploads\/2024\/03\/04_crit_cd_Dagon-920x834.jpg 920w, https:\/\/www.revuemusicale.ch\/wp-content\/uploads\/2024\/03\/04_crit_cd_Dagon.jpg 1103w\" sizes=\"auto, (max-width: 300px) 100vw, 300px\" \/><\/em><\/p>\n<p><em>Phanee de Pool: Algorythme. Arrangiamenti e pianoforte: Etienne Champollion; Direzione di : Louis Th\u00e9veniau; Con le voci di Henri D\u00e8s e Paul \u00c9luard. Escales Records<\/em><\/p>","protected":false},"excerpt":{"rendered":"<p>\"Algorythme\", il nuovo album di Phanee de Pool<\/p>","protected":false},"author":1,"featured_media":30205,"comment_status":"closed","ping_status":"closed","sticky":false,"template":"","format":"standard","meta":{"_acf_changed":false,"_relevanssi_hide_post":"","_relevanssi_hide_content":"","_relevanssi_pin_for_all":"","_relevanssi_pin_keywords":"","_relevanssi_unpin_keywords":"","_relevanssi_related_keywords":"","_relevanssi_related_include_ids":"","_relevanssi_related_exclude_ids":"","_relevanssi_related_no_append":"","_relevanssi_related_not_related":"","_relevanssi_related_posts":"","_relevanssi_noindex_reason":"","pgc_sgb_lightbox_settings":"","footnotes":""},"categories":[1614,1615],"tags":[1984,1983],"class_list":["post-30204","post","type-post","status-publish","format-standard","has-post-thumbnail","hentry","category-critiques","category-disques","tag-chanson-francaise","tag-phanee-de-pool"],"acf":[],"yoast_head":"<!-- This site is optimized with the Yoast SEO plugin v27.3 - https:\/\/yoast.com\/product\/yoast-seo-wordpress\/ -->\n<title>Approche unique de la chanson fran\u00e7aise - Revue Musicale Suisse<\/title>\n<meta name=\"robots\" content=\"index, follow, max-snippet:-1, max-image-preview:large, max-video-preview:-1\" \/>\n<link rel=\"canonical\" href=\"https:\/\/www.revuemusicale.ch\/it\/critiques\/disques\/2024\/04\/phanee-de-pool\/\" \/>\n<meta property=\"og:locale\" content=\"it_IT\" \/>\n<meta property=\"og:type\" content=\"article\" \/>\n<meta property=\"og:title\" content=\"Approche unique de la chanson fran\u00e7aise - Revue Musicale Suisse\" \/>\n<meta property=\"og:description\" content=\"\u00ab Algorythme \u00bb, le nouvel album de Phanee de Pool\" \/>\n<meta property=\"og:url\" content=\"https:\/\/www.revuemusicale.ch\/it\/critiques\/disques\/2024\/04\/phanee-de-pool\/\" \/>\n<meta property=\"og:site_name\" content=\"Revue Musicale Suisse\" \/>\n<meta property=\"article:publisher\" content=\"https:\/\/www.facebook.com\/SchweizerMusikzeitung\/\" \/>\n<meta property=\"article:published_time\" content=\"2024-04-02T09:09:19+00:00\" \/>\n<meta property=\"article:modified_time\" content=\"2024-04-29T08:05:59+00:00\" \/>\n<meta property=\"og:image\" content=\"https:\/\/www.revuemusicale.ch\/wp-content\/uploads\/2024\/03\/PdP-16-\u00a9Thomas-Bader.jpg\" \/>\n\t<meta property=\"og:image:width\" content=\"1400\" \/>\n\t<meta property=\"og:image:height\" content=\"932\" \/>\n\t<meta property=\"og:image:type\" content=\"image\/jpeg\" \/>\n<meta name=\"author\" content=\"Musikzeitung-Redaktion\" \/>\n<meta name=\"twitter:card\" content=\"summary_large_image\" \/>\n<meta name=\"twitter:creator\" content=\"@smusikzeitung\" \/>\n<meta name=\"twitter:site\" content=\"@smusikzeitung\" \/>\n<meta name=\"twitter:label1\" content=\"Scritto da\" \/>\n\t<meta name=\"twitter:data1\" content=\"Musikzeitung-Redaktion\" \/>\n\t<meta name=\"twitter:label2\" content=\"Tempo di lettura stimato\" \/>\n\t<meta name=\"twitter:data2\" content=\"2 minuti\" \/>\n<script type=\"application\/ld+json\" class=\"yoast-schema-graph\">{\"@context\":\"https:\\\/\\\/schema.org\",\"@graph\":[{\"@type\":\"Article\",\"@id\":\"https:\\\/\\\/www.revuemusicale.ch\\\/critiques\\\/disques\\\/2024\\\/04\\\/phanee-de-pool#article\",\"isPartOf\":{\"@id\":\"https:\\\/\\\/www.revuemusicale.ch\\\/critiques\\\/disques\\\/2024\\\/04\\\/phanee-de-pool\"},\"author\":{\"name\":\"Musikzeitung-Redaktion\",\"@id\":\"https:\\\/\\\/www.revuemusicale.ch\\\/#\\\/schema\\\/person\\\/b2fd892c800856270b9dcc6001265712\"},\"headline\":\"Approche unique de la chanson fran\u00e7aise\",\"datePublished\":\"2024-04-02T09:09:19+00:00\",\"dateModified\":\"2024-04-29T08:05:59+00:00\",\"mainEntityOfPage\":{\"@id\":\"https:\\\/\\\/www.revuemusicale.ch\\\/critiques\\\/disques\\\/2024\\\/04\\\/phanee-de-pool\"},\"wordCount\":456,\"publisher\":{\"@id\":\"https:\\\/\\\/www.revuemusicale.ch\\\/#organization\"},\"image\":{\"@id\":\"https:\\\/\\\/www.revuemusicale.ch\\\/critiques\\\/disques\\\/2024\\\/04\\\/phanee-de-pool#primaryimage\"},\"thumbnailUrl\":\"https:\\\/\\\/www.revuemusicale.ch\\\/wp-content\\\/uploads\\\/2024\\\/03\\\/PdP-16-\u00a9Thomas-Bader.jpg\",\"keywords\":[\"Chanson fran\u00e7aise\",\"Phanee de Pool\"],\"articleSection\":[\"Critiques\",\"Disques\"],\"inLanguage\":\"it-IT\"},{\"@type\":\"WebPage\",\"@id\":\"https:\\\/\\\/www.revuemusicale.ch\\\/critiques\\\/disques\\\/2024\\\/04\\\/phanee-de-pool\",\"url\":\"https:\\\/\\\/www.revuemusicale.ch\\\/critiques\\\/disques\\\/2024\\\/04\\\/phanee-de-pool\",\"name\":\"Approche unique de la chanson fran\u00e7aise - Revue Musicale Suisse\",\"isPartOf\":{\"@id\":\"https:\\\/\\\/www.revuemusicale.ch\\\/#website\"},\"primaryImageOfPage\":{\"@id\":\"https:\\\/\\\/www.revuemusicale.ch\\\/critiques\\\/disques\\\/2024\\\/04\\\/phanee-de-pool#primaryimage\"},\"image\":{\"@id\":\"https:\\\/\\\/www.revuemusicale.ch\\\/critiques\\\/disques\\\/2024\\\/04\\\/phanee-de-pool#primaryimage\"},\"thumbnailUrl\":\"https:\\\/\\\/www.revuemusicale.ch\\\/wp-content\\\/uploads\\\/2024\\\/03\\\/PdP-16-\u00a9Thomas-Bader.jpg\",\"datePublished\":\"2024-04-02T09:09:19+00:00\",\"dateModified\":\"2024-04-29T08:05:59+00:00\",\"breadcrumb\":{\"@id\":\"https:\\\/\\\/www.revuemusicale.ch\\\/critiques\\\/disques\\\/2024\\\/04\\\/phanee-de-pool#breadcrumb\"},\"inLanguage\":\"it-IT\",\"potentialAction\":[{\"@type\":\"ReadAction\",\"target\":[\"https:\\\/\\\/www.revuemusicale.ch\\\/critiques\\\/disques\\\/2024\\\/04\\\/phanee-de-pool\"]}]},{\"@type\":\"ImageObject\",\"inLanguage\":\"it-IT\",\"@id\":\"https:\\\/\\\/www.revuemusicale.ch\\\/critiques\\\/disques\\\/2024\\\/04\\\/phanee-de-pool#primaryimage\",\"url\":\"https:\\\/\\\/www.revuemusicale.ch\\\/wp-content\\\/uploads\\\/2024\\\/03\\\/PdP-16-\u00a9Thomas-Bader.jpg\",\"contentUrl\":\"https:\\\/\\\/www.revuemusicale.ch\\\/wp-content\\\/uploads\\\/2024\\\/03\\\/PdP-16-\u00a9Thomas-Bader.jpg\",\"width\":1400,\"height\":932},{\"@type\":\"BreadcrumbList\",\"@id\":\"https:\\\/\\\/www.revuemusicale.ch\\\/critiques\\\/disques\\\/2024\\\/04\\\/phanee-de-pool#breadcrumb\",\"itemListElement\":[{\"@type\":\"ListItem\",\"position\":1,\"name\":\"Home\",\"item\":\"https:\\\/\\\/www.revuemusicale.ch\\\/\"},{\"@type\":\"ListItem\",\"position\":2,\"name\":\"Approche unique de la chanson fran\u00e7aise\"}]},{\"@type\":\"WebSite\",\"@id\":\"https:\\\/\\\/www.revuemusicale.ch\\\/#website\",\"url\":\"https:\\\/\\\/www.revuemusicale.ch\\\/\",\"name\":\"Revue Musicale Suisse\",\"description\":\"\",\"publisher\":{\"@id\":\"https:\\\/\\\/www.revuemusicale.ch\\\/#organization\"},\"potentialAction\":[{\"@type\":\"SearchAction\",\"target\":{\"@type\":\"EntryPoint\",\"urlTemplate\":\"https:\\\/\\\/www.revuemusicale.ch\\\/?s={search_term_string}\"},\"query-input\":{\"@type\":\"PropertyValueSpecification\",\"valueRequired\":true,\"valueName\":\"search_term_string\"}}],\"inLanguage\":\"it-IT\"},{\"@type\":\"Organization\",\"@id\":\"https:\\\/\\\/www.revuemusicale.ch\\\/#organization\",\"name\":\"Revue Musicale Suisse\",\"url\":\"https:\\\/\\\/www.revuemusicale.ch\\\/\",\"logo\":{\"@type\":\"ImageObject\",\"inLanguage\":\"it-IT\",\"@id\":\"https:\\\/\\\/www.revuemusicale.ch\\\/#\\\/schema\\\/logo\\\/image\\\/\",\"url\":\"https:\\\/\\\/www.revuemusicale.ch\\\/wp-content\\\/uploads\\\/2023\\\/01\\\/logo_revuemusicale_musikzeitung.jpg\",\"contentUrl\":\"https:\\\/\\\/www.revuemusicale.ch\\\/wp-content\\\/uploads\\\/2023\\\/01\\\/logo_revuemusicale_musikzeitung.jpg\",\"width\":1200,\"height\":243,\"caption\":\"Revue Musicale Suisse\"},\"image\":{\"@id\":\"https:\\\/\\\/www.revuemusicale.ch\\\/#\\\/schema\\\/logo\\\/image\\\/\"},\"sameAs\":[\"https:\\\/\\\/www.facebook.com\\\/SchweizerMusikzeitung\\\/\",\"https:\\\/\\\/x.com\\\/smusikzeitung\",\"https:\\\/\\\/www.instagram.com\\\/musikzeitung.ch\\\/?hl=de\"]},{\"@type\":\"Person\",\"@id\":\"https:\\\/\\\/www.revuemusicale.ch\\\/#\\\/schema\\\/person\\\/b2fd892c800856270b9dcc6001265712\",\"name\":\"Musikzeitung-Redaktion\",\"image\":{\"@type\":\"ImageObject\",\"inLanguage\":\"it-IT\",\"@id\":\"https:\\\/\\\/secure.gravatar.com\\\/avatar\\\/0c7e6a405862e402eb76a70f8a26fc732d07c32931e9fae9ab1582911d2e8a3b?s=96&d=mm&r=g\",\"url\":\"https:\\\/\\\/secure.gravatar.com\\\/avatar\\\/0c7e6a405862e402eb76a70f8a26fc732d07c32931e9fae9ab1582911d2e8a3b?s=96&d=mm&r=g\",\"contentUrl\":\"https:\\\/\\\/secure.gravatar.com\\\/avatar\\\/0c7e6a405862e402eb76a70f8a26fc732d07c32931e9fae9ab1582911d2e8a3b?s=96&d=mm&r=g\",\"caption\":\"Musikzeitung-Redaktion\"},\"sameAs\":[\"http:\\\/\\\/wundo-docker.io\"],\"url\":\"https:\\\/\\\/www.revuemusicale.ch\\\/it\\\/author\\\/admin\"}]}<\/script>\n<!-- \/ Yoast SEO plugin. -->","yoast_head_json":{"title":"Un approccio unico alla chanson francese - Swiss Music Review","robots":{"index":"index","follow":"follow","max-snippet":"max-snippet:-1","max-image-preview":"max-image-preview:large","max-video-preview":"max-video-preview:-1"},"canonical":"https:\/\/www.revuemusicale.ch\/it\/critiques\/disques\/2024\/04\/phanee-de-pool\/","og_locale":"it_IT","og_type":"article","og_title":"Approche unique de la chanson fran\u00e7aise - Revue Musicale Suisse","og_description":"\u00ab Algorythme \u00bb, le nouvel album de Phanee de Pool","og_url":"https:\/\/www.revuemusicale.ch\/it\/critiques\/disques\/2024\/04\/phanee-de-pool\/","og_site_name":"Revue Musicale Suisse","article_publisher":"https:\/\/www.facebook.com\/SchweizerMusikzeitung\/","article_published_time":"2024-04-02T09:09:19+00:00","article_modified_time":"2024-04-29T08:05:59+00:00","og_image":[{"width":1400,"height":932,"url":"https:\/\/www.revuemusicale.ch\/wp-content\/uploads\/2024\/03\/PdP-16-\u00a9Thomas-Bader.jpg","type":"image\/jpeg"}],"author":"Musikzeitung-Redaktion","twitter_card":"summary_large_image","twitter_creator":"@smusikzeitung","twitter_site":"@smusikzeitung","twitter_misc":{"Scritto da":"Musikzeitung-Redaktion","Tempo di lettura stimato":"2 minuti"},"schema":{"@context":"https:\/\/schema.org","@graph":[{"@type":"Article","@id":"https:\/\/www.revuemusicale.ch\/critiques\/disques\/2024\/04\/phanee-de-pool#article","isPartOf":{"@id":"https:\/\/www.revuemusicale.ch\/critiques\/disques\/2024\/04\/phanee-de-pool"},"author":{"name":"Musikzeitung-Redaktion","@id":"https:\/\/www.revuemusicale.ch\/#\/schema\/person\/b2fd892c800856270b9dcc6001265712"},"headline":"Approche unique de la chanson fran\u00e7aise","datePublished":"2024-04-02T09:09:19+00:00","dateModified":"2024-04-29T08:05:59+00:00","mainEntityOfPage":{"@id":"https:\/\/www.revuemusicale.ch\/critiques\/disques\/2024\/04\/phanee-de-pool"},"wordCount":456,"publisher":{"@id":"https:\/\/www.revuemusicale.ch\/#organization"},"image":{"@id":"https:\/\/www.revuemusicale.ch\/critiques\/disques\/2024\/04\/phanee-de-pool#primaryimage"},"thumbnailUrl":"https:\/\/www.revuemusicale.ch\/wp-content\/uploads\/2024\/03\/PdP-16-\u00a9Thomas-Bader.jpg","keywords":["Chanson fran\u00e7aise","Phanee de Pool"],"articleSection":["Critiques","Disques"],"inLanguage":"it-IT"},{"@type":"WebPage","@id":"https:\/\/www.revuemusicale.ch\/critiques\/disques\/2024\/04\/phanee-de-pool","url":"https:\/\/www.revuemusicale.ch\/critiques\/disques\/2024\/04\/phanee-de-pool","name":"Un approccio unico alla chanson francese - Swiss Music Review","isPartOf":{"@id":"https:\/\/www.revuemusicale.ch\/#website"},"primaryImageOfPage":{"@id":"https:\/\/www.revuemusicale.ch\/critiques\/disques\/2024\/04\/phanee-de-pool#primaryimage"},"image":{"@id":"https:\/\/www.revuemusicale.ch\/critiques\/disques\/2024\/04\/phanee-de-pool#primaryimage"},"thumbnailUrl":"https:\/\/www.revuemusicale.ch\/wp-content\/uploads\/2024\/03\/PdP-16-\u00a9Thomas-Bader.jpg","datePublished":"2024-04-02T09:09:19+00:00","dateModified":"2024-04-29T08:05:59+00:00","breadcrumb":{"@id":"https:\/\/www.revuemusicale.ch\/critiques\/disques\/2024\/04\/phanee-de-pool#breadcrumb"},"inLanguage":"it-IT","potentialAction":[{"@type":"ReadAction","target":["https:\/\/www.revuemusicale.ch\/critiques\/disques\/2024\/04\/phanee-de-pool"]}]},{"@type":"ImageObject","inLanguage":"it-IT","@id":"https:\/\/www.revuemusicale.ch\/critiques\/disques\/2024\/04\/phanee-de-pool#primaryimage","url":"https:\/\/www.revuemusicale.ch\/wp-content\/uploads\/2024\/03\/PdP-16-\u00a9Thomas-Bader.jpg","contentUrl":"https:\/\/www.revuemusicale.ch\/wp-content\/uploads\/2024\/03\/PdP-16-\u00a9Thomas-Bader.jpg","width":1400,"height":932},{"@type":"BreadcrumbList","@id":"https:\/\/www.revuemusicale.ch\/critiques\/disques\/2024\/04\/phanee-de-pool#breadcrumb","itemListElement":[{"@type":"ListItem","position":1,"name":"Home","item":"https:\/\/www.revuemusicale.ch\/"},{"@type":"ListItem","position":2,"name":"Approche unique de la chanson fran\u00e7aise"}]},{"@type":"WebSite","@id":"https:\/\/www.revuemusicale.ch\/#website","url":"https:\/\/www.revuemusicale.ch\/","name":"Rassegna musicale svizzera","description":"","publisher":{"@id":"https:\/\/www.revuemusicale.ch\/#organization"},"potentialAction":[{"@type":"SearchAction","target":{"@type":"EntryPoint","urlTemplate":"https:\/\/www.revuemusicale.ch\/?s={search_term_string}"},"query-input":{"@type":"PropertyValueSpecification","valueRequired":true,"valueName":"search_term_string"}}],"inLanguage":"it-IT"},{"@type":"Organization","@id":"https:\/\/www.revuemusicale.ch\/#organization","name":"Rassegna musicale svizzera","url":"https:\/\/www.revuemusicale.ch\/","logo":{"@type":"ImageObject","inLanguage":"it-IT","@id":"https:\/\/www.revuemusicale.ch\/#\/schema\/logo\/image\/","url":"https:\/\/www.revuemusicale.ch\/wp-content\/uploads\/2023\/01\/logo_revuemusicale_musikzeitung.jpg","contentUrl":"https:\/\/www.revuemusicale.ch\/wp-content\/uploads\/2023\/01\/logo_revuemusicale_musikzeitung.jpg","width":1200,"height":243,"caption":"Revue Musicale Suisse"},"image":{"@id":"https:\/\/www.revuemusicale.ch\/#\/schema\/logo\/image\/"},"sameAs":["https:\/\/www.facebook.com\/SchweizerMusikzeitung\/","https:\/\/x.com\/smusikzeitung","https:\/\/www.instagram.com\/musikzeitung.ch\/?hl=de"]},{"@type":"Person","@id":"https:\/\/www.revuemusicale.ch\/#\/schema\/person\/b2fd892c800856270b9dcc6001265712","name":"Musikzeitung-Redaktion","image":{"@type":"ImageObject","inLanguage":"it-IT","@id":"https:\/\/secure.gravatar.com\/avatar\/0c7e6a405862e402eb76a70f8a26fc732d07c32931e9fae9ab1582911d2e8a3b?s=96&d=mm&r=g","url":"https:\/\/secure.gravatar.com\/avatar\/0c7e6a405862e402eb76a70f8a26fc732d07c32931e9fae9ab1582911d2e8a3b?s=96&d=mm&r=g","contentUrl":"https:\/\/secure.gravatar.com\/avatar\/0c7e6a405862e402eb76a70f8a26fc732d07c32931e9fae9ab1582911d2e8a3b?s=96&d=mm&r=g","caption":"Musikzeitung-Redaktion"},"sameAs":["http:\/\/wundo-docker.io"],"url":"https:\/\/www.revuemusicale.ch\/it\/author\/admin"}]}},"publishpress_future_action":{"enabled":false,"date":"1970-01-01 01:00:00","action":"change-status","newStatus":"draft","terms":[],"taxonomy":"category","extraData":[]},"publishpress_future_workflow_manual_trigger":{"enabledWorkflows":[]},"_links":{"self":[{"href":"https:\/\/www.revuemusicale.ch\/it\/wp-json\/wp\/v2\/posts\/30204","targetHints":{"allow":["GET"]}}],"collection":[{"href":"https:\/\/www.revuemusicale.ch\/it\/wp-json\/wp\/v2\/posts"}],"about":[{"href":"https:\/\/www.revuemusicale.ch\/it\/wp-json\/wp\/v2\/types\/post"}],"author":[{"embeddable":true,"href":"https:\/\/www.revuemusicale.ch\/it\/wp-json\/wp\/v2\/users\/1"}],"replies":[{"embeddable":true,"href":"https:\/\/www.revuemusicale.ch\/it\/wp-json\/wp\/v2\/comments?post=30204"}],"version-history":[{"count":5,"href":"https:\/\/www.revuemusicale.ch\/it\/wp-json\/wp\/v2\/posts\/30204\/revisions"}],"predecessor-version":[{"id":30222,"href":"https:\/\/www.revuemusicale.ch\/it\/wp-json\/wp\/v2\/posts\/30204\/revisions\/30222"}],"wp:featuredmedia":[{"embeddable":true,"href":"https:\/\/www.revuemusicale.ch\/it\/wp-json\/wp\/v2\/media\/30205"}],"wp:attachment":[{"href":"https:\/\/www.revuemusicale.ch\/it\/wp-json\/wp\/v2\/media?parent=30204"}],"wp:term":[{"taxonomy":"category","embeddable":true,"href":"https:\/\/www.revuemusicale.ch\/it\/wp-json\/wp\/v2\/categories?post=30204"},{"taxonomy":"post_tag","embeddable":true,"href":"https:\/\/www.revuemusicale.ch\/it\/wp-json\/wp\/v2\/tags?post=30204"}],"curies":[{"name":"wp","href":"https:\/\/api.w.org\/{rel}","templated":true}]}}