{"id":30223,"date":"2024-04-09T11:16:50","date_gmt":"2024-04-09T09:16:50","guid":{"rendered":"https:\/\/www.revuemusicale.ch\/?p=30223"},"modified":"2024-04-15T15:36:24","modified_gmt":"2024-04-15T13:36:24","slug":"150-cornistes-sur-scene-a-geneve","status":"publish","type":"post","link":"https:\/\/www.revuemusicale.ch\/it\/news\/2024\/04\/150-cornistes-sur-scene-a-geneve","title":{"rendered":"150 suonatori di corno sul palco di Ginevra"},"content":{"rendered":"<figure id=\"attachment_30224\" aria-describedby=\"caption-attachment-30224\" style=\"width: 1117px\" class=\"wp-caption alignnone\"><img loading=\"lazy\" decoding=\"async\" class=\"wp-image-30224 size-full\" src=\"https:\/\/www.revuemusicale.ch\/wp-content\/uploads\/2024\/04\/05_Echo_Congres_Cornistes.jpg\" alt=\"\" width=\"1117\" height=\"716\" srcset=\"https:\/\/www.revuemusicale.ch\/wp-content\/uploads\/2024\/04\/05_Echo_Congres_Cornistes.jpg 1117w, https:\/\/www.revuemusicale.ch\/wp-content\/uploads\/2024\/04\/05_Echo_Congres_Cornistes-300x192.jpg 300w, https:\/\/www.revuemusicale.ch\/wp-content\/uploads\/2024\/04\/05_Echo_Congres_Cornistes-1024x656.jpg 1024w, https:\/\/www.revuemusicale.ch\/wp-content\/uploads\/2024\/04\/05_Echo_Congres_Cornistes-768x492.jpg 768w, https:\/\/www.revuemusicale.ch\/wp-content\/uploads\/2024\/04\/05_Echo_Congres_Cornistes-273x175.jpg 273w, https:\/\/www.revuemusicale.ch\/wp-content\/uploads\/2024\/04\/05_Echo_Congres_Cornistes-546x350.jpg 546w, https:\/\/www.revuemusicale.ch\/wp-content\/uploads\/2024\/04\/05_Echo_Congres_Cornistes-920x590.jpg 920w\" sizes=\"auto, (max-width: 1117px) 100vw, 1117px\" \/><figcaption id=\"caption-attachment-30224\" class=\"wp-caption-text\">Il concerto finale del Congresso ACSR. Foto: Xavier Sprungli<\/figcaption><\/figure>\n<p>\u00c8 stato un evento meraviglioso che ha accolto 150 studenti, di cui la met\u00e0 sotto i 16 anni, provenienti da oltre 20 scuole di musica diverse e da tre Paesi: Svizzera, Francia e Belgio. Ha dato luogo a numerose conferenze e trasmissioni televisive e radiofoniche. Il concerto di Reinhold Gli\u00e8re, eseguito da Matias Pi\u00f1eira accompagnato dall'Orchestra del Conservatorio di Ginevra (diretta da Gabor Takacs), \u00e8 stato un trionfo. I 150 suonatori di corno che si sono iscritti hanno anche potuto partecipare a workshop sui corni da caccia, sugli alphorn, sulla fisioterapia, su masterclass per giovani e meno giovani e sulla costruzione di strumenti. Anche gli altri concerti sono stati molto apprezzati, in particolare quello con i corni delle orchestre della regione e due creazioni dei compositori ginevrini Alexandre Mastrangelo e Christophe Sturzenegger. Il concerto finale ha riunito pi\u00f9 di 150 suonatori di corno. Questo grande weekend del corno \u00e8 stato orchestrato da un intero team, tra cui Pierre Burnet, insegnante di corno al Conservatorio di Ginevra.<\/p>\n<p>Il 3\u00b0 Congresso si terr\u00e0 nel 2026.<\/p>\n<p><a href=\"http:\/\/www.acsr-cor.com\" target=\"_blank\" rel=\"noopener\">www.acsr-cor.com<\/a><\/p>","protected":false},"excerpt":{"rendered":"<p>Il secondo congresso dell'Association des cornistes de Suisse romande si \u00e8 tenuto il 2 e 3 marzo 2024 presso il Conservatorio di musica di Ginevra. <\/p>","protected":false},"author":1,"featured_media":30224,"comment_status":"closed","ping_status":"closed","sticky":false,"template":"","format":"standard","meta":{"_acf_changed":false,"_relevanssi_hide_post":"","_relevanssi_hide_content":"","_relevanssi_pin_for_all":"","_relevanssi_pin_keywords":"","_relevanssi_unpin_keywords":"","_relevanssi_related_keywords":"","_relevanssi_related_include_ids":"","_relevanssi_related_exclude_ids":"","_relevanssi_related_no_append":"","_relevanssi_related_not_related":"","_relevanssi_related_posts":"","_relevanssi_noindex_reason":"","pgc_sgb_lightbox_settings":"","footnotes":""},"categories":[27],"tags":[1988],"class_list":["post-30223","post","type-post","status-publish","format-standard","has-post-thumbnail","hentry","category-news","tag-association-des-cornistes-de-suisse-romande"],"acf":[],"yoast_head":"<!-- This site is optimized with the Yoast SEO plugin v27.3 - https:\/\/yoast.com\/product\/yoast-seo-wordpress\/ -->\n<title>150 cornistes sur sc\u00e8ne \u00e0 Gen\u00e8ve - Revue Musicale Suisse<\/title>\n<meta name=\"robots\" content=\"index, follow, max-snippet:-1, max-image-preview:large, max-video-preview:-1\" \/>\n<link rel=\"canonical\" href=\"https:\/\/www.revuemusicale.ch\/it\/news\/2024\/04\/150-cornistes-sur-scene-a-geneve\/\" \/>\n<meta property=\"og:locale\" content=\"it_IT\" \/>\n<meta property=\"og:type\" content=\"article\" \/>\n<meta property=\"og:title\" content=\"150 cornistes sur sc\u00e8ne \u00e0 Gen\u00e8ve - Revue Musicale Suisse\" \/>\n<meta property=\"og:description\" content=\"Le deuxi\u00e8me congr\u00e8s de l\u2019Association des cornistes de Suisse romande a eu lieu les 2 et 3 mars 2024 au Conservatoire de musique de Gen\u00e8ve.\" \/>\n<meta property=\"og:url\" content=\"https:\/\/www.revuemusicale.ch\/it\/news\/2024\/04\/150-cornistes-sur-scene-a-geneve\/\" \/>\n<meta property=\"og:site_name\" content=\"Revue Musicale Suisse\" \/>\n<meta property=\"article:publisher\" content=\"https:\/\/www.facebook.com\/SchweizerMusikzeitung\/\" \/>\n<meta property=\"article:published_time\" content=\"2024-04-09T09:16:50+00:00\" \/>\n<meta property=\"article:modified_time\" content=\"2024-04-15T13:36:24+00:00\" \/>\n<meta property=\"og:image\" content=\"https:\/\/www.revuemusicale.ch\/wp-content\/uploads\/2024\/04\/05_Echo_Congres_Cornistes.jpg\" \/>\n\t<meta property=\"og:image:width\" content=\"1117\" \/>\n\t<meta property=\"og:image:height\" content=\"716\" \/>\n\t<meta property=\"og:image:type\" content=\"image\/jpeg\" \/>\n<meta name=\"author\" content=\"Musikzeitung-Redaktion\" \/>\n<meta name=\"twitter:card\" content=\"summary_large_image\" \/>\n<meta name=\"twitter:creator\" content=\"@smusikzeitung\" \/>\n<meta name=\"twitter:site\" content=\"@smusikzeitung\" \/>\n<meta name=\"twitter:label1\" content=\"Scritto da\" \/>\n\t<meta name=\"twitter:data1\" content=\"Musikzeitung-Redaktion\" \/>\n\t<meta name=\"twitter:label2\" content=\"Tempo di lettura stimato\" \/>\n\t<meta name=\"twitter:data2\" content=\"1 minuto\" \/>\n<script type=\"application\/ld+json\" class=\"yoast-schema-graph\">{\"@context\":\"https:\\\/\\\/schema.org\",\"@graph\":[{\"@type\":\"Article\",\"@id\":\"https:\\\/\\\/www.revuemusicale.ch\\\/news\\\/2024\\\/04\\\/150-cornistes-sur-scene-a-geneve#article\",\"isPartOf\":{\"@id\":\"https:\\\/\\\/www.revuemusicale.ch\\\/news\\\/2024\\\/04\\\/150-cornistes-sur-scene-a-geneve\"},\"author\":{\"name\":\"Musikzeitung-Redaktion\",\"@id\":\"https:\\\/\\\/www.revuemusicale.ch\\\/#\\\/schema\\\/person\\\/b2fd892c800856270b9dcc6001265712\"},\"headline\":\"150 cornistes sur sc\u00e8ne \u00e0 Gen\u00e8ve\",\"datePublished\":\"2024-04-09T09:16:50+00:00\",\"dateModified\":\"2024-04-15T13:36:24+00:00\",\"mainEntityOfPage\":{\"@id\":\"https:\\\/\\\/www.revuemusicale.ch\\\/news\\\/2024\\\/04\\\/150-cornistes-sur-scene-a-geneve\"},\"wordCount\":213,\"publisher\":{\"@id\":\"https:\\\/\\\/www.revuemusicale.ch\\\/#organization\"},\"image\":{\"@id\":\"https:\\\/\\\/www.revuemusicale.ch\\\/news\\\/2024\\\/04\\\/150-cornistes-sur-scene-a-geneve#primaryimage\"},\"thumbnailUrl\":\"https:\\\/\\\/www.revuemusicale.ch\\\/wp-content\\\/uploads\\\/2024\\\/04\\\/05_Echo_Congres_Cornistes.jpg\",\"keywords\":[\"Association des cornistes de Suisse romande\"],\"articleSection\":[\"News\"],\"inLanguage\":\"it-IT\"},{\"@type\":\"WebPage\",\"@id\":\"https:\\\/\\\/www.revuemusicale.ch\\\/news\\\/2024\\\/04\\\/150-cornistes-sur-scene-a-geneve\",\"url\":\"https:\\\/\\\/www.revuemusicale.ch\\\/news\\\/2024\\\/04\\\/150-cornistes-sur-scene-a-geneve\",\"name\":\"150 cornistes sur sc\u00e8ne \u00e0 Gen\u00e8ve - Revue Musicale Suisse\",\"isPartOf\":{\"@id\":\"https:\\\/\\\/www.revuemusicale.ch\\\/#website\"},\"primaryImageOfPage\":{\"@id\":\"https:\\\/\\\/www.revuemusicale.ch\\\/news\\\/2024\\\/04\\\/150-cornistes-sur-scene-a-geneve#primaryimage\"},\"image\":{\"@id\":\"https:\\\/\\\/www.revuemusicale.ch\\\/news\\\/2024\\\/04\\\/150-cornistes-sur-scene-a-geneve#primaryimage\"},\"thumbnailUrl\":\"https:\\\/\\\/www.revuemusicale.ch\\\/wp-content\\\/uploads\\\/2024\\\/04\\\/05_Echo_Congres_Cornistes.jpg\",\"datePublished\":\"2024-04-09T09:16:50+00:00\",\"dateModified\":\"2024-04-15T13:36:24+00:00\",\"breadcrumb\":{\"@id\":\"https:\\\/\\\/www.revuemusicale.ch\\\/news\\\/2024\\\/04\\\/150-cornistes-sur-scene-a-geneve#breadcrumb\"},\"inLanguage\":\"it-IT\",\"potentialAction\":[{\"@type\":\"ReadAction\",\"target\":[\"https:\\\/\\\/www.revuemusicale.ch\\\/news\\\/2024\\\/04\\\/150-cornistes-sur-scene-a-geneve\"]}]},{\"@type\":\"ImageObject\",\"inLanguage\":\"it-IT\",\"@id\":\"https:\\\/\\\/www.revuemusicale.ch\\\/news\\\/2024\\\/04\\\/150-cornistes-sur-scene-a-geneve#primaryimage\",\"url\":\"https:\\\/\\\/www.revuemusicale.ch\\\/wp-content\\\/uploads\\\/2024\\\/04\\\/05_Echo_Congres_Cornistes.jpg\",\"contentUrl\":\"https:\\\/\\\/www.revuemusicale.ch\\\/wp-content\\\/uploads\\\/2024\\\/04\\\/05_Echo_Congres_Cornistes.jpg\",\"width\":1117,\"height\":716},{\"@type\":\"BreadcrumbList\",\"@id\":\"https:\\\/\\\/www.revuemusicale.ch\\\/news\\\/2024\\\/04\\\/150-cornistes-sur-scene-a-geneve#breadcrumb\",\"itemListElement\":[{\"@type\":\"ListItem\",\"position\":1,\"name\":\"Home\",\"item\":\"https:\\\/\\\/www.revuemusicale.ch\\\/\"},{\"@type\":\"ListItem\",\"position\":2,\"name\":\"150 cornistes sur sc\u00e8ne \u00e0 Gen\u00e8ve\"}]},{\"@type\":\"WebSite\",\"@id\":\"https:\\\/\\\/www.revuemusicale.ch\\\/#website\",\"url\":\"https:\\\/\\\/www.revuemusicale.ch\\\/\",\"name\":\"Revue Musicale Suisse\",\"description\":\"\",\"publisher\":{\"@id\":\"https:\\\/\\\/www.revuemusicale.ch\\\/#organization\"},\"potentialAction\":[{\"@type\":\"SearchAction\",\"target\":{\"@type\":\"EntryPoint\",\"urlTemplate\":\"https:\\\/\\\/www.revuemusicale.ch\\\/?s={search_term_string}\"},\"query-input\":{\"@type\":\"PropertyValueSpecification\",\"valueRequired\":true,\"valueName\":\"search_term_string\"}}],\"inLanguage\":\"it-IT\"},{\"@type\":\"Organization\",\"@id\":\"https:\\\/\\\/www.revuemusicale.ch\\\/#organization\",\"name\":\"Revue Musicale Suisse\",\"url\":\"https:\\\/\\\/www.revuemusicale.ch\\\/\",\"logo\":{\"@type\":\"ImageObject\",\"inLanguage\":\"it-IT\",\"@id\":\"https:\\\/\\\/www.revuemusicale.ch\\\/#\\\/schema\\\/logo\\\/image\\\/\",\"url\":\"https:\\\/\\\/www.revuemusicale.ch\\\/wp-content\\\/uploads\\\/2023\\\/01\\\/logo_revuemusicale_musikzeitung.jpg\",\"contentUrl\":\"https:\\\/\\\/www.revuemusicale.ch\\\/wp-content\\\/uploads\\\/2023\\\/01\\\/logo_revuemusicale_musikzeitung.jpg\",\"width\":1200,\"height\":243,\"caption\":\"Revue Musicale Suisse\"},\"image\":{\"@id\":\"https:\\\/\\\/www.revuemusicale.ch\\\/#\\\/schema\\\/logo\\\/image\\\/\"},\"sameAs\":[\"https:\\\/\\\/www.facebook.com\\\/SchweizerMusikzeitung\\\/\",\"https:\\\/\\\/x.com\\\/smusikzeitung\",\"https:\\\/\\\/www.instagram.com\\\/musikzeitung.ch\\\/?hl=de\"]},{\"@type\":\"Person\",\"@id\":\"https:\\\/\\\/www.revuemusicale.ch\\\/#\\\/schema\\\/person\\\/b2fd892c800856270b9dcc6001265712\",\"name\":\"Musikzeitung-Redaktion\",\"image\":{\"@type\":\"ImageObject\",\"inLanguage\":\"it-IT\",\"@id\":\"https:\\\/\\\/secure.gravatar.com\\\/avatar\\\/0c7e6a405862e402eb76a70f8a26fc732d07c32931e9fae9ab1582911d2e8a3b?s=96&d=mm&r=g\",\"url\":\"https:\\\/\\\/secure.gravatar.com\\\/avatar\\\/0c7e6a405862e402eb76a70f8a26fc732d07c32931e9fae9ab1582911d2e8a3b?s=96&d=mm&r=g\",\"contentUrl\":\"https:\\\/\\\/secure.gravatar.com\\\/avatar\\\/0c7e6a405862e402eb76a70f8a26fc732d07c32931e9fae9ab1582911d2e8a3b?s=96&d=mm&r=g\",\"caption\":\"Musikzeitung-Redaktion\"},\"sameAs\":[\"http:\\\/\\\/wundo-docker.io\"],\"url\":\"https:\\\/\\\/www.revuemusicale.ch\\\/it\\\/author\\\/admin\"}]}<\/script>\n<!-- \/ Yoast SEO plugin. -->","yoast_head_json":{"title":"150 cornistes sur sc\u00e8ne \u00e0 Gen\u00e8ve - Revue Musicale Suisse","robots":{"index":"index","follow":"follow","max-snippet":"max-snippet:-1","max-image-preview":"max-image-preview:large","max-video-preview":"max-video-preview:-1"},"canonical":"https:\/\/www.revuemusicale.ch\/it\/news\/2024\/04\/150-cornistes-sur-scene-a-geneve\/","og_locale":"it_IT","og_type":"article","og_title":"150 cornistes sur sc\u00e8ne \u00e0 Gen\u00e8ve - Revue Musicale Suisse","og_description":"Le deuxi\u00e8me congr\u00e8s de l\u2019Association des cornistes de Suisse romande a eu lieu les 2 et 3 mars 2024 au Conservatoire de musique de Gen\u00e8ve.","og_url":"https:\/\/www.revuemusicale.ch\/it\/news\/2024\/04\/150-cornistes-sur-scene-a-geneve\/","og_site_name":"Revue Musicale Suisse","article_publisher":"https:\/\/www.facebook.com\/SchweizerMusikzeitung\/","article_published_time":"2024-04-09T09:16:50+00:00","article_modified_time":"2024-04-15T13:36:24+00:00","og_image":[{"width":1117,"height":716,"url":"https:\/\/www.revuemusicale.ch\/wp-content\/uploads\/2024\/04\/05_Echo_Congres_Cornistes.jpg","type":"image\/jpeg"}],"author":"Musikzeitung-Redaktion","twitter_card":"summary_large_image","twitter_creator":"@smusikzeitung","twitter_site":"@smusikzeitung","twitter_misc":{"Scritto da":"Musikzeitung-Redaktion","Tempo di lettura stimato":"1 minuto"},"schema":{"@context":"https:\/\/schema.org","@graph":[{"@type":"Article","@id":"https:\/\/www.revuemusicale.ch\/news\/2024\/04\/150-cornistes-sur-scene-a-geneve#article","isPartOf":{"@id":"https:\/\/www.revuemusicale.ch\/news\/2024\/04\/150-cornistes-sur-scene-a-geneve"},"author":{"name":"Musikzeitung-Redaktion","@id":"https:\/\/www.revuemusicale.ch\/#\/schema\/person\/b2fd892c800856270b9dcc6001265712"},"headline":"150 cornistes sur sc\u00e8ne \u00e0 Gen\u00e8ve","datePublished":"2024-04-09T09:16:50+00:00","dateModified":"2024-04-15T13:36:24+00:00","mainEntityOfPage":{"@id":"https:\/\/www.revuemusicale.ch\/news\/2024\/04\/150-cornistes-sur-scene-a-geneve"},"wordCount":213,"publisher":{"@id":"https:\/\/www.revuemusicale.ch\/#organization"},"image":{"@id":"https:\/\/www.revuemusicale.ch\/news\/2024\/04\/150-cornistes-sur-scene-a-geneve#primaryimage"},"thumbnailUrl":"https:\/\/www.revuemusicale.ch\/wp-content\/uploads\/2024\/04\/05_Echo_Congres_Cornistes.jpg","keywords":["Association des cornistes de Suisse romande"],"articleSection":["News"],"inLanguage":"it-IT"},{"@type":"WebPage","@id":"https:\/\/www.revuemusicale.ch\/news\/2024\/04\/150-cornistes-sur-scene-a-geneve","url":"https:\/\/www.revuemusicale.ch\/news\/2024\/04\/150-cornistes-sur-scene-a-geneve","name":"150 cornistes sur sc\u00e8ne \u00e0 Gen\u00e8ve - Revue Musicale Suisse","isPartOf":{"@id":"https:\/\/www.revuemusicale.ch\/#website"},"primaryImageOfPage":{"@id":"https:\/\/www.revuemusicale.ch\/news\/2024\/04\/150-cornistes-sur-scene-a-geneve#primaryimage"},"image":{"@id":"https:\/\/www.revuemusicale.ch\/news\/2024\/04\/150-cornistes-sur-scene-a-geneve#primaryimage"},"thumbnailUrl":"https:\/\/www.revuemusicale.ch\/wp-content\/uploads\/2024\/04\/05_Echo_Congres_Cornistes.jpg","datePublished":"2024-04-09T09:16:50+00:00","dateModified":"2024-04-15T13:36:24+00:00","breadcrumb":{"@id":"https:\/\/www.revuemusicale.ch\/news\/2024\/04\/150-cornistes-sur-scene-a-geneve#breadcrumb"},"inLanguage":"it-IT","potentialAction":[{"@type":"ReadAction","target":["https:\/\/www.revuemusicale.ch\/news\/2024\/04\/150-cornistes-sur-scene-a-geneve"]}]},{"@type":"ImageObject","inLanguage":"it-IT","@id":"https:\/\/www.revuemusicale.ch\/news\/2024\/04\/150-cornistes-sur-scene-a-geneve#primaryimage","url":"https:\/\/www.revuemusicale.ch\/wp-content\/uploads\/2024\/04\/05_Echo_Congres_Cornistes.jpg","contentUrl":"https:\/\/www.revuemusicale.ch\/wp-content\/uploads\/2024\/04\/05_Echo_Congres_Cornistes.jpg","width":1117,"height":716},{"@type":"BreadcrumbList","@id":"https:\/\/www.revuemusicale.ch\/news\/2024\/04\/150-cornistes-sur-scene-a-geneve#breadcrumb","itemListElement":[{"@type":"ListItem","position":1,"name":"Home","item":"https:\/\/www.revuemusicale.ch\/"},{"@type":"ListItem","position":2,"name":"150 cornistes sur sc\u00e8ne \u00e0 Gen\u00e8ve"}]},{"@type":"WebSite","@id":"https:\/\/www.revuemusicale.ch\/#website","url":"https:\/\/www.revuemusicale.ch\/","name":"Rassegna musicale svizzera","description":"","publisher":{"@id":"https:\/\/www.revuemusicale.ch\/#organization"},"potentialAction":[{"@type":"SearchAction","target":{"@type":"EntryPoint","urlTemplate":"https:\/\/www.revuemusicale.ch\/?s={search_term_string}"},"query-input":{"@type":"PropertyValueSpecification","valueRequired":true,"valueName":"search_term_string"}}],"inLanguage":"it-IT"},{"@type":"Organization","@id":"https:\/\/www.revuemusicale.ch\/#organization","name":"Rassegna musicale svizzera","url":"https:\/\/www.revuemusicale.ch\/","logo":{"@type":"ImageObject","inLanguage":"it-IT","@id":"https:\/\/www.revuemusicale.ch\/#\/schema\/logo\/image\/","url":"https:\/\/www.revuemusicale.ch\/wp-content\/uploads\/2023\/01\/logo_revuemusicale_musikzeitung.jpg","contentUrl":"https:\/\/www.revuemusicale.ch\/wp-content\/uploads\/2023\/01\/logo_revuemusicale_musikzeitung.jpg","width":1200,"height":243,"caption":"Revue Musicale Suisse"},"image":{"@id":"https:\/\/www.revuemusicale.ch\/#\/schema\/logo\/image\/"},"sameAs":["https:\/\/www.facebook.com\/SchweizerMusikzeitung\/","https:\/\/x.com\/smusikzeitung","https:\/\/www.instagram.com\/musikzeitung.ch\/?hl=de"]},{"@type":"Person","@id":"https:\/\/www.revuemusicale.ch\/#\/schema\/person\/b2fd892c800856270b9dcc6001265712","name":"Musikzeitung-Redaktion","image":{"@type":"ImageObject","inLanguage":"it-IT","@id":"https:\/\/secure.gravatar.com\/avatar\/0c7e6a405862e402eb76a70f8a26fc732d07c32931e9fae9ab1582911d2e8a3b?s=96&d=mm&r=g","url":"https:\/\/secure.gravatar.com\/avatar\/0c7e6a405862e402eb76a70f8a26fc732d07c32931e9fae9ab1582911d2e8a3b?s=96&d=mm&r=g","contentUrl":"https:\/\/secure.gravatar.com\/avatar\/0c7e6a405862e402eb76a70f8a26fc732d07c32931e9fae9ab1582911d2e8a3b?s=96&d=mm&r=g","caption":"Musikzeitung-Redaktion"},"sameAs":["http:\/\/wundo-docker.io"],"url":"https:\/\/www.revuemusicale.ch\/it\/author\/admin"}]}},"publishpress_future_action":{"enabled":false,"date":"1970-01-01 01:00:00","action":"change-status","newStatus":"draft","terms":[],"taxonomy":"category","extraData":[]},"publishpress_future_workflow_manual_trigger":{"enabledWorkflows":[]},"_links":{"self":[{"href":"https:\/\/www.revuemusicale.ch\/it\/wp-json\/wp\/v2\/posts\/30223","targetHints":{"allow":["GET"]}}],"collection":[{"href":"https:\/\/www.revuemusicale.ch\/it\/wp-json\/wp\/v2\/posts"}],"about":[{"href":"https:\/\/www.revuemusicale.ch\/it\/wp-json\/wp\/v2\/types\/post"}],"author":[{"embeddable":true,"href":"https:\/\/www.revuemusicale.ch\/it\/wp-json\/wp\/v2\/users\/1"}],"replies":[{"embeddable":true,"href":"https:\/\/www.revuemusicale.ch\/it\/wp-json\/wp\/v2\/comments?post=30223"}],"version-history":[{"count":2,"href":"https:\/\/www.revuemusicale.ch\/it\/wp-json\/wp\/v2\/posts\/30223\/revisions"}],"predecessor-version":[{"id":30230,"href":"https:\/\/www.revuemusicale.ch\/it\/wp-json\/wp\/v2\/posts\/30223\/revisions\/30230"}],"wp:featuredmedia":[{"embeddable":true,"href":"https:\/\/www.revuemusicale.ch\/it\/wp-json\/wp\/v2\/media\/30224"}],"wp:attachment":[{"href":"https:\/\/www.revuemusicale.ch\/it\/wp-json\/wp\/v2\/media?parent=30223"}],"wp:term":[{"taxonomy":"category","embeddable":true,"href":"https:\/\/www.revuemusicale.ch\/it\/wp-json\/wp\/v2\/categories?post=30223"},{"taxonomy":"post_tag","embeddable":true,"href":"https:\/\/www.revuemusicale.ch\/it\/wp-json\/wp\/v2\/tags?post=30223"}],"curies":[{"name":"wp","href":"https:\/\/api.w.org\/{rel}","templated":true}]}}