{"id":30376,"date":"2024-06-26T09:00:42","date_gmt":"2024-06-26T07:00:42","guid":{"rendered":"https:\/\/www.revuemusicale.ch\/?p=30376"},"modified":"2024-10-22T11:24:18","modified_gmt":"2024-10-22T09:24:18","slug":"numero-07_08-2024-focus-villegiature","status":"publish","type":"post","link":"https:\/\/www.revuemusicale.ch\/it\/smz\/2024\/06\/numero-07_08-2024-focus-villegiature","title":{"rendered":"Edizione 07_08\/2024 - Focus sugli alloggi per vacanze"},"content":{"rendered":"<figure id=\"attachment_55509\" aria-describedby=\"caption-attachment-55509\" style=\"width: 2361px\" class=\"wp-caption alignleft\"><img loading=\"lazy\" decoding=\"async\" class=\"wp-image-55509 size-full\" src=\"https:\/\/www.musikzeitung.ch\/wp-content\/uploads\/2024\/06\/SMZ-07-08-24_Cover_Web.jpg\" alt=\"\" width=\"2361\" height=\"1636\" \/><figcaption id=\"caption-attachment-55509\" class=\"wp-caption-text\">Lena Fischer, fotografata da Holger Jacob<\/figcaption><\/figure>\n<h3>Inhaltsverzeichnis<\/h3>\n<h3><strong>Focus<\/strong><\/h3>\n<p class=\"InhaltLauftextInhalt\"><em><strong><span class=\"InhaltklTitelSprachekursiv\"><span lang=\"DE-CH\">Tutto pu\u00f2 essere pianificato, tranne il tempo<br \/>\n<\/span><\/span><\/strong><span class=\"InhaltLauftextSprache\"><span lang=\"DE-CH\">Intervista a Lena Fischer sul Gurtenfestival<\/span><\/span><\/em><\/p>\n<p class=\"InhaltLauftextInhalt\"><strong><span class=\"InhaltklTitelundSeitenzahl\"><span lang=\"DE-CH\">Un po' di poesia in citt\u00e0<br \/>\n<\/span><\/span><\/strong><span lang=\"DE-CH\">Pianoforti smarriti a Ginevra<\/span><\/p>\n<p class=\"InhaltLauftextInhalt\"><strong><span class=\"InhaltklTitelundSeitenzahl\"><span lang=\"DE-CH\">Freschezza estiva con George Sand<br \/>\n<\/span><\/span><\/strong><span lang=\"DE-CH\">Chopin e la cr\u00e8me de la cr\u00e8me della scena culturale del XIX secolo<sup>e<\/sup> secolo si sono incontrati a Nohant<\/span><\/p>\n<p class=\"InhaltLauftextInhalt\"><em><strong><span class=\"InhaltklTitelSprachekursiv\"><span lang=\"DE-CH\">Tubi per camicie<br \/>\n<\/span><\/span><\/strong><span class=\"InhaltLauftextSprache\"><span lang=\"DE-CH\">Hanno successo solo se il calore, l'alcol e la libido alterano il buon gusto.<\/span><\/span><\/em><\/p>\n<p><em>(corsivo = riassunti francesi di articoli tedeschi)<\/em><\/p>\n<h3><strong>Recensioni<\/strong><\/h3>\n<p><a href=\"https:\/\/www.revuemusicale.ch\/it\/critiques\/\">Recensioni di libri, dischi e spartiti<\/a><\/p>\n<h3><strong>Eco<\/strong><\/h3>\n<p><a href=\"https:\/\/www.revuemusicale.ch\/it\/dossiers\/2024\/06\/barbara-hannigan-et-golfam-khayam-a-la-residence-voix-2024\/\" target=\"_blank\" rel=\"noopener\"><strong>Residenza Voix 2024<br \/>\n<\/strong>Golfam Khayam e Barbara Hannigan al Festival d'Aix-en-Provence<\/a><\/p>\n<h3><strong><br \/>\nBase<\/strong><\/h3>\n<p>Articoli e notizie dalle associazioni<\/p>\n<p><a href=\"https:\/\/www.musikzeitung.ch\/basis\/eov\/\" target=\"_blank\" rel=\"noopener\">Eidgen\u00f6ssischer Orchesterverband (EOV) \/ Soci\u00e9t\u00e9 F\u00e9d\u00e9rale des Orchestres (SFO)<\/a><\/p>\n<p><a href=\"https:\/\/www.musikzeitung.ch\/basis\/kmhs\" target=\"_blank\" rel=\"noopener\">Konferenz Musikhochschulen Schweiz (KMHS) \/ Conferenza delle universit\u00e0 svizzere di musica (CHEMS)<\/a><\/p>\n<p><a href=\"https:\/\/www.musikzeitung.ch\/basis\/kalaidos\/\" target=\"_blank\" rel=\"noopener\">Kalaidos Musikhochschule \/ Collegio di musica Kalaidos<\/a><\/p>\n<p><a href=\"https:\/\/www.musikzeitung.ch\/basis\/smr\/\" target=\"_blank\" rel=\"noopener\">Schweizer Musikrat (SMR) \/ Consiglio svizzero della musica (CSM)<\/a><\/p>\n<p><a href=\"https:\/\/www.musikzeitung.ch\/basis\/chorama\/\" target=\"_blank\" rel=\"noopener\">CHorama<\/a><\/p>\n<p><a href=\"https:\/\/www.musikzeitung.ch\/basis\/smm\/\" target=\"_blank\" rel=\"noopener\">Schweizerische Gesellschaft f\u00fcr Musik-Medizin (SMM) \/ Associazione svizzera di medicina musicale (SMM)<\/a><\/p>\n<p><a href=\"https:\/\/www.musikzeitung.ch\/basis\/smg\/\" target=\"_blank\" rel=\"noopener\">Schweizerische Musikforschende Gesellschaft (SMG) \/ Societ\u00e0 svizzera di musicologia (SSM)<\/a><\/p>\n<p><a href=\"https:\/\/www.musikzeitung.ch\/basis\/smv\/\" target=\"_blank\" rel=\"noopener\">Schweizerischer Musikerverband (SMV) \/ Unione Svizzera dei Musicisti (USDAM)<\/a><\/p>\n<p><a href=\"https:\/\/www.musikzeitung.ch\/basis\/smpv\/\" target=\"_blank\" rel=\"noopener\">Schweizerischer Musikp\u00e4dagogischer Verband (SMPV) \/ Societ\u00e0 svizzera di pedagogia musicale (SSPM)<\/a><\/p>\n<p><a href=\"https:\/\/www.musikzeitung.ch\/basis\/sonart\/\" target=\"_blank\" rel=\"noopener\">SONART - Musikschaffende Schweiz<\/a><\/p>\n<p><a href=\"https:\/\/www.musikzeitung.ch\/basis\/sjmw\/\" target=\"_blank\" rel=\"noopener\">Stiftung Schweizerischer Jugendmusikwettbewerb (SJMW)<\/a><\/p>\n<p><a href=\"https:\/\/www.musikzeitung.ch\/basis\/arosa-kultur\/\" target=\"_blank\" rel=\"noopener\">Arosa Kultur<\/a><\/p>\n<p><a href=\"https:\/\/www.musikzeitung.ch\/basis\/suisa\/\" target=\"_blank\" rel=\"noopener\">SUISA - Societ\u00e0 dei musicisti e dei lettori di musica<\/a><\/p>\n<p><a href=\"https:\/\/www.musikzeitung.ch\/basis\/vms\/\" target=\"_blank\" rel=\"noopener\">Verband Musikschulen Schweiz (VMS) \/ Associazione svizzera delle scuole di musica (ASEM)<\/a><\/p>\n<p>&nbsp;<\/p>\n<p><strong>Destinazione da sogno<br \/>\n<\/strong>L'indovinello di Michael Kube<\/p>\n<p>________________________________________<\/p>\n<p><a href=\"mailto:contact@musikzeitung.ch\"><strong>Ordinate questo numero per CHF 8.- (+ CHF 2.- di spese postali)<\/strong><\/a><\/p>","protected":false},"excerpt":{"rendered":"<p>Inhaltsverzeichnis Focus On peut tout planifier, sauf la \u00adm\u00e9t\u00e9o Interview de Lena Fischer au sujet du Gurtenfestival Un peu de po\u00e9sie en ville Les pianos \u00e9gar\u00e9s \u00e0 Gen\u00e8ve Fra\u00eecheur estivale avec George Sand Chopin et la cr\u00e8me de la cr\u00e8me de la sc\u00e8ne culturelle du 19e si\u00e8cle se sont r\u00e9unis \u00e0 Nohant Tubes de maillots [&hellip;]<\/p>\n","protected":false},"author":1,"featured_media":30409,"comment_status":"closed","ping_status":"closed","sticky":false,"template":"","format":"standard","meta":{"_acf_changed":false,"_relevanssi_hide_post":"","_relevanssi_hide_content":"","_relevanssi_pin_for_all":"","_relevanssi_pin_keywords":"","_relevanssi_unpin_keywords":"","_relevanssi_related_keywords":"","_relevanssi_related_include_ids":"","_relevanssi_related_exclude_ids":"","_relevanssi_related_no_append":"","_relevanssi_related_not_related":"","_relevanssi_related_posts":"","_relevanssi_noindex_reason":"","pgc_sgb_lightbox_settings":"","footnotes":""},"categories":[1565],"tags":[2056,2057,2058,2059,2060,2061,2062,2063,2064,2065,2066,2067,2068,2069,2070,2071],"class_list":["post-30376","post","type-post","status-publish","format-standard","has-post-thumbnail","hentry","category-smz","tag-barbara-hannigan","tag-cornelius-cardew","tag-daniel-ott","tag-franz-liszt","tag-frederic-chopin","tag-george-sand","tag-golfam-khayam","tag-gurtenfestival","tag-lena-fischer","tag-manos-tsangaris","tag-munchener-biennale","tag-nohant","tag-pianos-egares","tag-schlager","tag-sommerhit","tag-tube-de-lete"],"acf":[],"yoast_head":"<!-- This site is optimized with the Yoast SEO plugin v27.3 - https:\/\/yoast.com\/product\/yoast-seo-wordpress\/ -->\n<title>Num\u00e9ro 07_08\/2024 \u2013 Focus \u00abvill\u00e9giature\u00bb - Revue Musicale Suisse<\/title>\n<meta name=\"robots\" content=\"index, follow, max-snippet:-1, max-image-preview:large, max-video-preview:-1\" \/>\n<link rel=\"canonical\" href=\"https:\/\/www.revuemusicale.ch\/it\/smz\/2024\/06\/numero-07_08-2024-focus-villegiature\/\" \/>\n<meta property=\"og:locale\" content=\"it_IT\" \/>\n<meta property=\"og:type\" content=\"article\" \/>\n<meta property=\"og:title\" content=\"Num\u00e9ro 07_08\/2024 \u2013 Focus \u00abvill\u00e9giature\u00bb - Revue Musicale Suisse\" \/>\n<meta property=\"og:description\" content=\"Inhaltsverzeichnis Focus On peut tout planifier, sauf la \u00adm\u00e9t\u00e9o Interview de Lena Fischer au sujet du Gurtenfestival Un peu de po\u00e9sie en ville Les pianos \u00e9gar\u00e9s \u00e0 Gen\u00e8ve Fra\u00eecheur estivale avec George Sand Chopin et la cr\u00e8me de la cr\u00e8me de la sc\u00e8ne culturelle du 19e si\u00e8cle se sont r\u00e9unis \u00e0 Nohant Tubes de maillots [&hellip;]\" \/>\n<meta property=\"og:url\" content=\"https:\/\/www.revuemusicale.ch\/it\/smz\/2024\/06\/numero-07_08-2024-focus-villegiature\/\" \/>\n<meta property=\"og:site_name\" content=\"Revue Musicale Suisse\" \/>\n<meta property=\"article:publisher\" content=\"https:\/\/www.facebook.com\/SchweizerMusikzeitung\/\" \/>\n<meta property=\"article:published_time\" content=\"2024-06-26T07:00:42+00:00\" \/>\n<meta property=\"article:modified_time\" content=\"2024-10-22T09:24:18+00:00\" \/>\n<meta property=\"og:image\" content=\"https:\/\/www.revuemusicale.ch\/wp-content\/uploads\/2024\/06\/SMZ-07-08-24_Cover_Web.jpg\" \/>\n\t<meta property=\"og:image:width\" content=\"1400\" \/>\n\t<meta property=\"og:image:height\" content=\"970\" \/>\n\t<meta property=\"og:image:type\" content=\"image\/jpeg\" \/>\n<meta name=\"author\" content=\"Musikzeitung-Redaktion\" \/>\n<meta name=\"twitter:card\" content=\"summary_large_image\" \/>\n<meta name=\"twitter:creator\" content=\"@smusikzeitung\" \/>\n<meta name=\"twitter:site\" content=\"@smusikzeitung\" \/>\n<meta name=\"twitter:label1\" content=\"Scritto da\" \/>\n\t<meta name=\"twitter:data1\" content=\"Musikzeitung-Redaktion\" \/>\n\t<meta name=\"twitter:label2\" content=\"Tempo di lettura stimato\" \/>\n\t<meta name=\"twitter:data2\" content=\"2 minuti\" \/>\n<script type=\"application\/ld+json\" class=\"yoast-schema-graph\">{\"@context\":\"https:\\\/\\\/schema.org\",\"@graph\":[{\"@type\":\"Article\",\"@id\":\"https:\\\/\\\/www.revuemusicale.ch\\\/smz\\\/2024\\\/06\\\/numero-07_08-2024-focus-villegiature#article\",\"isPartOf\":{\"@id\":\"https:\\\/\\\/www.revuemusicale.ch\\\/smz\\\/2024\\\/06\\\/numero-07_08-2024-focus-villegiature\"},\"author\":{\"name\":\"Musikzeitung-Redaktion\",\"@id\":\"https:\\\/\\\/www.revuemusicale.ch\\\/#\\\/schema\\\/person\\\/b2fd892c800856270b9dcc6001265712\"},\"headline\":\"Num\u00e9ro 07_08\\\/2024 \u2013 Focus \u00abvill\u00e9giature\u00bb\",\"datePublished\":\"2024-06-26T07:00:42+00:00\",\"dateModified\":\"2024-10-22T09:24:18+00:00\",\"mainEntityOfPage\":{\"@id\":\"https:\\\/\\\/www.revuemusicale.ch\\\/smz\\\/2024\\\/06\\\/numero-07_08-2024-focus-villegiature\"},\"wordCount\":280,\"publisher\":{\"@id\":\"https:\\\/\\\/www.revuemusicale.ch\\\/#organization\"},\"image\":{\"@id\":\"https:\\\/\\\/www.revuemusicale.ch\\\/smz\\\/2024\\\/06\\\/numero-07_08-2024-focus-villegiature#primaryimage\"},\"thumbnailUrl\":\"https:\\\/\\\/www.revuemusicale.ch\\\/wp-content\\\/uploads\\\/2024\\\/06\\\/SMZ-07-08-24_Cover_Web.jpg\",\"keywords\":[\"Barbara Hannigan\",\"Cornelius Cardew\",\"Daniel Ott\",\"Franz Liszt\",\"Fr\u00e9d\u00e9ric Chopin\",\"George Sand\",\"Golfam Khayam\",\"Gurtenfestival\",\"Lena Fischer\",\"Manos Tsangaris\",\"M\u00fcnchener Biennale\",\"Nohant\",\"Pianos \u00e9gar\u00e9s\",\"Schlager\",\"Sommerhit\",\"Tube de l'\u00e9t\u00e9\"],\"articleSection\":[\"SMZ\"],\"inLanguage\":\"it-IT\"},{\"@type\":\"WebPage\",\"@id\":\"https:\\\/\\\/www.revuemusicale.ch\\\/smz\\\/2024\\\/06\\\/numero-07_08-2024-focus-villegiature\",\"url\":\"https:\\\/\\\/www.revuemusicale.ch\\\/smz\\\/2024\\\/06\\\/numero-07_08-2024-focus-villegiature\",\"name\":\"Num\u00e9ro 07_08\\\/2024 \u2013 Focus \u00abvill\u00e9giature\u00bb - Revue Musicale Suisse\",\"isPartOf\":{\"@id\":\"https:\\\/\\\/www.revuemusicale.ch\\\/#website\"},\"primaryImageOfPage\":{\"@id\":\"https:\\\/\\\/www.revuemusicale.ch\\\/smz\\\/2024\\\/06\\\/numero-07_08-2024-focus-villegiature#primaryimage\"},\"image\":{\"@id\":\"https:\\\/\\\/www.revuemusicale.ch\\\/smz\\\/2024\\\/06\\\/numero-07_08-2024-focus-villegiature#primaryimage\"},\"thumbnailUrl\":\"https:\\\/\\\/www.revuemusicale.ch\\\/wp-content\\\/uploads\\\/2024\\\/06\\\/SMZ-07-08-24_Cover_Web.jpg\",\"datePublished\":\"2024-06-26T07:00:42+00:00\",\"dateModified\":\"2024-10-22T09:24:18+00:00\",\"breadcrumb\":{\"@id\":\"https:\\\/\\\/www.revuemusicale.ch\\\/smz\\\/2024\\\/06\\\/numero-07_08-2024-focus-villegiature#breadcrumb\"},\"inLanguage\":\"it-IT\",\"potentialAction\":[{\"@type\":\"ReadAction\",\"target\":[\"https:\\\/\\\/www.revuemusicale.ch\\\/smz\\\/2024\\\/06\\\/numero-07_08-2024-focus-villegiature\"]}]},{\"@type\":\"ImageObject\",\"inLanguage\":\"it-IT\",\"@id\":\"https:\\\/\\\/www.revuemusicale.ch\\\/smz\\\/2024\\\/06\\\/numero-07_08-2024-focus-villegiature#primaryimage\",\"url\":\"https:\\\/\\\/www.revuemusicale.ch\\\/wp-content\\\/uploads\\\/2024\\\/06\\\/SMZ-07-08-24_Cover_Web.jpg\",\"contentUrl\":\"https:\\\/\\\/www.revuemusicale.ch\\\/wp-content\\\/uploads\\\/2024\\\/06\\\/SMZ-07-08-24_Cover_Web.jpg\",\"width\":1400,\"height\":970},{\"@type\":\"BreadcrumbList\",\"@id\":\"https:\\\/\\\/www.revuemusicale.ch\\\/smz\\\/2024\\\/06\\\/numero-07_08-2024-focus-villegiature#breadcrumb\",\"itemListElement\":[{\"@type\":\"ListItem\",\"position\":1,\"name\":\"Home\",\"item\":\"https:\\\/\\\/www.revuemusicale.ch\\\/\"},{\"@type\":\"ListItem\",\"position\":2,\"name\":\"Num\u00e9ro 07_08\\\/2024 \u2013 Focus \u00abvill\u00e9giature\u00bb\"}]},{\"@type\":\"WebSite\",\"@id\":\"https:\\\/\\\/www.revuemusicale.ch\\\/#website\",\"url\":\"https:\\\/\\\/www.revuemusicale.ch\\\/\",\"name\":\"Revue Musicale Suisse\",\"description\":\"\",\"publisher\":{\"@id\":\"https:\\\/\\\/www.revuemusicale.ch\\\/#organization\"},\"potentialAction\":[{\"@type\":\"SearchAction\",\"target\":{\"@type\":\"EntryPoint\",\"urlTemplate\":\"https:\\\/\\\/www.revuemusicale.ch\\\/?s={search_term_string}\"},\"query-input\":{\"@type\":\"PropertyValueSpecification\",\"valueRequired\":true,\"valueName\":\"search_term_string\"}}],\"inLanguage\":\"it-IT\"},{\"@type\":\"Organization\",\"@id\":\"https:\\\/\\\/www.revuemusicale.ch\\\/#organization\",\"name\":\"Revue Musicale Suisse\",\"url\":\"https:\\\/\\\/www.revuemusicale.ch\\\/\",\"logo\":{\"@type\":\"ImageObject\",\"inLanguage\":\"it-IT\",\"@id\":\"https:\\\/\\\/www.revuemusicale.ch\\\/#\\\/schema\\\/logo\\\/image\\\/\",\"url\":\"https:\\\/\\\/www.revuemusicale.ch\\\/wp-content\\\/uploads\\\/2023\\\/01\\\/logo_revuemusicale_musikzeitung.jpg\",\"contentUrl\":\"https:\\\/\\\/www.revuemusicale.ch\\\/wp-content\\\/uploads\\\/2023\\\/01\\\/logo_revuemusicale_musikzeitung.jpg\",\"width\":1200,\"height\":243,\"caption\":\"Revue Musicale Suisse\"},\"image\":{\"@id\":\"https:\\\/\\\/www.revuemusicale.ch\\\/#\\\/schema\\\/logo\\\/image\\\/\"},\"sameAs\":[\"https:\\\/\\\/www.facebook.com\\\/SchweizerMusikzeitung\\\/\",\"https:\\\/\\\/x.com\\\/smusikzeitung\",\"https:\\\/\\\/www.instagram.com\\\/musikzeitung.ch\\\/?hl=de\"]},{\"@type\":\"Person\",\"@id\":\"https:\\\/\\\/www.revuemusicale.ch\\\/#\\\/schema\\\/person\\\/b2fd892c800856270b9dcc6001265712\",\"name\":\"Musikzeitung-Redaktion\",\"image\":{\"@type\":\"ImageObject\",\"inLanguage\":\"it-IT\",\"@id\":\"https:\\\/\\\/secure.gravatar.com\\\/avatar\\\/0c7e6a405862e402eb76a70f8a26fc732d07c32931e9fae9ab1582911d2e8a3b?s=96&d=mm&r=g\",\"url\":\"https:\\\/\\\/secure.gravatar.com\\\/avatar\\\/0c7e6a405862e402eb76a70f8a26fc732d07c32931e9fae9ab1582911d2e8a3b?s=96&d=mm&r=g\",\"contentUrl\":\"https:\\\/\\\/secure.gravatar.com\\\/avatar\\\/0c7e6a405862e402eb76a70f8a26fc732d07c32931e9fae9ab1582911d2e8a3b?s=96&d=mm&r=g\",\"caption\":\"Musikzeitung-Redaktion\"},\"sameAs\":[\"http:\\\/\\\/wundo-docker.io\"],\"url\":\"https:\\\/\\\/www.revuemusicale.ch\\\/it\\\/author\\\/admin\"}]}<\/script>\n<!-- \/ Yoast SEO plugin. -->","yoast_head_json":{"title":"Num\u00e9ro 07_08\/2024 \u2013 Focus \u00abvill\u00e9giature\u00bb - Revue Musicale Suisse","robots":{"index":"index","follow":"follow","max-snippet":"max-snippet:-1","max-image-preview":"max-image-preview:large","max-video-preview":"max-video-preview:-1"},"canonical":"https:\/\/www.revuemusicale.ch\/it\/smz\/2024\/06\/numero-07_08-2024-focus-villegiature\/","og_locale":"it_IT","og_type":"article","og_title":"Num\u00e9ro 07_08\/2024 \u2013 Focus \u00abvill\u00e9giature\u00bb - Revue Musicale Suisse","og_description":"Inhaltsverzeichnis Focus On peut tout planifier, sauf la \u00adm\u00e9t\u00e9o Interview de Lena Fischer au sujet du Gurtenfestival Un peu de po\u00e9sie en ville Les pianos \u00e9gar\u00e9s \u00e0 Gen\u00e8ve Fra\u00eecheur estivale avec George Sand Chopin et la cr\u00e8me de la cr\u00e8me de la sc\u00e8ne culturelle du 19e si\u00e8cle se sont r\u00e9unis \u00e0 Nohant Tubes de maillots [&hellip;]","og_url":"https:\/\/www.revuemusicale.ch\/it\/smz\/2024\/06\/numero-07_08-2024-focus-villegiature\/","og_site_name":"Revue Musicale Suisse","article_publisher":"https:\/\/www.facebook.com\/SchweizerMusikzeitung\/","article_published_time":"2024-06-26T07:00:42+00:00","article_modified_time":"2024-10-22T09:24:18+00:00","og_image":[{"width":1400,"height":970,"url":"https:\/\/www.revuemusicale.ch\/wp-content\/uploads\/2024\/06\/SMZ-07-08-24_Cover_Web.jpg","type":"image\/jpeg"}],"author":"Musikzeitung-Redaktion","twitter_card":"summary_large_image","twitter_creator":"@smusikzeitung","twitter_site":"@smusikzeitung","twitter_misc":{"Scritto da":"Musikzeitung-Redaktion","Tempo di lettura stimato":"2 minuti"},"schema":{"@context":"https:\/\/schema.org","@graph":[{"@type":"Article","@id":"https:\/\/www.revuemusicale.ch\/smz\/2024\/06\/numero-07_08-2024-focus-villegiature#article","isPartOf":{"@id":"https:\/\/www.revuemusicale.ch\/smz\/2024\/06\/numero-07_08-2024-focus-villegiature"},"author":{"name":"Musikzeitung-Redaktion","@id":"https:\/\/www.revuemusicale.ch\/#\/schema\/person\/b2fd892c800856270b9dcc6001265712"},"headline":"Num\u00e9ro 07_08\/2024 \u2013 Focus \u00abvill\u00e9giature\u00bb","datePublished":"2024-06-26T07:00:42+00:00","dateModified":"2024-10-22T09:24:18+00:00","mainEntityOfPage":{"@id":"https:\/\/www.revuemusicale.ch\/smz\/2024\/06\/numero-07_08-2024-focus-villegiature"},"wordCount":280,"publisher":{"@id":"https:\/\/www.revuemusicale.ch\/#organization"},"image":{"@id":"https:\/\/www.revuemusicale.ch\/smz\/2024\/06\/numero-07_08-2024-focus-villegiature#primaryimage"},"thumbnailUrl":"https:\/\/www.revuemusicale.ch\/wp-content\/uploads\/2024\/06\/SMZ-07-08-24_Cover_Web.jpg","keywords":["Barbara Hannigan","Cornelius Cardew","Daniel Ott","Franz Liszt","Fr\u00e9d\u00e9ric Chopin","George Sand","Golfam Khayam","Gurtenfestival","Lena Fischer","Manos Tsangaris","M\u00fcnchener Biennale","Nohant","Pianos \u00e9gar\u00e9s","Schlager","Sommerhit","Tube de l'\u00e9t\u00e9"],"articleSection":["SMZ"],"inLanguage":"it-IT"},{"@type":"WebPage","@id":"https:\/\/www.revuemusicale.ch\/smz\/2024\/06\/numero-07_08-2024-focus-villegiature","url":"https:\/\/www.revuemusicale.ch\/smz\/2024\/06\/numero-07_08-2024-focus-villegiature","name":"Num\u00e9ro 07_08\/2024 \u2013 Focus \u00abvill\u00e9giature\u00bb - Revue Musicale Suisse","isPartOf":{"@id":"https:\/\/www.revuemusicale.ch\/#website"},"primaryImageOfPage":{"@id":"https:\/\/www.revuemusicale.ch\/smz\/2024\/06\/numero-07_08-2024-focus-villegiature#primaryimage"},"image":{"@id":"https:\/\/www.revuemusicale.ch\/smz\/2024\/06\/numero-07_08-2024-focus-villegiature#primaryimage"},"thumbnailUrl":"https:\/\/www.revuemusicale.ch\/wp-content\/uploads\/2024\/06\/SMZ-07-08-24_Cover_Web.jpg","datePublished":"2024-06-26T07:00:42+00:00","dateModified":"2024-10-22T09:24:18+00:00","breadcrumb":{"@id":"https:\/\/www.revuemusicale.ch\/smz\/2024\/06\/numero-07_08-2024-focus-villegiature#breadcrumb"},"inLanguage":"it-IT","potentialAction":[{"@type":"ReadAction","target":["https:\/\/www.revuemusicale.ch\/smz\/2024\/06\/numero-07_08-2024-focus-villegiature"]}]},{"@type":"ImageObject","inLanguage":"it-IT","@id":"https:\/\/www.revuemusicale.ch\/smz\/2024\/06\/numero-07_08-2024-focus-villegiature#primaryimage","url":"https:\/\/www.revuemusicale.ch\/wp-content\/uploads\/2024\/06\/SMZ-07-08-24_Cover_Web.jpg","contentUrl":"https:\/\/www.revuemusicale.ch\/wp-content\/uploads\/2024\/06\/SMZ-07-08-24_Cover_Web.jpg","width":1400,"height":970},{"@type":"BreadcrumbList","@id":"https:\/\/www.revuemusicale.ch\/smz\/2024\/06\/numero-07_08-2024-focus-villegiature#breadcrumb","itemListElement":[{"@type":"ListItem","position":1,"name":"Home","item":"https:\/\/www.revuemusicale.ch\/"},{"@type":"ListItem","position":2,"name":"Num\u00e9ro 07_08\/2024 \u2013 Focus \u00abvill\u00e9giature\u00bb"}]},{"@type":"WebSite","@id":"https:\/\/www.revuemusicale.ch\/#website","url":"https:\/\/www.revuemusicale.ch\/","name":"Rassegna musicale svizzera","description":"","publisher":{"@id":"https:\/\/www.revuemusicale.ch\/#organization"},"potentialAction":[{"@type":"SearchAction","target":{"@type":"EntryPoint","urlTemplate":"https:\/\/www.revuemusicale.ch\/?s={search_term_string}"},"query-input":{"@type":"PropertyValueSpecification","valueRequired":true,"valueName":"search_term_string"}}],"inLanguage":"it-IT"},{"@type":"Organization","@id":"https:\/\/www.revuemusicale.ch\/#organization","name":"Rassegna musicale svizzera","url":"https:\/\/www.revuemusicale.ch\/","logo":{"@type":"ImageObject","inLanguage":"it-IT","@id":"https:\/\/www.revuemusicale.ch\/#\/schema\/logo\/image\/","url":"https:\/\/www.revuemusicale.ch\/wp-content\/uploads\/2023\/01\/logo_revuemusicale_musikzeitung.jpg","contentUrl":"https:\/\/www.revuemusicale.ch\/wp-content\/uploads\/2023\/01\/logo_revuemusicale_musikzeitung.jpg","width":1200,"height":243,"caption":"Revue Musicale Suisse"},"image":{"@id":"https:\/\/www.revuemusicale.ch\/#\/schema\/logo\/image\/"},"sameAs":["https:\/\/www.facebook.com\/SchweizerMusikzeitung\/","https:\/\/x.com\/smusikzeitung","https:\/\/www.instagram.com\/musikzeitung.ch\/?hl=de"]},{"@type":"Person","@id":"https:\/\/www.revuemusicale.ch\/#\/schema\/person\/b2fd892c800856270b9dcc6001265712","name":"Musikzeitung-Redaktion","image":{"@type":"ImageObject","inLanguage":"it-IT","@id":"https:\/\/secure.gravatar.com\/avatar\/0c7e6a405862e402eb76a70f8a26fc732d07c32931e9fae9ab1582911d2e8a3b?s=96&d=mm&r=g","url":"https:\/\/secure.gravatar.com\/avatar\/0c7e6a405862e402eb76a70f8a26fc732d07c32931e9fae9ab1582911d2e8a3b?s=96&d=mm&r=g","contentUrl":"https:\/\/secure.gravatar.com\/avatar\/0c7e6a405862e402eb76a70f8a26fc732d07c32931e9fae9ab1582911d2e8a3b?s=96&d=mm&r=g","caption":"Musikzeitung-Redaktion"},"sameAs":["http:\/\/wundo-docker.io"],"url":"https:\/\/www.revuemusicale.ch\/it\/author\/admin"}]}},"publishpress_future_action":{"enabled":false,"date":"1970-01-01 01:00:00","action":"change-status","newStatus":"draft","terms":[],"taxonomy":"category","extraData":[]},"publishpress_future_workflow_manual_trigger":{"enabledWorkflows":[]},"_links":{"self":[{"href":"https:\/\/www.revuemusicale.ch\/it\/wp-json\/wp\/v2\/posts\/30376","targetHints":{"allow":["GET"]}}],"collection":[{"href":"https:\/\/www.revuemusicale.ch\/it\/wp-json\/wp\/v2\/posts"}],"about":[{"href":"https:\/\/www.revuemusicale.ch\/it\/wp-json\/wp\/v2\/types\/post"}],"author":[{"embeddable":true,"href":"https:\/\/www.revuemusicale.ch\/it\/wp-json\/wp\/v2\/users\/1"}],"replies":[{"embeddable":true,"href":"https:\/\/www.revuemusicale.ch\/it\/wp-json\/wp\/v2\/comments?post=30376"}],"version-history":[{"count":7,"href":"https:\/\/www.revuemusicale.ch\/it\/wp-json\/wp\/v2\/posts\/30376\/revisions"}],"predecessor-version":[{"id":30414,"href":"https:\/\/www.revuemusicale.ch\/it\/wp-json\/wp\/v2\/posts\/30376\/revisions\/30414"}],"wp:featuredmedia":[{"embeddable":true,"href":"https:\/\/www.revuemusicale.ch\/it\/wp-json\/wp\/v2\/media\/30409"}],"wp:attachment":[{"href":"https:\/\/www.revuemusicale.ch\/it\/wp-json\/wp\/v2\/media?parent=30376"}],"wp:term":[{"taxonomy":"category","embeddable":true,"href":"https:\/\/www.revuemusicale.ch\/it\/wp-json\/wp\/v2\/categories?post=30376"},{"taxonomy":"post_tag","embeddable":true,"href":"https:\/\/www.revuemusicale.ch\/it\/wp-json\/wp\/v2\/tags?post=30376"}],"curies":[{"name":"wp","href":"https:\/\/api.w.org\/{rel}","templated":true}]}}