{"id":30483,"date":"2018-06-26T15:15:52","date_gmt":"2018-06-26T13:15:52","guid":{"rendered":"https:\/\/www.revuemusicale.ch\/?p=30483"},"modified":"2024-06-27T15:22:41","modified_gmt":"2024-06-27T13:22:41","slug":"contes-de-fee","status":"publish","type":"post","link":"https:\/\/www.revuemusicale.ch\/it\/critiques\/disques\/2018\/06\/contes-de-fee","title":{"rendered":"Fiabe"},"content":{"rendered":"<figure id=\"attachment_30486\" aria-describedby=\"caption-attachment-30486\" style=\"width: 554px\" class=\"wp-caption alignnone\"><img loading=\"lazy\" decoding=\"async\" class=\"wp-image-30486 size-full\" src=\"https:\/\/www.revuemusicale.ch\/wp-content\/uploads\/2024\/06\/Contesdefee.jpg\" alt=\"\" width=\"554\" height=\"398\" srcset=\"https:\/\/www.revuemusicale.ch\/wp-content\/uploads\/2024\/06\/Contesdefee.jpg 554w, https:\/\/www.revuemusicale.ch\/wp-content\/uploads\/2024\/06\/Contesdefee-300x216.jpg 300w, https:\/\/www.revuemusicale.ch\/wp-content\/uploads\/2024\/06\/Contesdefee-18x12.jpg 18w, https:\/\/www.revuemusicale.ch\/wp-content\/uploads\/2024\/06\/Contesdefee-244x175.jpg 244w, https:\/\/www.revuemusicale.ch\/wp-content\/uploads\/2024\/06\/Contesdefee-487x350.jpg 487w\" sizes=\"auto, (max-width: 554px) 100vw, 554px\" \/><figcaption id=\"caption-attachment-30486\" class=\"wp-caption-text\">Foto: Gerhard Hermes\/pixelio.de<\/figcaption><\/figure>\n<p>Il CD <em>Fiabe senza parole<\/em> propone una compilation di opere per viola di Robert Schumann, alternate a quelle scritte da Hans Ulrich Lehmann e Gy\u00f6rgy Kurt\u00e1g nello spirito del compositore romantico. Questo scontro di stili \u00e8 pienamente convincente grazie a tre artisti eccezionali in perfetta sintonia con il tecnico del suono, che dimostra un'alta fedelt\u00e0 nel senso nobile del termine!<\/p>\n<p>Grazie ai tre compositori, \u00e8 la viola a tenere il filo rosso! Nel <em>M\u00e4rchenbilder<\/em>Il suono ricco e \"burroso\" di J\u00fcrg D\u00e4hler e la sua capacit\u00e0 di raccontare le sue \"Fiabe\" con la voce molto umana del suo strumento sono seducenti. Se il tempo del violista e di Gilles Vonsattel, il suo eccellente pianista, \u00e8 sorprendentemente lento nel <em>nicht schnell<\/em> Nel primo movimento, l'ascoltatore \u00e8 incantato dalla melodia meravigliosamente fraseggiata che sembra emanare dalla bocca di una bella narratrice! Ma il duetto sa come svegliare bruscamente l'ascoltatore in <em>lebhaft<\/em> o addirittura terrorizzarlo in velocit\u00e0 in <em>rasch<\/em>\u00a0! Cos\u00ec D\u00e4hler spiega, nel suo dialogo con l'ingegnere del suono Andreas Werner, che Schumann aveva originariamente pensato di chiamare l'opera\u00a0<em>Violageschichten<\/em>\u00a0!<\/p>\n<p>Per il trio <em>M\u00e4rchenerz\u00e4hlungen<\/em>Il talentuoso clarinettista Fran\u00e7ois Benda si unisce ai nostri due musicisti. In questa composizione, scritta solo tre anni prima della sua morte, Schumann rivela, nel corso del terzo movimento, <em>con un'immagine chiara<\/em>I suoi pensieri intimi e un po' allucinati in falsi rapporti di armonia. Questi momenti commoventi sono rivelati pacificamente, ma con una convinzione interiore che contrasta nettamente con il brio di<em> sehr markiert<\/em>. Come nelle quattro opere di questo CD, Gilles Vonsattel suona con notevole chiarezza, in perfetta armonia con i suoi colleghi.<\/p>\n<p>Commissionato da J\u00fcrg D\u00e4hler a seguito di una stretta collaborazione con un compositore tristemente fuori moda,<em> Senza parole <\/em>(2011) di Hans Ulrich Lehmann \u00e8 stato eseguito in prima assoluta quattro mesi dopo la sua morte, avvenuta nel 2013. La sua musica di ventisei minuti \u00e8 complessa, a volte intensa, a volte ultra-intima, a volte crudelmente difficile; esplora i limiti degli effetti avanguardistici ma non elettronici, e ricompensa lo sforzo solo con insistenza. L'idea di accostare questa registrazione in prima mondiale e di concludere il CD con l'album<em>Omaggio a R. Sch.<\/em> La musica di Gy\u00f6rgy Kurt\u00e1g, al contrario, \u00e8 concisa e concentrata, e semplicemente brillante. Un successo indiscutibile!<img loading=\"lazy\" decoding=\"async\" class=\"size-full wp-image-30484 aligncenter\" src=\"https:\/\/www.revuemusicale.ch\/wp-content\/uploads\/2024\/06\/Contes1.jpg\" alt=\"\" width=\"180\" height=\"159\" srcset=\"https:\/\/www.revuemusicale.ch\/wp-content\/uploads\/2024\/06\/Contes1.jpg 180w, https:\/\/www.revuemusicale.ch\/wp-content\/uploads\/2024\/06\/Contes1-14x12.jpg 14w\" sizes=\"auto, (max-width: 180px) 100vw, 180px\" \/><\/p>\n<p><em>Fiabe senza parole: Werke von Robert Schumann, Hans Ulrich Lehmann und Gy\u00f6rgy Kurt\u00e1g. J\u00fcrg D\u00e4hler, violino, viola; Fran\u00e7ois Benda, clarinetto; Gilles Vonsattel, clarinetto. Genuino GEN 17485<\/em><\/p>\n<p>&nbsp;<\/p>\n<p>Abbiamo apprezzato Fran\u00e7ois Benda in Schumann e Kurtag. Nel 2001, questo musicista di tutti gli stili ha registrato un programma di jazz con suo padre, Sebastian, un rinomato pianista da concerto, purtroppo scomparso l'anno successivo. \u00c8 grazie all'iniziativa di suo figlio e della societ\u00e0 <em>Genuino<\/em> che questo CD \u00e8 stato pubblicato nel 2017.<\/p>\n<p>La cosa pi\u00f9 avvincente \u00e8 la straordinaria simbiosi tra padre e figlio, che insieme creano la musica come un unico esecutore nel bel mezzo di un'improvvisazione! Ci\u00f2 \u00e8 tanto pi\u00f9 sorprendente se si considera che il pianoforte \u00e8 cos\u00ec distante dal clarinetto, che \u00e8 invece molto presente.  Che scambio! I due osano prendersi in giro all'infinito in Gershwin e Bernstein. Il loro piacere della libert\u00e0 \u00e8 ancora nostro nel <em>Sonatina<\/em> e il <em>Sonata calda<\/em> da Schulhoff!<\/p>\n<p>Questi due CD,<em> Tipo di jazz<\/em> e <em>Fiabe senza parole<\/em>come molte altre registrazioni dell'etichetta <em>Genuino<\/em>sono sottotitolati <em>Consorte di artisti -<\/em> un approccio alternativo al marketing odierno, mantenendo un collettivo di artisti, ingegneri del suono e musicisti, che si assumono la responsabilit\u00e0 delle proprie decisioni sulla scelta del repertorio e su tutto il resto, lontano dal \"fast food\" dell'industria discografica, che troppo spesso predomina.<img loading=\"lazy\" decoding=\"async\" class=\"aligncenter wp-image-30485 size-full\" src=\"https:\/\/www.revuemusicale.ch\/wp-content\/uploads\/2024\/06\/Contes2.jpg\" alt=\"\" width=\"180\" height=\"160\" srcset=\"https:\/\/www.revuemusicale.ch\/wp-content\/uploads\/2024\/06\/Contes2.jpg 180w, https:\/\/www.revuemusicale.ch\/wp-content\/uploads\/2024\/06\/Contes2-14x12.jpg 14w\" sizes=\"auto, (max-width: 180px) 100vw, 180px\" \/><\/p>\n<p><em>Kind of Jazz. Opere di George Gershwin, Joseph Horovitz, Erwin Schulhoff, Leonard Bernstein, Daniel Schnyder. Fran\u00e7ois Benda, Klarinette; Sebastian Benda, Klavier. Genuin GEN 17465<\/em><\/p>\n<p>&nbsp;<\/p>","protected":false},"excerpt":{"rendered":"<p>Il clarinettista Fran\u00e7ois Benda esegue opere romantiche di Schumann, Lehmann e Kurt\u00e1g con il violista J\u00fcrg D\u00e4hler e il pianista Gilles Vonsatteln, e suona un programma jazz con suo padre. <\/p>","protected":false},"author":1,"featured_media":30486,"comment_status":"closed","ping_status":"closed","sticky":false,"template":"","format":"standard","meta":{"_acf_changed":false,"_relevanssi_hide_post":"","_relevanssi_hide_content":"","_relevanssi_pin_for_all":"","_relevanssi_pin_keywords":"","_relevanssi_unpin_keywords":"","_relevanssi_related_keywords":"","_relevanssi_related_include_ids":"","_relevanssi_related_exclude_ids":"","_relevanssi_related_no_append":"","_relevanssi_related_not_related":"","_relevanssi_related_posts":"","_relevanssi_noindex_reason":"","pgc_sgb_lightbox_settings":"","footnotes":""},"categories":[1614,1615],"tags":[],"class_list":["post-30483","post","type-post","status-publish","format-standard","has-post-thumbnail","hentry","category-critiques","category-disques"],"acf":[],"yoast_head":"<!-- This site is optimized with the Yoast SEO plugin v27.3 - https:\/\/yoast.com\/product\/yoast-seo-wordpress\/ -->\n<title>Contes de f\u00e9e - Revue Musicale Suisse<\/title>\n<meta name=\"robots\" content=\"index, follow, max-snippet:-1, max-image-preview:large, max-video-preview:-1\" \/>\n<link rel=\"canonical\" href=\"https:\/\/www.revuemusicale.ch\/it\/critiques\/disques\/2018\/06\/contes-de-fee\/\" \/>\n<meta property=\"og:locale\" content=\"it_IT\" \/>\n<meta property=\"og:type\" content=\"article\" \/>\n<meta property=\"og:title\" content=\"Contes de f\u00e9e - Revue Musicale Suisse\" \/>\n<meta property=\"og:description\" content=\"Le clarinettiste Fran\u00e7ois Benda interpr\u00e8te des pages romantiques de Schumann, Lehmann et Kurt\u00e1g avec l\u2019altiste J\u00fcrg D\u00e4hler et le pianiste Gilles Vonsatteln et il joue un programme de jazz avec son p\u00e8re.\" \/>\n<meta property=\"og:url\" content=\"https:\/\/www.revuemusicale.ch\/it\/critiques\/disques\/2018\/06\/contes-de-fee\/\" \/>\n<meta property=\"og:site_name\" content=\"Revue Musicale Suisse\" \/>\n<meta property=\"article:publisher\" content=\"https:\/\/www.facebook.com\/SchweizerMusikzeitung\/\" \/>\n<meta property=\"article:published_time\" content=\"2018-06-26T13:15:52+00:00\" \/>\n<meta property=\"article:modified_time\" content=\"2024-06-27T13:22:41+00:00\" \/>\n<meta property=\"og:image\" content=\"https:\/\/www.revuemusicale.ch\/wp-content\/uploads\/2024\/06\/Contesdefee.jpg\" \/>\n\t<meta property=\"og:image:width\" content=\"554\" \/>\n\t<meta property=\"og:image:height\" content=\"398\" \/>\n\t<meta property=\"og:image:type\" content=\"image\/jpeg\" \/>\n<meta name=\"author\" content=\"Musikzeitung-Redaktion\" \/>\n<meta name=\"twitter:card\" content=\"summary_large_image\" \/>\n<meta name=\"twitter:creator\" content=\"@smusikzeitung\" \/>\n<meta name=\"twitter:site\" content=\"@smusikzeitung\" \/>\n<meta name=\"twitter:label1\" content=\"Scritto da\" \/>\n\t<meta name=\"twitter:data1\" content=\"Musikzeitung-Redaktion\" \/>\n\t<meta name=\"twitter:label2\" content=\"Tempo di lettura stimato\" \/>\n\t<meta name=\"twitter:data2\" content=\"4 minuti\" \/>\n<script type=\"application\/ld+json\" class=\"yoast-schema-graph\">{\"@context\":\"https:\\\/\\\/schema.org\",\"@graph\":[{\"@type\":\"Article\",\"@id\":\"https:\\\/\\\/www.revuemusicale.ch\\\/critiques\\\/disques\\\/2018\\\/06\\\/contes-de-fee#article\",\"isPartOf\":{\"@id\":\"https:\\\/\\\/www.revuemusicale.ch\\\/critiques\\\/disques\\\/2018\\\/06\\\/contes-de-fee\"},\"author\":{\"name\":\"Musikzeitung-Redaktion\",\"@id\":\"https:\\\/\\\/www.revuemusicale.ch\\\/#\\\/schema\\\/person\\\/b2fd892c800856270b9dcc6001265712\"},\"headline\":\"Contes de f\u00e9e\",\"datePublished\":\"2018-06-26T13:15:52+00:00\",\"dateModified\":\"2024-06-27T13:22:41+00:00\",\"mainEntityOfPage\":{\"@id\":\"https:\\\/\\\/www.revuemusicale.ch\\\/critiques\\\/disques\\\/2018\\\/06\\\/contes-de-fee\"},\"wordCount\":726,\"publisher\":{\"@id\":\"https:\\\/\\\/www.revuemusicale.ch\\\/#organization\"},\"image\":{\"@id\":\"https:\\\/\\\/www.revuemusicale.ch\\\/critiques\\\/disques\\\/2018\\\/06\\\/contes-de-fee#primaryimage\"},\"thumbnailUrl\":\"https:\\\/\\\/www.revuemusicale.ch\\\/wp-content\\\/uploads\\\/2024\\\/06\\\/Contesdefee.jpg\",\"articleSection\":[\"Critiques\",\"Disques\"],\"inLanguage\":\"it-IT\"},{\"@type\":\"WebPage\",\"@id\":\"https:\\\/\\\/www.revuemusicale.ch\\\/critiques\\\/disques\\\/2018\\\/06\\\/contes-de-fee\",\"url\":\"https:\\\/\\\/www.revuemusicale.ch\\\/critiques\\\/disques\\\/2018\\\/06\\\/contes-de-fee\",\"name\":\"Contes de f\u00e9e - Revue Musicale Suisse\",\"isPartOf\":{\"@id\":\"https:\\\/\\\/www.revuemusicale.ch\\\/#website\"},\"primaryImageOfPage\":{\"@id\":\"https:\\\/\\\/www.revuemusicale.ch\\\/critiques\\\/disques\\\/2018\\\/06\\\/contes-de-fee#primaryimage\"},\"image\":{\"@id\":\"https:\\\/\\\/www.revuemusicale.ch\\\/critiques\\\/disques\\\/2018\\\/06\\\/contes-de-fee#primaryimage\"},\"thumbnailUrl\":\"https:\\\/\\\/www.revuemusicale.ch\\\/wp-content\\\/uploads\\\/2024\\\/06\\\/Contesdefee.jpg\",\"datePublished\":\"2018-06-26T13:15:52+00:00\",\"dateModified\":\"2024-06-27T13:22:41+00:00\",\"breadcrumb\":{\"@id\":\"https:\\\/\\\/www.revuemusicale.ch\\\/critiques\\\/disques\\\/2018\\\/06\\\/contes-de-fee#breadcrumb\"},\"inLanguage\":\"it-IT\",\"potentialAction\":[{\"@type\":\"ReadAction\",\"target\":[\"https:\\\/\\\/www.revuemusicale.ch\\\/critiques\\\/disques\\\/2018\\\/06\\\/contes-de-fee\"]}]},{\"@type\":\"ImageObject\",\"inLanguage\":\"it-IT\",\"@id\":\"https:\\\/\\\/www.revuemusicale.ch\\\/critiques\\\/disques\\\/2018\\\/06\\\/contes-de-fee#primaryimage\",\"url\":\"https:\\\/\\\/www.revuemusicale.ch\\\/wp-content\\\/uploads\\\/2024\\\/06\\\/Contesdefee.jpg\",\"contentUrl\":\"https:\\\/\\\/www.revuemusicale.ch\\\/wp-content\\\/uploads\\\/2024\\\/06\\\/Contesdefee.jpg\",\"width\":554,\"height\":398},{\"@type\":\"BreadcrumbList\",\"@id\":\"https:\\\/\\\/www.revuemusicale.ch\\\/critiques\\\/disques\\\/2018\\\/06\\\/contes-de-fee#breadcrumb\",\"itemListElement\":[{\"@type\":\"ListItem\",\"position\":1,\"name\":\"Home\",\"item\":\"https:\\\/\\\/www.revuemusicale.ch\\\/\"},{\"@type\":\"ListItem\",\"position\":2,\"name\":\"Contes de f\u00e9e\"}]},{\"@type\":\"WebSite\",\"@id\":\"https:\\\/\\\/www.revuemusicale.ch\\\/#website\",\"url\":\"https:\\\/\\\/www.revuemusicale.ch\\\/\",\"name\":\"Revue Musicale Suisse\",\"description\":\"\",\"publisher\":{\"@id\":\"https:\\\/\\\/www.revuemusicale.ch\\\/#organization\"},\"potentialAction\":[{\"@type\":\"SearchAction\",\"target\":{\"@type\":\"EntryPoint\",\"urlTemplate\":\"https:\\\/\\\/www.revuemusicale.ch\\\/?s={search_term_string}\"},\"query-input\":{\"@type\":\"PropertyValueSpecification\",\"valueRequired\":true,\"valueName\":\"search_term_string\"}}],\"inLanguage\":\"it-IT\"},{\"@type\":\"Organization\",\"@id\":\"https:\\\/\\\/www.revuemusicale.ch\\\/#organization\",\"name\":\"Revue Musicale Suisse\",\"url\":\"https:\\\/\\\/www.revuemusicale.ch\\\/\",\"logo\":{\"@type\":\"ImageObject\",\"inLanguage\":\"it-IT\",\"@id\":\"https:\\\/\\\/www.revuemusicale.ch\\\/#\\\/schema\\\/logo\\\/image\\\/\",\"url\":\"https:\\\/\\\/www.revuemusicale.ch\\\/wp-content\\\/uploads\\\/2023\\\/01\\\/logo_revuemusicale_musikzeitung.jpg\",\"contentUrl\":\"https:\\\/\\\/www.revuemusicale.ch\\\/wp-content\\\/uploads\\\/2023\\\/01\\\/logo_revuemusicale_musikzeitung.jpg\",\"width\":1200,\"height\":243,\"caption\":\"Revue Musicale Suisse\"},\"image\":{\"@id\":\"https:\\\/\\\/www.revuemusicale.ch\\\/#\\\/schema\\\/logo\\\/image\\\/\"},\"sameAs\":[\"https:\\\/\\\/www.facebook.com\\\/SchweizerMusikzeitung\\\/\",\"https:\\\/\\\/x.com\\\/smusikzeitung\",\"https:\\\/\\\/www.instagram.com\\\/musikzeitung.ch\\\/?hl=de\"]},{\"@type\":\"Person\",\"@id\":\"https:\\\/\\\/www.revuemusicale.ch\\\/#\\\/schema\\\/person\\\/b2fd892c800856270b9dcc6001265712\",\"name\":\"Musikzeitung-Redaktion\",\"image\":{\"@type\":\"ImageObject\",\"inLanguage\":\"it-IT\",\"@id\":\"https:\\\/\\\/secure.gravatar.com\\\/avatar\\\/0c7e6a405862e402eb76a70f8a26fc732d07c32931e9fae9ab1582911d2e8a3b?s=96&d=mm&r=g\",\"url\":\"https:\\\/\\\/secure.gravatar.com\\\/avatar\\\/0c7e6a405862e402eb76a70f8a26fc732d07c32931e9fae9ab1582911d2e8a3b?s=96&d=mm&r=g\",\"contentUrl\":\"https:\\\/\\\/secure.gravatar.com\\\/avatar\\\/0c7e6a405862e402eb76a70f8a26fc732d07c32931e9fae9ab1582911d2e8a3b?s=96&d=mm&r=g\",\"caption\":\"Musikzeitung-Redaktion\"},\"sameAs\":[\"http:\\\/\\\/wundo-docker.io\"],\"url\":\"https:\\\/\\\/www.revuemusicale.ch\\\/it\\\/author\\\/admin\"}]}<\/script>\n<!-- \/ Yoast SEO plugin. -->","yoast_head_json":{"title":"Contes de f\u00e9e - Revue Musicale Suisse","robots":{"index":"index","follow":"follow","max-snippet":"max-snippet:-1","max-image-preview":"max-image-preview:large","max-video-preview":"max-video-preview:-1"},"canonical":"https:\/\/www.revuemusicale.ch\/it\/critiques\/disques\/2018\/06\/contes-de-fee\/","og_locale":"it_IT","og_type":"article","og_title":"Contes de f\u00e9e - Revue Musicale Suisse","og_description":"Le clarinettiste Fran\u00e7ois Benda interpr\u00e8te des pages romantiques de Schumann, Lehmann et Kurt\u00e1g avec l\u2019altiste J\u00fcrg D\u00e4hler et le pianiste Gilles Vonsatteln et il joue un programme de jazz avec son p\u00e8re.","og_url":"https:\/\/www.revuemusicale.ch\/it\/critiques\/disques\/2018\/06\/contes-de-fee\/","og_site_name":"Revue Musicale Suisse","article_publisher":"https:\/\/www.facebook.com\/SchweizerMusikzeitung\/","article_published_time":"2018-06-26T13:15:52+00:00","article_modified_time":"2024-06-27T13:22:41+00:00","og_image":[{"width":554,"height":398,"url":"https:\/\/www.revuemusicale.ch\/wp-content\/uploads\/2024\/06\/Contesdefee.jpg","type":"image\/jpeg"}],"author":"Musikzeitung-Redaktion","twitter_card":"summary_large_image","twitter_creator":"@smusikzeitung","twitter_site":"@smusikzeitung","twitter_misc":{"Scritto da":"Musikzeitung-Redaktion","Tempo di lettura stimato":"4 minuti"},"schema":{"@context":"https:\/\/schema.org","@graph":[{"@type":"Article","@id":"https:\/\/www.revuemusicale.ch\/critiques\/disques\/2018\/06\/contes-de-fee#article","isPartOf":{"@id":"https:\/\/www.revuemusicale.ch\/critiques\/disques\/2018\/06\/contes-de-fee"},"author":{"name":"Musikzeitung-Redaktion","@id":"https:\/\/www.revuemusicale.ch\/#\/schema\/person\/b2fd892c800856270b9dcc6001265712"},"headline":"Contes de f\u00e9e","datePublished":"2018-06-26T13:15:52+00:00","dateModified":"2024-06-27T13:22:41+00:00","mainEntityOfPage":{"@id":"https:\/\/www.revuemusicale.ch\/critiques\/disques\/2018\/06\/contes-de-fee"},"wordCount":726,"publisher":{"@id":"https:\/\/www.revuemusicale.ch\/#organization"},"image":{"@id":"https:\/\/www.revuemusicale.ch\/critiques\/disques\/2018\/06\/contes-de-fee#primaryimage"},"thumbnailUrl":"https:\/\/www.revuemusicale.ch\/wp-content\/uploads\/2024\/06\/Contesdefee.jpg","articleSection":["Critiques","Disques"],"inLanguage":"it-IT"},{"@type":"WebPage","@id":"https:\/\/www.revuemusicale.ch\/critiques\/disques\/2018\/06\/contes-de-fee","url":"https:\/\/www.revuemusicale.ch\/critiques\/disques\/2018\/06\/contes-de-fee","name":"Contes de f\u00e9e - Revue Musicale Suisse","isPartOf":{"@id":"https:\/\/www.revuemusicale.ch\/#website"},"primaryImageOfPage":{"@id":"https:\/\/www.revuemusicale.ch\/critiques\/disques\/2018\/06\/contes-de-fee#primaryimage"},"image":{"@id":"https:\/\/www.revuemusicale.ch\/critiques\/disques\/2018\/06\/contes-de-fee#primaryimage"},"thumbnailUrl":"https:\/\/www.revuemusicale.ch\/wp-content\/uploads\/2024\/06\/Contesdefee.jpg","datePublished":"2018-06-26T13:15:52+00:00","dateModified":"2024-06-27T13:22:41+00:00","breadcrumb":{"@id":"https:\/\/www.revuemusicale.ch\/critiques\/disques\/2018\/06\/contes-de-fee#breadcrumb"},"inLanguage":"it-IT","potentialAction":[{"@type":"ReadAction","target":["https:\/\/www.revuemusicale.ch\/critiques\/disques\/2018\/06\/contes-de-fee"]}]},{"@type":"ImageObject","inLanguage":"it-IT","@id":"https:\/\/www.revuemusicale.ch\/critiques\/disques\/2018\/06\/contes-de-fee#primaryimage","url":"https:\/\/www.revuemusicale.ch\/wp-content\/uploads\/2024\/06\/Contesdefee.jpg","contentUrl":"https:\/\/www.revuemusicale.ch\/wp-content\/uploads\/2024\/06\/Contesdefee.jpg","width":554,"height":398},{"@type":"BreadcrumbList","@id":"https:\/\/www.revuemusicale.ch\/critiques\/disques\/2018\/06\/contes-de-fee#breadcrumb","itemListElement":[{"@type":"ListItem","position":1,"name":"Home","item":"https:\/\/www.revuemusicale.ch\/"},{"@type":"ListItem","position":2,"name":"Contes de f\u00e9e"}]},{"@type":"WebSite","@id":"https:\/\/www.revuemusicale.ch\/#website","url":"https:\/\/www.revuemusicale.ch\/","name":"Rassegna musicale svizzera","description":"","publisher":{"@id":"https:\/\/www.revuemusicale.ch\/#organization"},"potentialAction":[{"@type":"SearchAction","target":{"@type":"EntryPoint","urlTemplate":"https:\/\/www.revuemusicale.ch\/?s={search_term_string}"},"query-input":{"@type":"PropertyValueSpecification","valueRequired":true,"valueName":"search_term_string"}}],"inLanguage":"it-IT"},{"@type":"Organization","@id":"https:\/\/www.revuemusicale.ch\/#organization","name":"Rassegna musicale svizzera","url":"https:\/\/www.revuemusicale.ch\/","logo":{"@type":"ImageObject","inLanguage":"it-IT","@id":"https:\/\/www.revuemusicale.ch\/#\/schema\/logo\/image\/","url":"https:\/\/www.revuemusicale.ch\/wp-content\/uploads\/2023\/01\/logo_revuemusicale_musikzeitung.jpg","contentUrl":"https:\/\/www.revuemusicale.ch\/wp-content\/uploads\/2023\/01\/logo_revuemusicale_musikzeitung.jpg","width":1200,"height":243,"caption":"Revue Musicale Suisse"},"image":{"@id":"https:\/\/www.revuemusicale.ch\/#\/schema\/logo\/image\/"},"sameAs":["https:\/\/www.facebook.com\/SchweizerMusikzeitung\/","https:\/\/x.com\/smusikzeitung","https:\/\/www.instagram.com\/musikzeitung.ch\/?hl=de"]},{"@type":"Person","@id":"https:\/\/www.revuemusicale.ch\/#\/schema\/person\/b2fd892c800856270b9dcc6001265712","name":"Musikzeitung-Redaktion","image":{"@type":"ImageObject","inLanguage":"it-IT","@id":"https:\/\/secure.gravatar.com\/avatar\/0c7e6a405862e402eb76a70f8a26fc732d07c32931e9fae9ab1582911d2e8a3b?s=96&d=mm&r=g","url":"https:\/\/secure.gravatar.com\/avatar\/0c7e6a405862e402eb76a70f8a26fc732d07c32931e9fae9ab1582911d2e8a3b?s=96&d=mm&r=g","contentUrl":"https:\/\/secure.gravatar.com\/avatar\/0c7e6a405862e402eb76a70f8a26fc732d07c32931e9fae9ab1582911d2e8a3b?s=96&d=mm&r=g","caption":"Musikzeitung-Redaktion"},"sameAs":["http:\/\/wundo-docker.io"],"url":"https:\/\/www.revuemusicale.ch\/it\/author\/admin"}]}},"publishpress_future_action":{"enabled":false,"date":"1970-01-01 01:00:00","action":"change-status","newStatus":"draft","terms":[],"taxonomy":"category","extraData":[]},"publishpress_future_workflow_manual_trigger":{"enabledWorkflows":[]},"_links":{"self":[{"href":"https:\/\/www.revuemusicale.ch\/it\/wp-json\/wp\/v2\/posts\/30483","targetHints":{"allow":["GET"]}}],"collection":[{"href":"https:\/\/www.revuemusicale.ch\/it\/wp-json\/wp\/v2\/posts"}],"about":[{"href":"https:\/\/www.revuemusicale.ch\/it\/wp-json\/wp\/v2\/types\/post"}],"author":[{"embeddable":true,"href":"https:\/\/www.revuemusicale.ch\/it\/wp-json\/wp\/v2\/users\/1"}],"replies":[{"embeddable":true,"href":"https:\/\/www.revuemusicale.ch\/it\/wp-json\/wp\/v2\/comments?post=30483"}],"version-history":[{"count":1,"href":"https:\/\/www.revuemusicale.ch\/it\/wp-json\/wp\/v2\/posts\/30483\/revisions"}],"predecessor-version":[{"id":30487,"href":"https:\/\/www.revuemusicale.ch\/it\/wp-json\/wp\/v2\/posts\/30483\/revisions\/30487"}],"wp:featuredmedia":[{"embeddable":true,"href":"https:\/\/www.revuemusicale.ch\/it\/wp-json\/wp\/v2\/media\/30486"}],"wp:attachment":[{"href":"https:\/\/www.revuemusicale.ch\/it\/wp-json\/wp\/v2\/media?parent=30483"}],"wp:term":[{"taxonomy":"category","embeddable":true,"href":"https:\/\/www.revuemusicale.ch\/it\/wp-json\/wp\/v2\/categories?post=30483"},{"taxonomy":"post_tag","embeddable":true,"href":"https:\/\/www.revuemusicale.ch\/it\/wp-json\/wp\/v2\/tags?post=30483"}],"curies":[{"name":"wp","href":"https:\/\/api.w.org\/{rel}","templated":true}]}}