{"id":30547,"date":"2014-01-07T12:23:04","date_gmt":"2014-01-07T11:23:04","guid":{"rendered":"https:\/\/www.revuemusicale.ch\/?p=30547"},"modified":"2024-07-01T12:26:02","modified_gmt":"2024-07-01T10:26:02","slug":"brut-et-energique-2","status":"publish","type":"post","link":"https:\/\/www.revuemusicale.ch\/it\/critiques\/disques\/2014\/01\/brut-et-energique-2","title":{"rendered":"Crudo ed energico"},"content":{"rendered":"<figure id=\"attachment_30549\" aria-describedby=\"caption-attachment-30549\" style=\"width: 554px\" class=\"wp-caption alignnone\"><img loading=\"lazy\" decoding=\"async\" class=\"wp-image-30549 size-full\" src=\"https:\/\/www.revuemusicale.ch\/wp-content\/uploads\/2024\/07\/Blind-Butcher.jpg\" alt=\"\" width=\"554\" height=\"369\" srcset=\"https:\/\/www.revuemusicale.ch\/wp-content\/uploads\/2024\/07\/Blind-Butcher.jpg 554w, https:\/\/www.revuemusicale.ch\/wp-content\/uploads\/2024\/07\/Blind-Butcher-300x200.jpg 300w, https:\/\/www.revuemusicale.ch\/wp-content\/uploads\/2024\/07\/Blind-Butcher-18x12.jpg 18w, https:\/\/www.revuemusicale.ch\/wp-content\/uploads\/2024\/07\/Blind-Butcher-263x175.jpg 263w, https:\/\/www.revuemusicale.ch\/wp-content\/uploads\/2024\/07\/Blind-Butcher-525x350.jpg 525w\" sizes=\"auto, (max-width: 554px) 100vw, 554px\" \/><figcaption id=\"caption-attachment-30549\" class=\"wp-caption-text\">Foto : DR<\/figcaption><\/figure>\n<p>Blind Butcher riunisce Christian Aregger (chitarra e voce) e Roland Bucher (batteria, basso e voce), che sono anche coinvolti nel bel progetto di Pierre Omer, Grey Mole e The Shit. L'album <em>Albino<\/em>registrato a Chicago con Steve Albini (Pixies, Nirvana, The Stooges...), \u00e8 crudo ed energico. La prima traccia di questo album iperattivo, la cui uscita \u00e8 prevista per met\u00e0 gennaio 2014, conduce gli ascoltatori in un viaggio attraverso un universo electro-punk alternativo, a tratti psichedelico ma sempre piuttosto blues. Inizialmente sembra un ritorno agli anni precedenti la new-wave, ma poi l'album si tinge di suoni molto contemporanei, a seconda del brano. L'effervescenza che ne deriva \u00e8 per\u00f2 ingannevolmente frenetica, e perde l'ascoltatore un po' dopo l'entusiasmo delle prime note. I brani, molto (troppo?) sviluppati e che si diramano in pi\u00f9 direzioni, sono ritmicamente simpatici ma tendono a produrre un effetto di disordine sparso. Un piccolo difetto di giovent\u00f9, ma che ha il merito di dimostrare la ricchezza e la densit\u00e0 del progetto, nonch\u00e9 il promettente potenziale dei due strumentisti. Resta il fatto che le esibizioni dal vivo sono destinate a essere una gioia, perch\u00e9 l'elegante duo esplode con la follia promessa dall'ascolto dell'album. In breve, due bravi e folli musicisti che trasmettono energia e buon suono in tutte le direzioni. Andate a vederli dal vivo al R\u00f6ssli Bar di Berna il 15 gennaio!<img loading=\"lazy\" decoding=\"async\" class=\"size-full wp-image-30548 aligncenter\" src=\"https:\/\/www.revuemusicale.ch\/wp-content\/uploads\/2024\/07\/Cover-Albino-Kopie.jpg\" alt=\"\" width=\"180\" height=\"180\" srcset=\"https:\/\/www.revuemusicale.ch\/wp-content\/uploads\/2024\/07\/Cover-Albino-Kopie.jpg 180w, https:\/\/www.revuemusicale.ch\/wp-content\/uploads\/2024\/07\/Cover-Albino-Kopie-12x12.jpg 12w, https:\/\/www.revuemusicale.ch\/wp-content\/uploads\/2024\/07\/Cover-Albino-Kopie-175x175.jpg 175w, https:\/\/www.revuemusicale.ch\/wp-content\/uploads\/2024\/07\/Cover-Albino-Kopie-150x150.jpg 150w, https:\/\/www.revuemusicale.ch\/wp-content\/uploads\/2024\/07\/Cover-Albino-Kopie-100x100.jpg 100w, https:\/\/www.revuemusicale.ch\/wp-content\/uploads\/2024\/07\/Cover-Albino-Kopie-24x24.jpg 24w, https:\/\/www.revuemusicale.ch\/wp-content\/uploads\/2024\/07\/Cover-Albino-Kopie-48x48.jpg 48w, https:\/\/www.revuemusicale.ch\/wp-content\/uploads\/2024\/07\/Cover-Albino-Kopie-96x96.jpg 96w\" sizes=\"auto, (max-width: 180px) 100vw, 180px\" \/><\/p>\n<p><em>Blind Butcher: Albino, Subversiv Records, 2014. <\/em><a href=\"http:\/\/www.blindbutcher.ch\"><em>www.blindbutcher.ch<\/em><\/a><\/p>","protected":false},"excerpt":{"rendered":"<p>Il duo lucernese Blind Butcher sar\u00e0 anche cieco, ma non \u00e8 certo sordo. Il loro album \"Albino\" uscir\u00e0 a met\u00e0 gennaio. <\/p>","protected":false},"author":1,"featured_media":30549,"comment_status":"closed","ping_status":"closed","sticky":false,"template":"","format":"standard","meta":{"_acf_changed":false,"_relevanssi_hide_post":"","_relevanssi_hide_content":"","_relevanssi_pin_for_all":"","_relevanssi_pin_keywords":"","_relevanssi_unpin_keywords":"","_relevanssi_related_keywords":"","_relevanssi_related_include_ids":"","_relevanssi_related_exclude_ids":"","_relevanssi_related_no_append":"","_relevanssi_related_not_related":"","_relevanssi_related_posts":"","_relevanssi_noindex_reason":"","pgc_sgb_lightbox_settings":"","footnotes":""},"categories":[1614,1615],"tags":[],"class_list":["post-30547","post","type-post","status-publish","format-standard","has-post-thumbnail","hentry","category-critiques","category-disques"],"acf":[],"yoast_head":"<!-- This site is optimized with the Yoast SEO plugin v27.3 - https:\/\/yoast.com\/product\/yoast-seo-wordpress\/ -->\n<title>Brut et \u00e9nergique - Revue Musicale Suisse<\/title>\n<meta name=\"robots\" content=\"index, follow, max-snippet:-1, max-image-preview:large, max-video-preview:-1\" \/>\n<link rel=\"canonical\" href=\"https:\/\/www.revuemusicale.ch\/it\/critiques\/disques\/2014\/01\/brut-et-energique-2\/\" \/>\n<meta property=\"og:locale\" content=\"it_IT\" \/>\n<meta property=\"og:type\" content=\"article\" \/>\n<meta property=\"og:title\" content=\"Brut et \u00e9nergique - Revue Musicale Suisse\" \/>\n<meta property=\"og:description\" content=\"Le duo lucernois, Blind Butcher est peut-\u00eatre aveugle, mais certainement pas sourd. La sortie de l&#039;album \u00ab Albino \u00bb est pr\u00e9vue pour la mi-janvier.\" \/>\n<meta property=\"og:url\" content=\"https:\/\/www.revuemusicale.ch\/it\/critiques\/disques\/2014\/01\/brut-et-energique-2\/\" \/>\n<meta property=\"og:site_name\" content=\"Revue Musicale Suisse\" \/>\n<meta property=\"article:publisher\" content=\"https:\/\/www.facebook.com\/SchweizerMusikzeitung\/\" \/>\n<meta property=\"article:published_time\" content=\"2014-01-07T11:23:04+00:00\" \/>\n<meta property=\"article:modified_time\" content=\"2024-07-01T10:26:02+00:00\" \/>\n<meta property=\"og:image\" content=\"https:\/\/www.revuemusicale.ch\/wp-content\/uploads\/2024\/07\/Blind-Butcher.jpg\" \/>\n\t<meta property=\"og:image:width\" content=\"554\" \/>\n\t<meta property=\"og:image:height\" content=\"369\" \/>\n\t<meta property=\"og:image:type\" content=\"image\/jpeg\" \/>\n<meta name=\"author\" content=\"Musikzeitung-Redaktion\" \/>\n<meta name=\"twitter:card\" content=\"summary_large_image\" \/>\n<meta name=\"twitter:creator\" content=\"@smusikzeitung\" \/>\n<meta name=\"twitter:site\" content=\"@smusikzeitung\" \/>\n<meta name=\"twitter:label1\" content=\"Scritto da\" \/>\n\t<meta name=\"twitter:data1\" content=\"Musikzeitung-Redaktion\" \/>\n\t<meta name=\"twitter:label2\" content=\"Tempo di lettura stimato\" \/>\n\t<meta name=\"twitter:data2\" content=\"1 minuto\" \/>\n<script type=\"application\/ld+json\" class=\"yoast-schema-graph\">{\"@context\":\"https:\\\/\\\/schema.org\",\"@graph\":[{\"@type\":\"Article\",\"@id\":\"https:\\\/\\\/www.revuemusicale.ch\\\/critiques\\\/disques\\\/2014\\\/01\\\/brut-et-energique-2#article\",\"isPartOf\":{\"@id\":\"https:\\\/\\\/www.revuemusicale.ch\\\/critiques\\\/disques\\\/2014\\\/01\\\/brut-et-energique-2\"},\"author\":{\"name\":\"Musikzeitung-Redaktion\",\"@id\":\"https:\\\/\\\/www.revuemusicale.ch\\\/#\\\/schema\\\/person\\\/b2fd892c800856270b9dcc6001265712\"},\"headline\":\"Brut et \u00e9nergique\",\"datePublished\":\"2014-01-07T11:23:04+00:00\",\"dateModified\":\"2024-07-01T10:26:02+00:00\",\"mainEntityOfPage\":{\"@id\":\"https:\\\/\\\/www.revuemusicale.ch\\\/critiques\\\/disques\\\/2014\\\/01\\\/brut-et-energique-2\"},\"wordCount\":282,\"publisher\":{\"@id\":\"https:\\\/\\\/www.revuemusicale.ch\\\/#organization\"},\"image\":{\"@id\":\"https:\\\/\\\/www.revuemusicale.ch\\\/critiques\\\/disques\\\/2014\\\/01\\\/brut-et-energique-2#primaryimage\"},\"thumbnailUrl\":\"https:\\\/\\\/www.revuemusicale.ch\\\/wp-content\\\/uploads\\\/2024\\\/07\\\/Blind-Butcher.jpg\",\"articleSection\":[\"Critiques\",\"Disques\"],\"inLanguage\":\"it-IT\"},{\"@type\":\"WebPage\",\"@id\":\"https:\\\/\\\/www.revuemusicale.ch\\\/critiques\\\/disques\\\/2014\\\/01\\\/brut-et-energique-2\",\"url\":\"https:\\\/\\\/www.revuemusicale.ch\\\/critiques\\\/disques\\\/2014\\\/01\\\/brut-et-energique-2\",\"name\":\"Brut et \u00e9nergique - Revue Musicale Suisse\",\"isPartOf\":{\"@id\":\"https:\\\/\\\/www.revuemusicale.ch\\\/#website\"},\"primaryImageOfPage\":{\"@id\":\"https:\\\/\\\/www.revuemusicale.ch\\\/critiques\\\/disques\\\/2014\\\/01\\\/brut-et-energique-2#primaryimage\"},\"image\":{\"@id\":\"https:\\\/\\\/www.revuemusicale.ch\\\/critiques\\\/disques\\\/2014\\\/01\\\/brut-et-energique-2#primaryimage\"},\"thumbnailUrl\":\"https:\\\/\\\/www.revuemusicale.ch\\\/wp-content\\\/uploads\\\/2024\\\/07\\\/Blind-Butcher.jpg\",\"datePublished\":\"2014-01-07T11:23:04+00:00\",\"dateModified\":\"2024-07-01T10:26:02+00:00\",\"breadcrumb\":{\"@id\":\"https:\\\/\\\/www.revuemusicale.ch\\\/critiques\\\/disques\\\/2014\\\/01\\\/brut-et-energique-2#breadcrumb\"},\"inLanguage\":\"it-IT\",\"potentialAction\":[{\"@type\":\"ReadAction\",\"target\":[\"https:\\\/\\\/www.revuemusicale.ch\\\/critiques\\\/disques\\\/2014\\\/01\\\/brut-et-energique-2\"]}]},{\"@type\":\"ImageObject\",\"inLanguage\":\"it-IT\",\"@id\":\"https:\\\/\\\/www.revuemusicale.ch\\\/critiques\\\/disques\\\/2014\\\/01\\\/brut-et-energique-2#primaryimage\",\"url\":\"https:\\\/\\\/www.revuemusicale.ch\\\/wp-content\\\/uploads\\\/2024\\\/07\\\/Blind-Butcher.jpg\",\"contentUrl\":\"https:\\\/\\\/www.revuemusicale.ch\\\/wp-content\\\/uploads\\\/2024\\\/07\\\/Blind-Butcher.jpg\",\"width\":554,\"height\":369},{\"@type\":\"BreadcrumbList\",\"@id\":\"https:\\\/\\\/www.revuemusicale.ch\\\/critiques\\\/disques\\\/2014\\\/01\\\/brut-et-energique-2#breadcrumb\",\"itemListElement\":[{\"@type\":\"ListItem\",\"position\":1,\"name\":\"Home\",\"item\":\"https:\\\/\\\/www.revuemusicale.ch\\\/\"},{\"@type\":\"ListItem\",\"position\":2,\"name\":\"Brut et \u00e9nergique\"}]},{\"@type\":\"WebSite\",\"@id\":\"https:\\\/\\\/www.revuemusicale.ch\\\/#website\",\"url\":\"https:\\\/\\\/www.revuemusicale.ch\\\/\",\"name\":\"Revue Musicale Suisse\",\"description\":\"\",\"publisher\":{\"@id\":\"https:\\\/\\\/www.revuemusicale.ch\\\/#organization\"},\"potentialAction\":[{\"@type\":\"SearchAction\",\"target\":{\"@type\":\"EntryPoint\",\"urlTemplate\":\"https:\\\/\\\/www.revuemusicale.ch\\\/?s={search_term_string}\"},\"query-input\":{\"@type\":\"PropertyValueSpecification\",\"valueRequired\":true,\"valueName\":\"search_term_string\"}}],\"inLanguage\":\"it-IT\"},{\"@type\":\"Organization\",\"@id\":\"https:\\\/\\\/www.revuemusicale.ch\\\/#organization\",\"name\":\"Revue Musicale Suisse\",\"url\":\"https:\\\/\\\/www.revuemusicale.ch\\\/\",\"logo\":{\"@type\":\"ImageObject\",\"inLanguage\":\"it-IT\",\"@id\":\"https:\\\/\\\/www.revuemusicale.ch\\\/#\\\/schema\\\/logo\\\/image\\\/\",\"url\":\"https:\\\/\\\/www.revuemusicale.ch\\\/wp-content\\\/uploads\\\/2023\\\/01\\\/logo_revuemusicale_musikzeitung.jpg\",\"contentUrl\":\"https:\\\/\\\/www.revuemusicale.ch\\\/wp-content\\\/uploads\\\/2023\\\/01\\\/logo_revuemusicale_musikzeitung.jpg\",\"width\":1200,\"height\":243,\"caption\":\"Revue Musicale Suisse\"},\"image\":{\"@id\":\"https:\\\/\\\/www.revuemusicale.ch\\\/#\\\/schema\\\/logo\\\/image\\\/\"},\"sameAs\":[\"https:\\\/\\\/www.facebook.com\\\/SchweizerMusikzeitung\\\/\",\"https:\\\/\\\/x.com\\\/smusikzeitung\",\"https:\\\/\\\/www.instagram.com\\\/musikzeitung.ch\\\/?hl=de\"]},{\"@type\":\"Person\",\"@id\":\"https:\\\/\\\/www.revuemusicale.ch\\\/#\\\/schema\\\/person\\\/b2fd892c800856270b9dcc6001265712\",\"name\":\"Musikzeitung-Redaktion\",\"image\":{\"@type\":\"ImageObject\",\"inLanguage\":\"it-IT\",\"@id\":\"https:\\\/\\\/secure.gravatar.com\\\/avatar\\\/0c7e6a405862e402eb76a70f8a26fc732d07c32931e9fae9ab1582911d2e8a3b?s=96&d=mm&r=g\",\"url\":\"https:\\\/\\\/secure.gravatar.com\\\/avatar\\\/0c7e6a405862e402eb76a70f8a26fc732d07c32931e9fae9ab1582911d2e8a3b?s=96&d=mm&r=g\",\"contentUrl\":\"https:\\\/\\\/secure.gravatar.com\\\/avatar\\\/0c7e6a405862e402eb76a70f8a26fc732d07c32931e9fae9ab1582911d2e8a3b?s=96&d=mm&r=g\",\"caption\":\"Musikzeitung-Redaktion\"},\"sameAs\":[\"http:\\\/\\\/wundo-docker.io\"],\"url\":\"https:\\\/\\\/www.revuemusicale.ch\\\/it\\\/author\\\/admin\"}]}<\/script>\n<!-- \/ Yoast SEO plugin. -->","yoast_head_json":{"title":"Brut et \u00e9nergique - Revue Musicale Suisse","robots":{"index":"index","follow":"follow","max-snippet":"max-snippet:-1","max-image-preview":"max-image-preview:large","max-video-preview":"max-video-preview:-1"},"canonical":"https:\/\/www.revuemusicale.ch\/it\/critiques\/disques\/2014\/01\/brut-et-energique-2\/","og_locale":"it_IT","og_type":"article","og_title":"Brut et \u00e9nergique - Revue Musicale Suisse","og_description":"Le duo lucernois, Blind Butcher est peut-\u00eatre aveugle, mais certainement pas sourd. La sortie de l'album \u00ab Albino \u00bb est pr\u00e9vue pour la mi-janvier.","og_url":"https:\/\/www.revuemusicale.ch\/it\/critiques\/disques\/2014\/01\/brut-et-energique-2\/","og_site_name":"Revue Musicale Suisse","article_publisher":"https:\/\/www.facebook.com\/SchweizerMusikzeitung\/","article_published_time":"2014-01-07T11:23:04+00:00","article_modified_time":"2024-07-01T10:26:02+00:00","og_image":[{"width":554,"height":369,"url":"https:\/\/www.revuemusicale.ch\/wp-content\/uploads\/2024\/07\/Blind-Butcher.jpg","type":"image\/jpeg"}],"author":"Musikzeitung-Redaktion","twitter_card":"summary_large_image","twitter_creator":"@smusikzeitung","twitter_site":"@smusikzeitung","twitter_misc":{"Scritto da":"Musikzeitung-Redaktion","Tempo di lettura stimato":"1 minuto"},"schema":{"@context":"https:\/\/schema.org","@graph":[{"@type":"Article","@id":"https:\/\/www.revuemusicale.ch\/critiques\/disques\/2014\/01\/brut-et-energique-2#article","isPartOf":{"@id":"https:\/\/www.revuemusicale.ch\/critiques\/disques\/2014\/01\/brut-et-energique-2"},"author":{"name":"Musikzeitung-Redaktion","@id":"https:\/\/www.revuemusicale.ch\/#\/schema\/person\/b2fd892c800856270b9dcc6001265712"},"headline":"Brut et \u00e9nergique","datePublished":"2014-01-07T11:23:04+00:00","dateModified":"2024-07-01T10:26:02+00:00","mainEntityOfPage":{"@id":"https:\/\/www.revuemusicale.ch\/critiques\/disques\/2014\/01\/brut-et-energique-2"},"wordCount":282,"publisher":{"@id":"https:\/\/www.revuemusicale.ch\/#organization"},"image":{"@id":"https:\/\/www.revuemusicale.ch\/critiques\/disques\/2014\/01\/brut-et-energique-2#primaryimage"},"thumbnailUrl":"https:\/\/www.revuemusicale.ch\/wp-content\/uploads\/2024\/07\/Blind-Butcher.jpg","articleSection":["Critiques","Disques"],"inLanguage":"it-IT"},{"@type":"WebPage","@id":"https:\/\/www.revuemusicale.ch\/critiques\/disques\/2014\/01\/brut-et-energique-2","url":"https:\/\/www.revuemusicale.ch\/critiques\/disques\/2014\/01\/brut-et-energique-2","name":"Brut et \u00e9nergique - Revue Musicale Suisse","isPartOf":{"@id":"https:\/\/www.revuemusicale.ch\/#website"},"primaryImageOfPage":{"@id":"https:\/\/www.revuemusicale.ch\/critiques\/disques\/2014\/01\/brut-et-energique-2#primaryimage"},"image":{"@id":"https:\/\/www.revuemusicale.ch\/critiques\/disques\/2014\/01\/brut-et-energique-2#primaryimage"},"thumbnailUrl":"https:\/\/www.revuemusicale.ch\/wp-content\/uploads\/2024\/07\/Blind-Butcher.jpg","datePublished":"2014-01-07T11:23:04+00:00","dateModified":"2024-07-01T10:26:02+00:00","breadcrumb":{"@id":"https:\/\/www.revuemusicale.ch\/critiques\/disques\/2014\/01\/brut-et-energique-2#breadcrumb"},"inLanguage":"it-IT","potentialAction":[{"@type":"ReadAction","target":["https:\/\/www.revuemusicale.ch\/critiques\/disques\/2014\/01\/brut-et-energique-2"]}]},{"@type":"ImageObject","inLanguage":"it-IT","@id":"https:\/\/www.revuemusicale.ch\/critiques\/disques\/2014\/01\/brut-et-energique-2#primaryimage","url":"https:\/\/www.revuemusicale.ch\/wp-content\/uploads\/2024\/07\/Blind-Butcher.jpg","contentUrl":"https:\/\/www.revuemusicale.ch\/wp-content\/uploads\/2024\/07\/Blind-Butcher.jpg","width":554,"height":369},{"@type":"BreadcrumbList","@id":"https:\/\/www.revuemusicale.ch\/critiques\/disques\/2014\/01\/brut-et-energique-2#breadcrumb","itemListElement":[{"@type":"ListItem","position":1,"name":"Home","item":"https:\/\/www.revuemusicale.ch\/"},{"@type":"ListItem","position":2,"name":"Brut et \u00e9nergique"}]},{"@type":"WebSite","@id":"https:\/\/www.revuemusicale.ch\/#website","url":"https:\/\/www.revuemusicale.ch\/","name":"Rassegna musicale svizzera","description":"","publisher":{"@id":"https:\/\/www.revuemusicale.ch\/#organization"},"potentialAction":[{"@type":"SearchAction","target":{"@type":"EntryPoint","urlTemplate":"https:\/\/www.revuemusicale.ch\/?s={search_term_string}"},"query-input":{"@type":"PropertyValueSpecification","valueRequired":true,"valueName":"search_term_string"}}],"inLanguage":"it-IT"},{"@type":"Organization","@id":"https:\/\/www.revuemusicale.ch\/#organization","name":"Rassegna musicale svizzera","url":"https:\/\/www.revuemusicale.ch\/","logo":{"@type":"ImageObject","inLanguage":"it-IT","@id":"https:\/\/www.revuemusicale.ch\/#\/schema\/logo\/image\/","url":"https:\/\/www.revuemusicale.ch\/wp-content\/uploads\/2023\/01\/logo_revuemusicale_musikzeitung.jpg","contentUrl":"https:\/\/www.revuemusicale.ch\/wp-content\/uploads\/2023\/01\/logo_revuemusicale_musikzeitung.jpg","width":1200,"height":243,"caption":"Revue Musicale Suisse"},"image":{"@id":"https:\/\/www.revuemusicale.ch\/#\/schema\/logo\/image\/"},"sameAs":["https:\/\/www.facebook.com\/SchweizerMusikzeitung\/","https:\/\/x.com\/smusikzeitung","https:\/\/www.instagram.com\/musikzeitung.ch\/?hl=de"]},{"@type":"Person","@id":"https:\/\/www.revuemusicale.ch\/#\/schema\/person\/b2fd892c800856270b9dcc6001265712","name":"Musikzeitung-Redaktion","image":{"@type":"ImageObject","inLanguage":"it-IT","@id":"https:\/\/secure.gravatar.com\/avatar\/0c7e6a405862e402eb76a70f8a26fc732d07c32931e9fae9ab1582911d2e8a3b?s=96&d=mm&r=g","url":"https:\/\/secure.gravatar.com\/avatar\/0c7e6a405862e402eb76a70f8a26fc732d07c32931e9fae9ab1582911d2e8a3b?s=96&d=mm&r=g","contentUrl":"https:\/\/secure.gravatar.com\/avatar\/0c7e6a405862e402eb76a70f8a26fc732d07c32931e9fae9ab1582911d2e8a3b?s=96&d=mm&r=g","caption":"Musikzeitung-Redaktion"},"sameAs":["http:\/\/wundo-docker.io"],"url":"https:\/\/www.revuemusicale.ch\/it\/author\/admin"}]}},"publishpress_future_action":{"enabled":false,"date":"1970-01-01 01:00:00","action":"change-status","newStatus":"draft","terms":[],"taxonomy":"category","extraData":[]},"publishpress_future_workflow_manual_trigger":{"enabledWorkflows":[]},"_links":{"self":[{"href":"https:\/\/www.revuemusicale.ch\/it\/wp-json\/wp\/v2\/posts\/30547","targetHints":{"allow":["GET"]}}],"collection":[{"href":"https:\/\/www.revuemusicale.ch\/it\/wp-json\/wp\/v2\/posts"}],"about":[{"href":"https:\/\/www.revuemusicale.ch\/it\/wp-json\/wp\/v2\/types\/post"}],"author":[{"embeddable":true,"href":"https:\/\/www.revuemusicale.ch\/it\/wp-json\/wp\/v2\/users\/1"}],"replies":[{"embeddable":true,"href":"https:\/\/www.revuemusicale.ch\/it\/wp-json\/wp\/v2\/comments?post=30547"}],"version-history":[{"count":1,"href":"https:\/\/www.revuemusicale.ch\/it\/wp-json\/wp\/v2\/posts\/30547\/revisions"}],"predecessor-version":[{"id":30550,"href":"https:\/\/www.revuemusicale.ch\/it\/wp-json\/wp\/v2\/posts\/30547\/revisions\/30550"}],"wp:featuredmedia":[{"embeddable":true,"href":"https:\/\/www.revuemusicale.ch\/it\/wp-json\/wp\/v2\/media\/30549"}],"wp:attachment":[{"href":"https:\/\/www.revuemusicale.ch\/it\/wp-json\/wp\/v2\/media?parent=30547"}],"wp:term":[{"taxonomy":"category","embeddable":true,"href":"https:\/\/www.revuemusicale.ch\/it\/wp-json\/wp\/v2\/categories?post=30547"},{"taxonomy":"post_tag","embeddable":true,"href":"https:\/\/www.revuemusicale.ch\/it\/wp-json\/wp\/v2\/tags?post=30547"}],"curies":[{"name":"wp","href":"https:\/\/api.w.org\/{rel}","templated":true}]}}