{"id":30981,"date":"2024-11-22T15:07:31","date_gmt":"2024-11-22T14:07:31","guid":{"rendered":"https:\/\/www.revuemusicale.ch\/?p=30981"},"modified":"2024-11-22T15:07:31","modified_gmt":"2024-11-22T14:07:31","slug":"deux-journees-pour-linnovation","status":"publish","type":"post","link":"https:\/\/www.revuemusicale.ch\/it\/basis\/asem\/2024\/11\/deux-journees-pour-linnovation","title":{"rendered":"Due giorni per l'innovazione"},"content":{"rendered":"<p class=\"p1\">\u00c8 l'undicesima volta che l'Associazione svizzera delle scuole di musica organizza il suo \"Forum sull'educazione musicale\" nella comoda citt\u00e0 di Baden. Quest'anno l'attenzione \u00e8 rivolta al futuro del lavoro e all'intelligenza artificiale. Raphael Gielgen, osservatore delle tendenze per il marchio di mobili di design Vitra, parler\u00e0 di ci\u00f2 che apprende dalle sue visite annuali a un centinaio di uffici e aziende. \"Ci sono vantaggi sia nel preservare che nel rovesciare ci\u00f2 che \u00e8 stato raggiunto, e l'ideale \u00e8 combinare le due cose\", dice, ad esempio. Barbara Josef, della societ\u00e0 \"5-9\", si concentrer\u00e0 sullo sviluppo delle organizzazioni.<span class=\"Apple-converted-space\">\u00a0<\/span><\/p>\n<p class=\"p1\">Richard-Emmanuel Eastes<span class=\"s1\"> e\u00a0<\/span>Gilbert Nouno presenter\u00e0 modi concreti in cui l'intelligenza artificiale pu\u00f2 essere utilizzata nelle scuole di musica. \"Sono lieto di vedere che questi argomenti apriranno molte nuove strade\", afferma Philippe M\u00fcller, direttore del Cercle L\u00e9manique d'Etudes Musicales e membro del comitato ASEM.<\/p>\n<p class=\"p1\"><b>Progetti innovativi per le scuole di musica<\/b><\/p>\n<p class=\"p1\">Il concorso ASEM per le migliori pratiche \u00e8 un'illustrazione del dinamismo e della creativit\u00e0 gi\u00e0 dimostrati dalle scuole di musica. Una giuria ha selezionato dieci finalisti tra i numerosi progetti pervenuti, che saranno presentati al forum e alcuni dei quali saranno premiati.<\/p>\n<p class=\"p1\"><b>50 anni di ASEM<\/b><\/p>\n<p class=\"p1\">I vincitori di tutte le categorie del Concorso svizzero di musica per la giovent\u00f9 offriranno intermezzi musicali. Ci sar\u00e0 anche un radiobus: un gruppo di giovani studenti della scuola di musica del cantone di Baden ospiter\u00e0 trasmissioni radiofoniche e intervister\u00e0 i passanti sul tema delle scuole di musica. Questa azione sar\u00e0 anche l'inizio delle celebrazioni per il 50\u00b0 anniversario.<span class=\"s2\"><sup>e<\/sup><\/span> anniversario dell'associazione, che culminer\u00e0 il 19 novembre 2025 all'Hotel National di Berna.<\/p>\n<p>&nbsp;<\/p>\n<p>Ulteriori informazioni e iscrizioni: <a href=\"https:\/\/www.verband-musikschulen.ch\/fr\/veranstaltungen\/FMB\/fmb-2025\">FFM 2025<img loading=\"lazy\" decoding=\"async\" class=\"alignnone  wp-image-30982\" src=\"https:\/\/www.revuemusicale.ch\/wp-content\/uploads\/2024\/11\/Bildschirmfoto-2024-11-22-um-15.05.43.png\" alt=\"Inscription FFM 2025\" width=\"788\" height=\"554\" srcset=\"https:\/\/www.revuemusicale.ch\/wp-content\/uploads\/2024\/11\/Bildschirmfoto-2024-11-22-um-15.05.43.png 1400w, https:\/\/www.revuemusicale.ch\/wp-content\/uploads\/2024\/11\/Bildschirmfoto-2024-11-22-um-15.05.43-300x211.png 300w, https:\/\/www.revuemusicale.ch\/wp-content\/uploads\/2024\/11\/Bildschirmfoto-2024-11-22-um-15.05.43-1024x720.png 1024w, https:\/\/www.revuemusicale.ch\/wp-content\/uploads\/2024\/11\/Bildschirmfoto-2024-11-22-um-15.05.43-768x540.png 768w, https:\/\/www.revuemusicale.ch\/wp-content\/uploads\/2024\/11\/Bildschirmfoto-2024-11-22-um-15.05.43-1536x1080.png 1536w, https:\/\/www.revuemusicale.ch\/wp-content\/uploads\/2024\/11\/Bildschirmfoto-2024-11-22-um-15.05.43-18x12.png 18w, https:\/\/www.revuemusicale.ch\/wp-content\/uploads\/2024\/11\/Bildschirmfoto-2024-11-22-um-15.05.43-249x175.png 249w, https:\/\/www.revuemusicale.ch\/wp-content\/uploads\/2024\/11\/Bildschirmfoto-2024-11-22-um-15.05.43-498x350.png 498w, https:\/\/www.revuemusicale.ch\/wp-content\/uploads\/2024\/11\/Bildschirmfoto-2024-11-22-um-15.05.43-1138x800.png 1138w, https:\/\/www.revuemusicale.ch\/wp-content\/uploads\/2024\/11\/Bildschirmfoto-2024-11-22-um-15.05.43-920x647.png 920w\" sizes=\"auto, (max-width: 788px) 100vw, 788px\" \/><\/a><\/p>","protected":false},"excerpt":{"rendered":"<p>Le attivit\u00e0 quotidiane spesso lasciano poco tempo per riflettere: gli insegnanti e gli amministratori delle scuole di musica potranno recuperare il tempo perduto al Forum sull'educazione musicale 2025. Il programma dell'evento prevede workshop interattivi e conferenze, integrati da produzioni musicali di giovani talenti.<\/p>","protected":false},"author":21891,"featured_media":30982,"comment_status":"closed","ping_status":"closed","sticky":false,"template":"","format":"standard","meta":{"_acf_changed":false,"_relevanssi_hide_post":"","_relevanssi_hide_content":"","_relevanssi_pin_for_all":"","_relevanssi_pin_keywords":"","_relevanssi_unpin_keywords":"","_relevanssi_related_keywords":"","_relevanssi_related_include_ids":"","_relevanssi_related_exclude_ids":"","_relevanssi_related_no_append":"","_relevanssi_related_not_related":"","_relevanssi_related_posts":"","_relevanssi_noindex_reason":"","pgc_sgb_lightbox_settings":"","footnotes":""},"categories":[56],"tags":[],"class_list":["post-30981","post","type-post","status-publish","format-standard","has-post-thumbnail","hentry","category-asem"],"acf":[],"yoast_head":"<!-- This site is optimized with the Yoast SEO plugin v27.3 - https:\/\/yoast.com\/product\/yoast-seo-wordpress\/ -->\n<title>Deux journ\u00e9es pour l\u2019innovation - Revue Musicale Suisse<\/title>\n<meta name=\"robots\" content=\"index, follow, max-snippet:-1, max-image-preview:large, max-video-preview:-1\" \/>\n<link rel=\"canonical\" href=\"https:\/\/www.revuemusicale.ch\/it\/basis\/asem\/2024\/11\/deux-journees-pour-linnovation\/\" \/>\n<meta property=\"og:locale\" content=\"it_IT\" \/>\n<meta property=\"og:type\" content=\"article\" \/>\n<meta property=\"og:title\" content=\"Deux journ\u00e9es pour l\u2019innovation - Revue Musicale Suisse\" \/>\n<meta property=\"og:description\" content=\"Les activit\u00e9s quotidiennes ne laissent souvent que peu de temps pour la r\u00e9flexion - les professeur-es et directions des \u00e9coles de musique pourront se rattraper lors du Forum sur la formation musicale 2025. Au programme de la manifestation figureront des ateliers interactifs et des conf\u00e9rences, que compl\u00e8teront les productions musicales de jeunes talents.\" \/>\n<meta property=\"og:url\" content=\"https:\/\/www.revuemusicale.ch\/it\/basis\/asem\/2024\/11\/deux-journees-pour-linnovation\/\" \/>\n<meta property=\"og:site_name\" content=\"Revue Musicale Suisse\" \/>\n<meta property=\"article:publisher\" content=\"https:\/\/www.facebook.com\/SchweizerMusikzeitung\/\" \/>\n<meta property=\"article:published_time\" content=\"2024-11-22T14:07:31+00:00\" \/>\n<meta property=\"og:image\" content=\"https:\/\/www.revuemusicale.ch\/wp-content\/uploads\/2024\/11\/Bildschirmfoto-2024-11-22-um-15.05.43.png\" \/>\n\t<meta property=\"og:image:width\" content=\"1642\" \/>\n\t<meta property=\"og:image:height\" content=\"1154\" \/>\n\t<meta property=\"og:image:type\" content=\"image\/png\" \/>\n<meta name=\"author\" content=\"Anicia Kohler\" \/>\n<meta name=\"twitter:card\" content=\"summary_large_image\" \/>\n<meta name=\"twitter:creator\" content=\"@smusikzeitung\" \/>\n<meta name=\"twitter:site\" content=\"@smusikzeitung\" \/>\n<meta name=\"twitter:label1\" content=\"Scritto da\" \/>\n\t<meta name=\"twitter:data1\" content=\"Anicia Kohler\" \/>\n\t<meta name=\"twitter:label2\" content=\"Tempo di lettura stimato\" \/>\n\t<meta name=\"twitter:data2\" content=\"2 minuti\" \/>\n<script type=\"application\/ld+json\" class=\"yoast-schema-graph\">{\"@context\":\"https:\\\/\\\/schema.org\",\"@graph\":[{\"@type\":\"Article\",\"@id\":\"https:\\\/\\\/www.revuemusicale.ch\\\/basis\\\/asem\\\/2024\\\/11\\\/deux-journees-pour-linnovation#article\",\"isPartOf\":{\"@id\":\"https:\\\/\\\/www.revuemusicale.ch\\\/basis\\\/asem\\\/2024\\\/11\\\/deux-journees-pour-linnovation\"},\"author\":{\"name\":\"Anicia Kohler\",\"@id\":\"https:\\\/\\\/www.revuemusicale.ch\\\/#\\\/schema\\\/person\\\/e4ba37136bd24461e8c7874590a4762f\"},\"headline\":\"Deux journ\u00e9es pour l\u2019innovation\",\"datePublished\":\"2024-11-22T14:07:31+00:00\",\"mainEntityOfPage\":{\"@id\":\"https:\\\/\\\/www.revuemusicale.ch\\\/basis\\\/asem\\\/2024\\\/11\\\/deux-journees-pour-linnovation\"},\"wordCount\":343,\"publisher\":{\"@id\":\"https:\\\/\\\/www.revuemusicale.ch\\\/#organization\"},\"image\":{\"@id\":\"https:\\\/\\\/www.revuemusicale.ch\\\/basis\\\/asem\\\/2024\\\/11\\\/deux-journees-pour-linnovation#primaryimage\"},\"thumbnailUrl\":\"https:\\\/\\\/www.revuemusicale.ch\\\/wp-content\\\/uploads\\\/2024\\\/11\\\/Bildschirmfoto-2024-11-22-um-15.05.43.png\",\"articleSection\":[\"ASEM\"],\"inLanguage\":\"it-IT\"},{\"@type\":\"WebPage\",\"@id\":\"https:\\\/\\\/www.revuemusicale.ch\\\/basis\\\/asem\\\/2024\\\/11\\\/deux-journees-pour-linnovation\",\"url\":\"https:\\\/\\\/www.revuemusicale.ch\\\/basis\\\/asem\\\/2024\\\/11\\\/deux-journees-pour-linnovation\",\"name\":\"Deux journ\u00e9es pour l\u2019innovation - Revue Musicale Suisse\",\"isPartOf\":{\"@id\":\"https:\\\/\\\/www.revuemusicale.ch\\\/#website\"},\"primaryImageOfPage\":{\"@id\":\"https:\\\/\\\/www.revuemusicale.ch\\\/basis\\\/asem\\\/2024\\\/11\\\/deux-journees-pour-linnovation#primaryimage\"},\"image\":{\"@id\":\"https:\\\/\\\/www.revuemusicale.ch\\\/basis\\\/asem\\\/2024\\\/11\\\/deux-journees-pour-linnovation#primaryimage\"},\"thumbnailUrl\":\"https:\\\/\\\/www.revuemusicale.ch\\\/wp-content\\\/uploads\\\/2024\\\/11\\\/Bildschirmfoto-2024-11-22-um-15.05.43.png\",\"datePublished\":\"2024-11-22T14:07:31+00:00\",\"breadcrumb\":{\"@id\":\"https:\\\/\\\/www.revuemusicale.ch\\\/basis\\\/asem\\\/2024\\\/11\\\/deux-journees-pour-linnovation#breadcrumb\"},\"inLanguage\":\"it-IT\",\"potentialAction\":[{\"@type\":\"ReadAction\",\"target\":[\"https:\\\/\\\/www.revuemusicale.ch\\\/basis\\\/asem\\\/2024\\\/11\\\/deux-journees-pour-linnovation\"]}]},{\"@type\":\"ImageObject\",\"inLanguage\":\"it-IT\",\"@id\":\"https:\\\/\\\/www.revuemusicale.ch\\\/basis\\\/asem\\\/2024\\\/11\\\/deux-journees-pour-linnovation#primaryimage\",\"url\":\"https:\\\/\\\/www.revuemusicale.ch\\\/wp-content\\\/uploads\\\/2024\\\/11\\\/Bildschirmfoto-2024-11-22-um-15.05.43.png\",\"contentUrl\":\"https:\\\/\\\/www.revuemusicale.ch\\\/wp-content\\\/uploads\\\/2024\\\/11\\\/Bildschirmfoto-2024-11-22-um-15.05.43.png\",\"width\":1400,\"height\":984,\"caption\":\"Inscription FFM 2025\"},{\"@type\":\"BreadcrumbList\",\"@id\":\"https:\\\/\\\/www.revuemusicale.ch\\\/basis\\\/asem\\\/2024\\\/11\\\/deux-journees-pour-linnovation#breadcrumb\",\"itemListElement\":[{\"@type\":\"ListItem\",\"position\":1,\"name\":\"Home\",\"item\":\"https:\\\/\\\/www.revuemusicale.ch\\\/\"},{\"@type\":\"ListItem\",\"position\":2,\"name\":\"Deux journ\u00e9es pour l\u2019innovation\"}]},{\"@type\":\"WebSite\",\"@id\":\"https:\\\/\\\/www.revuemusicale.ch\\\/#website\",\"url\":\"https:\\\/\\\/www.revuemusicale.ch\\\/\",\"name\":\"Revue Musicale Suisse\",\"description\":\"\",\"publisher\":{\"@id\":\"https:\\\/\\\/www.revuemusicale.ch\\\/#organization\"},\"potentialAction\":[{\"@type\":\"SearchAction\",\"target\":{\"@type\":\"EntryPoint\",\"urlTemplate\":\"https:\\\/\\\/www.revuemusicale.ch\\\/?s={search_term_string}\"},\"query-input\":{\"@type\":\"PropertyValueSpecification\",\"valueRequired\":true,\"valueName\":\"search_term_string\"}}],\"inLanguage\":\"it-IT\"},{\"@type\":\"Organization\",\"@id\":\"https:\\\/\\\/www.revuemusicale.ch\\\/#organization\",\"name\":\"Revue Musicale Suisse\",\"url\":\"https:\\\/\\\/www.revuemusicale.ch\\\/\",\"logo\":{\"@type\":\"ImageObject\",\"inLanguage\":\"it-IT\",\"@id\":\"https:\\\/\\\/www.revuemusicale.ch\\\/#\\\/schema\\\/logo\\\/image\\\/\",\"url\":\"https:\\\/\\\/www.revuemusicale.ch\\\/wp-content\\\/uploads\\\/2023\\\/01\\\/logo_revuemusicale_musikzeitung.jpg\",\"contentUrl\":\"https:\\\/\\\/www.revuemusicale.ch\\\/wp-content\\\/uploads\\\/2023\\\/01\\\/logo_revuemusicale_musikzeitung.jpg\",\"width\":1200,\"height\":243,\"caption\":\"Revue Musicale Suisse\"},\"image\":{\"@id\":\"https:\\\/\\\/www.revuemusicale.ch\\\/#\\\/schema\\\/logo\\\/image\\\/\"},\"sameAs\":[\"https:\\\/\\\/www.facebook.com\\\/SchweizerMusikzeitung\\\/\",\"https:\\\/\\\/x.com\\\/smusikzeitung\",\"https:\\\/\\\/www.instagram.com\\\/musikzeitung.ch\\\/?hl=de\"]},{\"@type\":\"Person\",\"@id\":\"https:\\\/\\\/www.revuemusicale.ch\\\/#\\\/schema\\\/person\\\/e4ba37136bd24461e8c7874590a4762f\",\"name\":\"Anicia Kohler\",\"image\":{\"@type\":\"ImageObject\",\"inLanguage\":\"it-IT\",\"@id\":\"https:\\\/\\\/secure.gravatar.com\\\/avatar\\\/6ea00b417b00b657b92c811768262d33fd76a3d20dcab3e19ff7f2a1eedf1412?s=96&d=mm&r=g\",\"url\":\"https:\\\/\\\/secure.gravatar.com\\\/avatar\\\/6ea00b417b00b657b92c811768262d33fd76a3d20dcab3e19ff7f2a1eedf1412?s=96&d=mm&r=g\",\"contentUrl\":\"https:\\\/\\\/secure.gravatar.com\\\/avatar\\\/6ea00b417b00b657b92c811768262d33fd76a3d20dcab3e19ff7f2a1eedf1412?s=96&d=mm&r=g\",\"caption\":\"Anicia Kohler\"},\"url\":\"https:\\\/\\\/www.revuemusicale.ch\\\/it\\\/author\\\/anicia-kohler\"}]}<\/script>\n<!-- \/ Yoast SEO plugin. -->","yoast_head_json":{"title":"Deux journ\u00e9es pour l\u2019innovation - Revue Musicale Suisse","robots":{"index":"index","follow":"follow","max-snippet":"max-snippet:-1","max-image-preview":"max-image-preview:large","max-video-preview":"max-video-preview:-1"},"canonical":"https:\/\/www.revuemusicale.ch\/it\/basis\/asem\/2024\/11\/deux-journees-pour-linnovation\/","og_locale":"it_IT","og_type":"article","og_title":"Deux journ\u00e9es pour l\u2019innovation - Revue Musicale Suisse","og_description":"Les activit\u00e9s quotidiennes ne laissent souvent que peu de temps pour la r\u00e9flexion - les professeur-es et directions des \u00e9coles de musique pourront se rattraper lors du Forum sur la formation musicale 2025. Au programme de la manifestation figureront des ateliers interactifs et des conf\u00e9rences, que compl\u00e8teront les productions musicales de jeunes talents.","og_url":"https:\/\/www.revuemusicale.ch\/it\/basis\/asem\/2024\/11\/deux-journees-pour-linnovation\/","og_site_name":"Revue Musicale Suisse","article_publisher":"https:\/\/www.facebook.com\/SchweizerMusikzeitung\/","article_published_time":"2024-11-22T14:07:31+00:00","og_image":[{"width":1642,"height":1154,"url":"https:\/\/www.revuemusicale.ch\/wp-content\/uploads\/2024\/11\/Bildschirmfoto-2024-11-22-um-15.05.43.png","type":"image\/png"}],"author":"Anicia Kohler","twitter_card":"summary_large_image","twitter_creator":"@smusikzeitung","twitter_site":"@smusikzeitung","twitter_misc":{"Scritto da":"Anicia Kohler","Tempo di lettura stimato":"2 minuti"},"schema":{"@context":"https:\/\/schema.org","@graph":[{"@type":"Article","@id":"https:\/\/www.revuemusicale.ch\/basis\/asem\/2024\/11\/deux-journees-pour-linnovation#article","isPartOf":{"@id":"https:\/\/www.revuemusicale.ch\/basis\/asem\/2024\/11\/deux-journees-pour-linnovation"},"author":{"name":"Anicia Kohler","@id":"https:\/\/www.revuemusicale.ch\/#\/schema\/person\/e4ba37136bd24461e8c7874590a4762f"},"headline":"Deux journ\u00e9es pour l\u2019innovation","datePublished":"2024-11-22T14:07:31+00:00","mainEntityOfPage":{"@id":"https:\/\/www.revuemusicale.ch\/basis\/asem\/2024\/11\/deux-journees-pour-linnovation"},"wordCount":343,"publisher":{"@id":"https:\/\/www.revuemusicale.ch\/#organization"},"image":{"@id":"https:\/\/www.revuemusicale.ch\/basis\/asem\/2024\/11\/deux-journees-pour-linnovation#primaryimage"},"thumbnailUrl":"https:\/\/www.revuemusicale.ch\/wp-content\/uploads\/2024\/11\/Bildschirmfoto-2024-11-22-um-15.05.43.png","articleSection":["ASEM"],"inLanguage":"it-IT"},{"@type":"WebPage","@id":"https:\/\/www.revuemusicale.ch\/basis\/asem\/2024\/11\/deux-journees-pour-linnovation","url":"https:\/\/www.revuemusicale.ch\/basis\/asem\/2024\/11\/deux-journees-pour-linnovation","name":"Deux journ\u00e9es pour l\u2019innovation - Revue Musicale Suisse","isPartOf":{"@id":"https:\/\/www.revuemusicale.ch\/#website"},"primaryImageOfPage":{"@id":"https:\/\/www.revuemusicale.ch\/basis\/asem\/2024\/11\/deux-journees-pour-linnovation#primaryimage"},"image":{"@id":"https:\/\/www.revuemusicale.ch\/basis\/asem\/2024\/11\/deux-journees-pour-linnovation#primaryimage"},"thumbnailUrl":"https:\/\/www.revuemusicale.ch\/wp-content\/uploads\/2024\/11\/Bildschirmfoto-2024-11-22-um-15.05.43.png","datePublished":"2024-11-22T14:07:31+00:00","breadcrumb":{"@id":"https:\/\/www.revuemusicale.ch\/basis\/asem\/2024\/11\/deux-journees-pour-linnovation#breadcrumb"},"inLanguage":"it-IT","potentialAction":[{"@type":"ReadAction","target":["https:\/\/www.revuemusicale.ch\/basis\/asem\/2024\/11\/deux-journees-pour-linnovation"]}]},{"@type":"ImageObject","inLanguage":"it-IT","@id":"https:\/\/www.revuemusicale.ch\/basis\/asem\/2024\/11\/deux-journees-pour-linnovation#primaryimage","url":"https:\/\/www.revuemusicale.ch\/wp-content\/uploads\/2024\/11\/Bildschirmfoto-2024-11-22-um-15.05.43.png","contentUrl":"https:\/\/www.revuemusicale.ch\/wp-content\/uploads\/2024\/11\/Bildschirmfoto-2024-11-22-um-15.05.43.png","width":1400,"height":984,"caption":"Inscription FFM 2025"},{"@type":"BreadcrumbList","@id":"https:\/\/www.revuemusicale.ch\/basis\/asem\/2024\/11\/deux-journees-pour-linnovation#breadcrumb","itemListElement":[{"@type":"ListItem","position":1,"name":"Home","item":"https:\/\/www.revuemusicale.ch\/"},{"@type":"ListItem","position":2,"name":"Deux journ\u00e9es pour l\u2019innovation"}]},{"@type":"WebSite","@id":"https:\/\/www.revuemusicale.ch\/#website","url":"https:\/\/www.revuemusicale.ch\/","name":"Rassegna musicale svizzera","description":"","publisher":{"@id":"https:\/\/www.revuemusicale.ch\/#organization"},"potentialAction":[{"@type":"SearchAction","target":{"@type":"EntryPoint","urlTemplate":"https:\/\/www.revuemusicale.ch\/?s={search_term_string}"},"query-input":{"@type":"PropertyValueSpecification","valueRequired":true,"valueName":"search_term_string"}}],"inLanguage":"it-IT"},{"@type":"Organization","@id":"https:\/\/www.revuemusicale.ch\/#organization","name":"Rassegna musicale svizzera","url":"https:\/\/www.revuemusicale.ch\/","logo":{"@type":"ImageObject","inLanguage":"it-IT","@id":"https:\/\/www.revuemusicale.ch\/#\/schema\/logo\/image\/","url":"https:\/\/www.revuemusicale.ch\/wp-content\/uploads\/2023\/01\/logo_revuemusicale_musikzeitung.jpg","contentUrl":"https:\/\/www.revuemusicale.ch\/wp-content\/uploads\/2023\/01\/logo_revuemusicale_musikzeitung.jpg","width":1200,"height":243,"caption":"Revue Musicale Suisse"},"image":{"@id":"https:\/\/www.revuemusicale.ch\/#\/schema\/logo\/image\/"},"sameAs":["https:\/\/www.facebook.com\/SchweizerMusikzeitung\/","https:\/\/x.com\/smusikzeitung","https:\/\/www.instagram.com\/musikzeitung.ch\/?hl=de"]},{"@type":"Person","@id":"https:\/\/www.revuemusicale.ch\/#\/schema\/person\/e4ba37136bd24461e8c7874590a4762f","name":"Anicia Kohler","image":{"@type":"ImageObject","inLanguage":"it-IT","@id":"https:\/\/secure.gravatar.com\/avatar\/6ea00b417b00b657b92c811768262d33fd76a3d20dcab3e19ff7f2a1eedf1412?s=96&d=mm&r=g","url":"https:\/\/secure.gravatar.com\/avatar\/6ea00b417b00b657b92c811768262d33fd76a3d20dcab3e19ff7f2a1eedf1412?s=96&d=mm&r=g","contentUrl":"https:\/\/secure.gravatar.com\/avatar\/6ea00b417b00b657b92c811768262d33fd76a3d20dcab3e19ff7f2a1eedf1412?s=96&d=mm&r=g","caption":"Anicia Kohler"},"url":"https:\/\/www.revuemusicale.ch\/it\/author\/anicia-kohler"}]}},"publishpress_future_action":{"enabled":false,"date":"1970-01-01 01:00:00","action":"change-status","newStatus":"draft","terms":[],"taxonomy":"category","extraData":[]},"publishpress_future_workflow_manual_trigger":{"enabledWorkflows":[]},"_links":{"self":[{"href":"https:\/\/www.revuemusicale.ch\/it\/wp-json\/wp\/v2\/posts\/30981","targetHints":{"allow":["GET"]}}],"collection":[{"href":"https:\/\/www.revuemusicale.ch\/it\/wp-json\/wp\/v2\/posts"}],"about":[{"href":"https:\/\/www.revuemusicale.ch\/it\/wp-json\/wp\/v2\/types\/post"}],"author":[{"embeddable":true,"href":"https:\/\/www.revuemusicale.ch\/it\/wp-json\/wp\/v2\/users\/21891"}],"replies":[{"embeddable":true,"href":"https:\/\/www.revuemusicale.ch\/it\/wp-json\/wp\/v2\/comments?post=30981"}],"version-history":[{"count":1,"href":"https:\/\/www.revuemusicale.ch\/it\/wp-json\/wp\/v2\/posts\/30981\/revisions"}],"predecessor-version":[{"id":30983,"href":"https:\/\/www.revuemusicale.ch\/it\/wp-json\/wp\/v2\/posts\/30981\/revisions\/30983"}],"wp:featuredmedia":[{"embeddable":true,"href":"https:\/\/www.revuemusicale.ch\/it\/wp-json\/wp\/v2\/media\/30982"}],"wp:attachment":[{"href":"https:\/\/www.revuemusicale.ch\/it\/wp-json\/wp\/v2\/media?parent=30981"}],"wp:term":[{"taxonomy":"category","embeddable":true,"href":"https:\/\/www.revuemusicale.ch\/it\/wp-json\/wp\/v2\/categories?post=30981"},{"taxonomy":"post_tag","embeddable":true,"href":"https:\/\/www.revuemusicale.ch\/it\/wp-json\/wp\/v2\/tags?post=30981"}],"curies":[{"name":"wp","href":"https:\/\/api.w.org\/{rel}","templated":true}]}}