{"id":31031,"date":"2025-01-23T09:37:52","date_gmt":"2025-01-23T08:37:52","guid":{"rendered":"https:\/\/www.revuemusicale.ch\/?p=31031"},"modified":"2025-04-17T11:55:04","modified_gmt":"2025-04-17T09:55:04","slug":"massenet-leclectique","status":"publish","type":"post","link":"https:\/\/www.revuemusicale.ch\/it\/critiques\/livres-et-partitions\/2025\/01\/massenet-leclectique","title":{"rendered":"Massenet l'eclettico"},"content":{"rendered":"<figure id=\"attachment_31039\" aria-describedby=\"caption-attachment-31039\" style=\"width: 1280px\" class=\"wp-caption alignleft\"><img loading=\"lazy\" decoding=\"async\" class=\"wp-image-31039 size-full\" src=\"https:\/\/www.revuemusicale.ch\/wp-content\/uploads\/2025\/01\/Portrait_Massenet.jpg\" alt=\"\" width=\"1280\" height=\"905\" srcset=\"https:\/\/www.revuemusicale.ch\/wp-content\/uploads\/2025\/01\/Portrait_Massenet.jpg 1280w, https:\/\/www.revuemusicale.ch\/wp-content\/uploads\/2025\/01\/Portrait_Massenet-300x212.jpg 300w, https:\/\/www.revuemusicale.ch\/wp-content\/uploads\/2025\/01\/Portrait_Massenet-1024x724.jpg 1024w, https:\/\/www.revuemusicale.ch\/wp-content\/uploads\/2025\/01\/Portrait_Massenet-768x543.jpg 768w, https:\/\/www.revuemusicale.ch\/wp-content\/uploads\/2025\/01\/Portrait_Massenet-18x12.jpg 18w, https:\/\/www.revuemusicale.ch\/wp-content\/uploads\/2025\/01\/Portrait_Massenet-248x175.jpg 248w, https:\/\/www.revuemusicale.ch\/wp-content\/uploads\/2025\/01\/Portrait_Massenet-495x350.jpg 495w, https:\/\/www.revuemusicale.ch\/wp-content\/uploads\/2025\/01\/Portrait_Massenet-1131x800.jpg 1131w, https:\/\/www.revuemusicale.ch\/wp-content\/uploads\/2025\/01\/Portrait_Massenet-920x650.jpg 920w\" sizes=\"auto, (max-width: 1280px) 100vw, 1280px\" \/><figcaption id=\"caption-attachment-31039\" class=\"wp-caption-text\">Jules Massenet seduto alla sua scrivania, al lavoro, tra il 1885 e il 1895. Foto: Paul Cardon, <a href=\"https:\/\/commons.wikimedia.org\/wiki\/File:Portrait_du_compositeur_Jules_Emile_Fr%C3%A9d%C3%A9ric_Massenet_(1842-1912)._PH8927.jpg?uselang=de\" target=\"_blank\" rel=\"noopener\">Museo Carnavalet \/ wikimedia commons<\/a><\/figcaption><\/figure>\n<p>Molto ammirata ai suoi tempi, fu presto fuori moda, disprezzata, accusata prudentemente di sentimentalismo, apprezzata con timidezza e vergogna, e di solito limitata all'ascolto delle sue due opere pi\u00f9 famose, <em>Manon<\/em> e <em>Werther<\/em>La musica di Jules Massenet merita molto di pi\u00f9 dell'accondiscendenza a cui \u00e8 stata a lungo sottoposta, spesso per ignoranza della diversit\u00e0 e dell'eclettismo della sua produzione, che ha esplorato tutti i generi e i registri del teatro lirico, affrontando i soggetti pi\u00f9 diversi: grand-op\u00e9ra, opera comica, fiaba, dramma lirico, miracolo, commedia cantata, episodio verista, tra gli altri. Da artigiano con una perfetta padronanza del proprio mestiere, padroneggiando sottilmente la scrittura vocale, la prosodia, l'efficacia drammaturgica, l'orchestrazione e la forma, ha sondato la psicologia dei personaggi, mettendo in risalto le protagoniste femminili come eroine dall'animo indipendente e rivelando la potenziale fragilit\u00e0 degli uomini, doppiamente in contrasto con la societ\u00e0 fallocratica dell'epoca. Specialista di Massenet, Jean-Christophe Branger ha scritto una monografia di riferimento per la prestigiosa collezione di biografie che Fayard dedica ai grandi compositori da quasi mezzo secolo. Grazie alle sue approfondite ricerche, ha portato alla luce nuove sfaccettature del compositore di <em>Erodiade<\/em>Ci racconta anche la storia delle sue opere e di come sono state percepite, compreso il loro destino postumo, che ha visto Messiaen esprimere la sua gioia per una musica cos\u00ec sincera e Poulenc proclamare che, come la Torre Eiffel, la sua musica era una fonte di ispirazione. <em>Manon<\/em> faceva parte dello skyline di Parigi.<img loading=\"lazy\" decoding=\"async\" class=\"size-medium wp-image-31040 aligncenter\" src=\"https:\/\/www.revuemusicale.ch\/wp-content\/uploads\/2025\/01\/01_02_crit_buch_Mettraux-195x300.jpg\" alt=\"\" width=\"195\" height=\"300\" srcset=\"https:\/\/www.revuemusicale.ch\/wp-content\/uploads\/2025\/01\/01_02_crit_buch_Mettraux-195x300.jpg 195w, https:\/\/www.revuemusicale.ch\/wp-content\/uploads\/2025\/01\/01_02_crit_buch_Mettraux-8x12.jpg 8w, https:\/\/www.revuemusicale.ch\/wp-content\/uploads\/2025\/01\/01_02_crit_buch_Mettraux-114x175.jpg 114w, https:\/\/www.revuemusicale.ch\/wp-content\/uploads\/2025\/01\/01_02_crit_buch_Mettraux-228x350.jpg 228w, https:\/\/www.revuemusicale.ch\/wp-content\/uploads\/2025\/01\/01_02_crit_buch_Mettraux-300x462.jpg 300w, https:\/\/www.revuemusicale.ch\/wp-content\/uploads\/2025\/01\/01_02_crit_buch_Mettraux.jpg 325w\" sizes=\"auto, (max-width: 195px) 100vw, 195px\" \/><\/p>\n<p><em>Jean-Christophe Branger: Jules Massenet: une vie au service du th\u00e9\u00e2tre, 1080 p., \u20ac 49,00, Fayard, Paris 2024, ISBN 9782213704852<\/em><\/p>\n<p>&nbsp;<\/p>","protected":false},"excerpt":{"rendered":"<p>Una dettagliata biografia di Massenet rivela aspetti poco noti della personalit\u00e0 del compositore francese, autore di una vasta gamma di opere liriche.<\/p>","protected":false},"author":1,"featured_media":31039,"comment_status":"closed","ping_status":"closed","sticky":false,"template":"","format":"standard","meta":{"_acf_changed":false,"_relevanssi_hide_post":"","_relevanssi_hide_content":"","_relevanssi_pin_for_all":"","_relevanssi_pin_keywords":"","_relevanssi_unpin_keywords":"","_relevanssi_related_keywords":"","_relevanssi_related_include_ids":"","_relevanssi_related_exclude_ids":"","_relevanssi_related_no_append":"","_relevanssi_related_not_related":"","_relevanssi_related_posts":"","_relevanssi_noindex_reason":"","pgc_sgb_lightbox_settings":"","footnotes":""},"categories":[1614,1616],"tags":[2119,2118],"class_list":["post-31031","post","type-post","status-publish","format-standard","has-post-thumbnail","hentry","category-critiques","category-livres-et-partitions","tag-jean-christophe-branger","tag-jules-massenet"],"acf":[],"yoast_head":"<!-- This site is optimized with the Yoast SEO plugin v27.3 - https:\/\/yoast.com\/product\/yoast-seo-wordpress\/ -->\n<title>Massenet l\u2019\u00e9clectique - Revue Musicale Suisse<\/title>\n<meta name=\"robots\" content=\"index, follow, max-snippet:-1, max-image-preview:large, max-video-preview:-1\" \/>\n<link rel=\"canonical\" href=\"https:\/\/www.revuemusicale.ch\/it\/critiques\/livres-et-partitions\/2025\/01\/massenet-leclectique\/\" \/>\n<meta property=\"og:locale\" content=\"it_IT\" \/>\n<meta property=\"og:type\" content=\"article\" \/>\n<meta property=\"og:title\" content=\"Massenet l\u2019\u00e9clectique - Revue Musicale Suisse\" \/>\n<meta property=\"og:description\" content=\"Une biographie d\u00e9taill\u00e9e de Massenet d\u00e9voile des aspects m\u00e9connus de la personnalit\u00e9 du compositeur fran\u00e7ais, qui a \u00e9crit une grande diversit\u00e9 d\u2019ouvrages lyriques.\" \/>\n<meta property=\"og:url\" content=\"https:\/\/www.revuemusicale.ch\/it\/critiques\/livres-et-partitions\/2025\/01\/massenet-leclectique\/\" \/>\n<meta property=\"og:site_name\" content=\"Revue Musicale Suisse\" \/>\n<meta property=\"article:publisher\" content=\"https:\/\/www.facebook.com\/SchweizerMusikzeitung\/\" \/>\n<meta property=\"article:published_time\" content=\"2025-01-23T08:37:52+00:00\" \/>\n<meta property=\"article:modified_time\" content=\"2025-04-17T09:55:04+00:00\" \/>\n<meta property=\"og:image\" content=\"https:\/\/www.revuemusicale.ch\/wp-content\/uploads\/2025\/01\/Portrait_Massenet.jpg\" \/>\n\t<meta property=\"og:image:width\" content=\"1280\" \/>\n\t<meta property=\"og:image:height\" content=\"905\" \/>\n\t<meta property=\"og:image:type\" content=\"image\/jpeg\" \/>\n<meta name=\"author\" content=\"Musikzeitung-Redaktion\" \/>\n<meta name=\"twitter:card\" content=\"summary_large_image\" \/>\n<meta name=\"twitter:creator\" content=\"@smusikzeitung\" \/>\n<meta name=\"twitter:site\" content=\"@smusikzeitung\" \/>\n<meta name=\"twitter:label1\" content=\"Scritto da\" \/>\n\t<meta name=\"twitter:data1\" content=\"Musikzeitung-Redaktion\" \/>\n\t<meta name=\"twitter:label2\" content=\"Tempo di lettura stimato\" \/>\n\t<meta name=\"twitter:data2\" content=\"2 minuti\" \/>\n<script type=\"application\/ld+json\" class=\"yoast-schema-graph\">{\"@context\":\"https:\\\/\\\/schema.org\",\"@graph\":[{\"@type\":\"Article\",\"@id\":\"https:\\\/\\\/www.revuemusicale.ch\\\/critiques\\\/livres-et-partitions\\\/2025\\\/01\\\/massenet-leclectique#article\",\"isPartOf\":{\"@id\":\"https:\\\/\\\/www.revuemusicale.ch\\\/critiques\\\/livres-et-partitions\\\/2025\\\/01\\\/massenet-leclectique\"},\"author\":{\"name\":\"Musikzeitung-Redaktion\",\"@id\":\"https:\\\/\\\/www.revuemusicale.ch\\\/#\\\/schema\\\/person\\\/b2fd892c800856270b9dcc6001265712\"},\"headline\":\"Massenet l\u2019\u00e9clectique\",\"datePublished\":\"2025-01-23T08:37:52+00:00\",\"dateModified\":\"2025-04-17T09:55:04+00:00\",\"mainEntityOfPage\":{\"@id\":\"https:\\\/\\\/www.revuemusicale.ch\\\/critiques\\\/livres-et-partitions\\\/2025\\\/01\\\/massenet-leclectique\"},\"wordCount\":345,\"publisher\":{\"@id\":\"https:\\\/\\\/www.revuemusicale.ch\\\/#organization\"},\"image\":{\"@id\":\"https:\\\/\\\/www.revuemusicale.ch\\\/critiques\\\/livres-et-partitions\\\/2025\\\/01\\\/massenet-leclectique#primaryimage\"},\"thumbnailUrl\":\"https:\\\/\\\/www.revuemusicale.ch\\\/wp-content\\\/uploads\\\/2025\\\/01\\\/Portrait_Massenet.jpg\",\"keywords\":[\"Jean-Christophe Branger\",\"Jules Massenet\"],\"articleSection\":[\"Critiques\",\"Livres et partitions\"],\"inLanguage\":\"it-IT\"},{\"@type\":\"WebPage\",\"@id\":\"https:\\\/\\\/www.revuemusicale.ch\\\/critiques\\\/livres-et-partitions\\\/2025\\\/01\\\/massenet-leclectique\",\"url\":\"https:\\\/\\\/www.revuemusicale.ch\\\/critiques\\\/livres-et-partitions\\\/2025\\\/01\\\/massenet-leclectique\",\"name\":\"Massenet l\u2019\u00e9clectique - Revue Musicale Suisse\",\"isPartOf\":{\"@id\":\"https:\\\/\\\/www.revuemusicale.ch\\\/#website\"},\"primaryImageOfPage\":{\"@id\":\"https:\\\/\\\/www.revuemusicale.ch\\\/critiques\\\/livres-et-partitions\\\/2025\\\/01\\\/massenet-leclectique#primaryimage\"},\"image\":{\"@id\":\"https:\\\/\\\/www.revuemusicale.ch\\\/critiques\\\/livres-et-partitions\\\/2025\\\/01\\\/massenet-leclectique#primaryimage\"},\"thumbnailUrl\":\"https:\\\/\\\/www.revuemusicale.ch\\\/wp-content\\\/uploads\\\/2025\\\/01\\\/Portrait_Massenet.jpg\",\"datePublished\":\"2025-01-23T08:37:52+00:00\",\"dateModified\":\"2025-04-17T09:55:04+00:00\",\"breadcrumb\":{\"@id\":\"https:\\\/\\\/www.revuemusicale.ch\\\/critiques\\\/livres-et-partitions\\\/2025\\\/01\\\/massenet-leclectique#breadcrumb\"},\"inLanguage\":\"it-IT\",\"potentialAction\":[{\"@type\":\"ReadAction\",\"target\":[\"https:\\\/\\\/www.revuemusicale.ch\\\/critiques\\\/livres-et-partitions\\\/2025\\\/01\\\/massenet-leclectique\"]}]},{\"@type\":\"ImageObject\",\"inLanguage\":\"it-IT\",\"@id\":\"https:\\\/\\\/www.revuemusicale.ch\\\/critiques\\\/livres-et-partitions\\\/2025\\\/01\\\/massenet-leclectique#primaryimage\",\"url\":\"https:\\\/\\\/www.revuemusicale.ch\\\/wp-content\\\/uploads\\\/2025\\\/01\\\/Portrait_Massenet.jpg\",\"contentUrl\":\"https:\\\/\\\/www.revuemusicale.ch\\\/wp-content\\\/uploads\\\/2025\\\/01\\\/Portrait_Massenet.jpg\",\"width\":1280,\"height\":905},{\"@type\":\"BreadcrumbList\",\"@id\":\"https:\\\/\\\/www.revuemusicale.ch\\\/critiques\\\/livres-et-partitions\\\/2025\\\/01\\\/massenet-leclectique#breadcrumb\",\"itemListElement\":[{\"@type\":\"ListItem\",\"position\":1,\"name\":\"Home\",\"item\":\"https:\\\/\\\/www.revuemusicale.ch\\\/\"},{\"@type\":\"ListItem\",\"position\":2,\"name\":\"Massenet l\u2019\u00e9clectique\"}]},{\"@type\":\"WebSite\",\"@id\":\"https:\\\/\\\/www.revuemusicale.ch\\\/#website\",\"url\":\"https:\\\/\\\/www.revuemusicale.ch\\\/\",\"name\":\"Revue Musicale Suisse\",\"description\":\"\",\"publisher\":{\"@id\":\"https:\\\/\\\/www.revuemusicale.ch\\\/#organization\"},\"potentialAction\":[{\"@type\":\"SearchAction\",\"target\":{\"@type\":\"EntryPoint\",\"urlTemplate\":\"https:\\\/\\\/www.revuemusicale.ch\\\/?s={search_term_string}\"},\"query-input\":{\"@type\":\"PropertyValueSpecification\",\"valueRequired\":true,\"valueName\":\"search_term_string\"}}],\"inLanguage\":\"it-IT\"},{\"@type\":\"Organization\",\"@id\":\"https:\\\/\\\/www.revuemusicale.ch\\\/#organization\",\"name\":\"Revue Musicale Suisse\",\"url\":\"https:\\\/\\\/www.revuemusicale.ch\\\/\",\"logo\":{\"@type\":\"ImageObject\",\"inLanguage\":\"it-IT\",\"@id\":\"https:\\\/\\\/www.revuemusicale.ch\\\/#\\\/schema\\\/logo\\\/image\\\/\",\"url\":\"https:\\\/\\\/www.revuemusicale.ch\\\/wp-content\\\/uploads\\\/2023\\\/01\\\/logo_revuemusicale_musikzeitung.jpg\",\"contentUrl\":\"https:\\\/\\\/www.revuemusicale.ch\\\/wp-content\\\/uploads\\\/2023\\\/01\\\/logo_revuemusicale_musikzeitung.jpg\",\"width\":1200,\"height\":243,\"caption\":\"Revue Musicale Suisse\"},\"image\":{\"@id\":\"https:\\\/\\\/www.revuemusicale.ch\\\/#\\\/schema\\\/logo\\\/image\\\/\"},\"sameAs\":[\"https:\\\/\\\/www.facebook.com\\\/SchweizerMusikzeitung\\\/\",\"https:\\\/\\\/x.com\\\/smusikzeitung\",\"https:\\\/\\\/www.instagram.com\\\/musikzeitung.ch\\\/?hl=de\"]},{\"@type\":\"Person\",\"@id\":\"https:\\\/\\\/www.revuemusicale.ch\\\/#\\\/schema\\\/person\\\/b2fd892c800856270b9dcc6001265712\",\"name\":\"Musikzeitung-Redaktion\",\"image\":{\"@type\":\"ImageObject\",\"inLanguage\":\"it-IT\",\"@id\":\"https:\\\/\\\/secure.gravatar.com\\\/avatar\\\/0c7e6a405862e402eb76a70f8a26fc732d07c32931e9fae9ab1582911d2e8a3b?s=96&d=mm&r=g\",\"url\":\"https:\\\/\\\/secure.gravatar.com\\\/avatar\\\/0c7e6a405862e402eb76a70f8a26fc732d07c32931e9fae9ab1582911d2e8a3b?s=96&d=mm&r=g\",\"contentUrl\":\"https:\\\/\\\/secure.gravatar.com\\\/avatar\\\/0c7e6a405862e402eb76a70f8a26fc732d07c32931e9fae9ab1582911d2e8a3b?s=96&d=mm&r=g\",\"caption\":\"Musikzeitung-Redaktion\"},\"sameAs\":[\"http:\\\/\\\/wundo-docker.io\"],\"url\":\"https:\\\/\\\/www.revuemusicale.ch\\\/it\\\/author\\\/admin\"}]}<\/script>\n<!-- \/ Yoast SEO plugin. -->","yoast_head_json":{"title":"Massenet l\u2019\u00e9clectique - Revue Musicale Suisse","robots":{"index":"index","follow":"follow","max-snippet":"max-snippet:-1","max-image-preview":"max-image-preview:large","max-video-preview":"max-video-preview:-1"},"canonical":"https:\/\/www.revuemusicale.ch\/it\/critiques\/livres-et-partitions\/2025\/01\/massenet-leclectique\/","og_locale":"it_IT","og_type":"article","og_title":"Massenet l\u2019\u00e9clectique - Revue Musicale Suisse","og_description":"Une biographie d\u00e9taill\u00e9e de Massenet d\u00e9voile des aspects m\u00e9connus de la personnalit\u00e9 du compositeur fran\u00e7ais, qui a \u00e9crit une grande diversit\u00e9 d\u2019ouvrages lyriques.","og_url":"https:\/\/www.revuemusicale.ch\/it\/critiques\/livres-et-partitions\/2025\/01\/massenet-leclectique\/","og_site_name":"Revue Musicale Suisse","article_publisher":"https:\/\/www.facebook.com\/SchweizerMusikzeitung\/","article_published_time":"2025-01-23T08:37:52+00:00","article_modified_time":"2025-04-17T09:55:04+00:00","og_image":[{"width":1280,"height":905,"url":"https:\/\/www.revuemusicale.ch\/wp-content\/uploads\/2025\/01\/Portrait_Massenet.jpg","type":"image\/jpeg"}],"author":"Musikzeitung-Redaktion","twitter_card":"summary_large_image","twitter_creator":"@smusikzeitung","twitter_site":"@smusikzeitung","twitter_misc":{"Scritto da":"Musikzeitung-Redaktion","Tempo di lettura stimato":"2 minuti"},"schema":{"@context":"https:\/\/schema.org","@graph":[{"@type":"Article","@id":"https:\/\/www.revuemusicale.ch\/critiques\/livres-et-partitions\/2025\/01\/massenet-leclectique#article","isPartOf":{"@id":"https:\/\/www.revuemusicale.ch\/critiques\/livres-et-partitions\/2025\/01\/massenet-leclectique"},"author":{"name":"Musikzeitung-Redaktion","@id":"https:\/\/www.revuemusicale.ch\/#\/schema\/person\/b2fd892c800856270b9dcc6001265712"},"headline":"Massenet l\u2019\u00e9clectique","datePublished":"2025-01-23T08:37:52+00:00","dateModified":"2025-04-17T09:55:04+00:00","mainEntityOfPage":{"@id":"https:\/\/www.revuemusicale.ch\/critiques\/livres-et-partitions\/2025\/01\/massenet-leclectique"},"wordCount":345,"publisher":{"@id":"https:\/\/www.revuemusicale.ch\/#organization"},"image":{"@id":"https:\/\/www.revuemusicale.ch\/critiques\/livres-et-partitions\/2025\/01\/massenet-leclectique#primaryimage"},"thumbnailUrl":"https:\/\/www.revuemusicale.ch\/wp-content\/uploads\/2025\/01\/Portrait_Massenet.jpg","keywords":["Jean-Christophe Branger","Jules Massenet"],"articleSection":["Critiques","Livres et partitions"],"inLanguage":"it-IT"},{"@type":"WebPage","@id":"https:\/\/www.revuemusicale.ch\/critiques\/livres-et-partitions\/2025\/01\/massenet-leclectique","url":"https:\/\/www.revuemusicale.ch\/critiques\/livres-et-partitions\/2025\/01\/massenet-leclectique","name":"Massenet l\u2019\u00e9clectique - Revue Musicale Suisse","isPartOf":{"@id":"https:\/\/www.revuemusicale.ch\/#website"},"primaryImageOfPage":{"@id":"https:\/\/www.revuemusicale.ch\/critiques\/livres-et-partitions\/2025\/01\/massenet-leclectique#primaryimage"},"image":{"@id":"https:\/\/www.revuemusicale.ch\/critiques\/livres-et-partitions\/2025\/01\/massenet-leclectique#primaryimage"},"thumbnailUrl":"https:\/\/www.revuemusicale.ch\/wp-content\/uploads\/2025\/01\/Portrait_Massenet.jpg","datePublished":"2025-01-23T08:37:52+00:00","dateModified":"2025-04-17T09:55:04+00:00","breadcrumb":{"@id":"https:\/\/www.revuemusicale.ch\/critiques\/livres-et-partitions\/2025\/01\/massenet-leclectique#breadcrumb"},"inLanguage":"it-IT","potentialAction":[{"@type":"ReadAction","target":["https:\/\/www.revuemusicale.ch\/critiques\/livres-et-partitions\/2025\/01\/massenet-leclectique"]}]},{"@type":"ImageObject","inLanguage":"it-IT","@id":"https:\/\/www.revuemusicale.ch\/critiques\/livres-et-partitions\/2025\/01\/massenet-leclectique#primaryimage","url":"https:\/\/www.revuemusicale.ch\/wp-content\/uploads\/2025\/01\/Portrait_Massenet.jpg","contentUrl":"https:\/\/www.revuemusicale.ch\/wp-content\/uploads\/2025\/01\/Portrait_Massenet.jpg","width":1280,"height":905},{"@type":"BreadcrumbList","@id":"https:\/\/www.revuemusicale.ch\/critiques\/livres-et-partitions\/2025\/01\/massenet-leclectique#breadcrumb","itemListElement":[{"@type":"ListItem","position":1,"name":"Home","item":"https:\/\/www.revuemusicale.ch\/"},{"@type":"ListItem","position":2,"name":"Massenet l\u2019\u00e9clectique"}]},{"@type":"WebSite","@id":"https:\/\/www.revuemusicale.ch\/#website","url":"https:\/\/www.revuemusicale.ch\/","name":"Rassegna musicale svizzera","description":"","publisher":{"@id":"https:\/\/www.revuemusicale.ch\/#organization"},"potentialAction":[{"@type":"SearchAction","target":{"@type":"EntryPoint","urlTemplate":"https:\/\/www.revuemusicale.ch\/?s={search_term_string}"},"query-input":{"@type":"PropertyValueSpecification","valueRequired":true,"valueName":"search_term_string"}}],"inLanguage":"it-IT"},{"@type":"Organization","@id":"https:\/\/www.revuemusicale.ch\/#organization","name":"Rassegna musicale svizzera","url":"https:\/\/www.revuemusicale.ch\/","logo":{"@type":"ImageObject","inLanguage":"it-IT","@id":"https:\/\/www.revuemusicale.ch\/#\/schema\/logo\/image\/","url":"https:\/\/www.revuemusicale.ch\/wp-content\/uploads\/2023\/01\/logo_revuemusicale_musikzeitung.jpg","contentUrl":"https:\/\/www.revuemusicale.ch\/wp-content\/uploads\/2023\/01\/logo_revuemusicale_musikzeitung.jpg","width":1200,"height":243,"caption":"Revue Musicale Suisse"},"image":{"@id":"https:\/\/www.revuemusicale.ch\/#\/schema\/logo\/image\/"},"sameAs":["https:\/\/www.facebook.com\/SchweizerMusikzeitung\/","https:\/\/x.com\/smusikzeitung","https:\/\/www.instagram.com\/musikzeitung.ch\/?hl=de"]},{"@type":"Person","@id":"https:\/\/www.revuemusicale.ch\/#\/schema\/person\/b2fd892c800856270b9dcc6001265712","name":"Musikzeitung-Redaktion","image":{"@type":"ImageObject","inLanguage":"it-IT","@id":"https:\/\/secure.gravatar.com\/avatar\/0c7e6a405862e402eb76a70f8a26fc732d07c32931e9fae9ab1582911d2e8a3b?s=96&d=mm&r=g","url":"https:\/\/secure.gravatar.com\/avatar\/0c7e6a405862e402eb76a70f8a26fc732d07c32931e9fae9ab1582911d2e8a3b?s=96&d=mm&r=g","contentUrl":"https:\/\/secure.gravatar.com\/avatar\/0c7e6a405862e402eb76a70f8a26fc732d07c32931e9fae9ab1582911d2e8a3b?s=96&d=mm&r=g","caption":"Musikzeitung-Redaktion"},"sameAs":["http:\/\/wundo-docker.io"],"url":"https:\/\/www.revuemusicale.ch\/it\/author\/admin"}]}},"publishpress_future_action":{"enabled":false,"date":"1970-01-01 01:00:00","action":"change-status","newStatus":"draft","terms":[],"taxonomy":"category","extraData":[]},"publishpress_future_workflow_manual_trigger":{"enabledWorkflows":[]},"_links":{"self":[{"href":"https:\/\/www.revuemusicale.ch\/it\/wp-json\/wp\/v2\/posts\/31031","targetHints":{"allow":["GET"]}}],"collection":[{"href":"https:\/\/www.revuemusicale.ch\/it\/wp-json\/wp\/v2\/posts"}],"about":[{"href":"https:\/\/www.revuemusicale.ch\/it\/wp-json\/wp\/v2\/types\/post"}],"author":[{"embeddable":true,"href":"https:\/\/www.revuemusicale.ch\/it\/wp-json\/wp\/v2\/users\/1"}],"replies":[{"embeddable":true,"href":"https:\/\/www.revuemusicale.ch\/it\/wp-json\/wp\/v2\/comments?post=31031"}],"version-history":[{"count":4,"href":"https:\/\/www.revuemusicale.ch\/it\/wp-json\/wp\/v2\/posts\/31031\/revisions"}],"predecessor-version":[{"id":31041,"href":"https:\/\/www.revuemusicale.ch\/it\/wp-json\/wp\/v2\/posts\/31031\/revisions\/31041"}],"wp:featuredmedia":[{"embeddable":true,"href":"https:\/\/www.revuemusicale.ch\/it\/wp-json\/wp\/v2\/media\/31039"}],"wp:attachment":[{"href":"https:\/\/www.revuemusicale.ch\/it\/wp-json\/wp\/v2\/media?parent=31031"}],"wp:term":[{"taxonomy":"category","embeddable":true,"href":"https:\/\/www.revuemusicale.ch\/it\/wp-json\/wp\/v2\/categories?post=31031"},{"taxonomy":"post_tag","embeddable":true,"href":"https:\/\/www.revuemusicale.ch\/it\/wp-json\/wp\/v2\/tags?post=31031"}],"curies":[{"name":"wp","href":"https:\/\/api.w.org\/{rel}","templated":true}]}}