{"id":31048,"date":"2025-01-23T09:00:28","date_gmt":"2025-01-23T08:00:28","guid":{"rendered":"https:\/\/www.revuemusicale.ch\/?p=31048"},"modified":"2025-03-14T12:10:50","modified_gmt":"2025-03-14T11:10:50","slug":"numero-01_02-2025-focus-dire-la-musique","status":"publish","type":"post","link":"https:\/\/www.revuemusicale.ch\/it\/smz\/2025\/01\/numero-01_02-2025-focus-dire-la-musique","title":{"rendered":"Numero 01_02\/2025 - Focus su \"dire la musica\"."},"content":{"rendered":"<figure id=\"attachment_61937\" aria-describedby=\"caption-attachment-61937\" style=\"width: 2953px\" class=\"wp-caption aligncenter\"><img loading=\"lazy\" decoding=\"async\" class=\"wp-image-61937 size-full\" src=\"https:\/\/www.musikzeitung.ch\/wp-content\/uploads\/2025\/01\/Cover_01-02_25_web.jpg\" alt=\"\" width=\"2953\" height=\"2147\" \/><figcaption id=\"caption-attachment-61937\" class=\"wp-caption-text\">Foto: Holger Jacob<\/figcaption><\/figure>\n<h3>Indice dei contenuti<\/h3>\n<h3><strong>Focus<\/strong><\/h3>\n<p><strong>Invito l'ascoltatore a entrare nella mia testa<\/strong><br \/>\nFrancesco Biamonte si confronta con musica e parole<\/p>\n<p><em><strong>Emozioni in parole<\/strong><\/em><\/p>\n<p><strong>Carta bianca<\/strong><\/p>\n<p><em><strong>Pop su carta<\/strong><\/em><\/p>\n<p><em><strong>Chatten<\/strong><\/em><br \/>\n<em>Susanne St\u00e4hr e Ulrike Thiele in dialogo<\/em><\/p>\n<p><em>(In corsivo: riassunti francesi di articoli tedeschi)<\/em><\/p>\n<h3><\/h3>\n<h3>Recensioni<\/h3>\n<p><a href=\"https:\/\/www.revuemusicale.ch\/it\/categorie\/critiques\/\">Nuovi libri, album e spartiti<\/a><\/p>\n<p>&nbsp;<\/p>\n<h3><strong>Eco<\/strong><\/h3>\n<p><strong>Pensare prima di tutto a ci\u00f2 che ci fa stare bene<\/strong><br \/>\nL'HEM di Ginevra e Neuch\u00e2tel festeggia il suo quindicesimo anniversario. B\u00e9atrice Zawodnik fa un bilancio e guarda al futuro.<\/p>\n<h3><\/h3>\n<h3><strong>Base<\/strong><\/h3>\n<p>Articoli e notizie dalle associazioni<\/p>\n<p><a href=\"https:\/\/www.musikzeitung.ch\/basis\/eov\/\" target=\"_blank\" rel=\"noopener\">Eidgen\u00f6ssischer Orchesterverband (EOV) \/ Soci\u00e9t\u00e9 F\u00e9d\u00e9rale des Orchestres (SFO)<\/a><\/p>\n<p><a href=\"https:\/\/www.musikzeitung.ch\/basis\/kmhs\" target=\"_blank\" rel=\"noopener\">Konferenz Musikhochschulen Schweiz (KMHS) \/ Conferenza delle universit\u00e0 svizzere di musica (CHEMS)<\/a><\/p>\n<p><a href=\"https:\/\/www.musikzeitung.ch\/basis\/kalaidos\/\" target=\"_blank\" rel=\"noopener\">Kalaidos Musikhochschule \/ Collegio di musica Kalaidos<\/a><\/p>\n<p><a href=\"https:\/\/www.musikzeitung.ch\/basis\/smr\/\" target=\"_blank\" rel=\"noopener\">Schweizer Musikrat (SMR) \/ Consiglio svizzero della musica (CSM)<\/a><\/p>\n<p><a href=\"https:\/\/www.musikzeitung.ch\/basis\/chorama\/\" target=\"_blank\" rel=\"noopener\">CHorama<\/a><\/p>\n<p><a href=\"https:\/\/www.musikzeitung.ch\/basis\/smm\/\" target=\"_blank\" rel=\"noopener\">Schweizerische Gesellschaft f\u00fcr Musik-Medizin (SMM) \/ Associazione svizzera di medicina musicale (SMM)<\/a><\/p>\n<p><a href=\"https:\/\/www.musikzeitung.ch\/basis\/smg\/\" target=\"_blank\" rel=\"noopener\">Schweizerische Musikforschende Gesellschaft (SMG) \/ Societ\u00e0 svizzera di musicologia (SSM)<\/a><\/p>\n<p><a href=\"https:\/\/www.musikzeitung.ch\/basis\/smv\/\" target=\"_blank\" rel=\"noopener\">Schweizerischer Musikerverband (SMV) \/ Unione Svizzera dei Musicisti (USDAM)<\/a><\/p>\n<p><a href=\"https:\/\/www.musikzeitung.ch\/basis\/smpv\/\" target=\"_blank\" rel=\"noopener\">Schweizerischer Musikp\u00e4dagogischer Verband (SMPV) \/ Societ\u00e0 svizzera di pedagogia musicale (SSPM)<\/a><\/p>\n<p><a href=\"https:\/\/www.musikzeitung.ch\/basis\/sonart\/\" target=\"_blank\" rel=\"noopener\">SONART - Musikschaffende Schweiz<\/a><\/p>\n<p><a href=\"https:\/\/www.musikzeitung.ch\/basis\/sjmw\/\" target=\"_blank\" rel=\"noopener\">Stiftung Schweizerischer Jugendmusikwettbewerb (SJMW)<\/a><\/p>\n<p><a href=\"https:\/\/www.musikzeitung.ch\/basis\/arosa-kultur\/\" target=\"_blank\" rel=\"noopener\">Arosa Kultur<\/a><\/p>\n<p><a href=\"https:\/\/www.musikzeitung.ch\/basis\/suisa\/\" target=\"_blank\" rel=\"noopener\">SUISA - Societ\u00e0 dei musicisti e dei lettori di musica<\/a><\/p>\n<p><a href=\"https:\/\/www.musikzeitung.ch\/basis\/vms\/\" target=\"_blank\" rel=\"noopener\">Verband Musikschulen Schweiz (VMS) \/ Associazione svizzera delle scuole di musica (ASEM)<\/a><\/p>\n<p>&nbsp;<\/p>\n<p><strong>Dixit Sisto<br \/>\n<\/strong>L'indovinello di Chris Walton<\/p>\n<p>________________________________________<\/p>\n<p><strong><a href=\"mailto:contact@musikzeitung.ch\">Ordinate questo numero per CHF 10.- (+ CHF 2.- di spese postali)<\/a><\/strong><\/p>","protected":false},"excerpt":{"rendered":"<p>Table des mati\u00e8res Focus J\u2019invite l\u2019auditeur ou l\u2019auditrice dans ma t\u00eate Francesco Biamonte confronte musique et mots Emotions en mots Carte blanche Pop sur papier Chatten Susanne St\u00e4hr et Ulrike Thiele dialoguent (En italique: r\u00e9sum\u00e9 fran\u00e7ais des articles en allemand) Critiques Nouveaut\u00e9s livres, albums, partitions &nbsp; Echo Penser d\u2019abord \u00e0 ce qui nous fait vibrer [&hellip;]<\/p>\n","protected":false},"author":1,"featured_media":31049,"comment_status":"closed","ping_status":"closed","sticky":false,"template":"","format":"standard","meta":{"_acf_changed":false,"_relevanssi_hide_post":"","_relevanssi_hide_content":"","_relevanssi_pin_for_all":"","_relevanssi_pin_keywords":"","_relevanssi_unpin_keywords":"","_relevanssi_related_keywords":"","_relevanssi_related_include_ids":"","_relevanssi_related_exclude_ids":"","_relevanssi_related_no_append":"","_relevanssi_related_not_related":"","_relevanssi_related_posts":"","_relevanssi_noindex_reason":"","pgc_sgb_lightbox_settings":"","footnotes":""},"categories":[1565],"tags":[2123,2140,2124,2125,1946,2126,2127,2128,2129,2130,2131,2132,2133,2134,2135,2136,2137,2138,2139],"class_list":["post-31048","post","type-post","status-publish","format-standard","has-post-thumbnail","hentry","category-smz","tag-beatrice-zawodnik","tag-critique-radio","tag-diskothek","tag-ensemble-proton","tag-francesco-biamonte","tag-junge-deutsche","tag-ludwig-bonvin","tag-musikfestival-bern","tag-musikjournalismus","tag-musiksoziologie","tag-nouvel-ensemble","tag-podcast","tag-radiokritik","tag-rts-espace-2","tag-susanne-stahr","tag-swiss-national-orchestra","tag-the-listeners","tag-theodor-w-adorno","tag-ulrike-thiele"],"acf":[],"yoast_head":"<!-- This site is optimized with the Yoast SEO plugin v27.3 - https:\/\/yoast.com\/product\/yoast-seo-wordpress\/ -->\n<title>Num\u00e9ro 01_02\/2025 \u2013 Focus \u00ab\u00a0dire la musique \u00bb - Revue Musicale Suisse<\/title>\n<meta name=\"description\" content=\"Revue Musicale Suisse - Num\u00e9ro 01_02\/2025 \u2013 Focus \u00ab dire la musique \u00bb\" \/>\n<meta name=\"robots\" content=\"index, follow, max-snippet:-1, max-image-preview:large, max-video-preview:-1\" \/>\n<link rel=\"canonical\" href=\"https:\/\/www.revuemusicale.ch\/it\/smz\/2025\/01\/numero-01_02-2025-focus-dire-la-musique\/\" \/>\n<meta property=\"og:locale\" content=\"it_IT\" \/>\n<meta property=\"og:type\" content=\"article\" \/>\n<meta property=\"og:title\" content=\"Num\u00e9ro 01_02\/2025 \u2013 Focus \u00ab\u00a0dire la musique \u00bb - Revue Musicale Suisse\" \/>\n<meta property=\"og:description\" content=\"Revue Musicale Suisse - Num\u00e9ro 01_02\/2025 \u2013 Focus \u00ab dire la musique \u00bb\" \/>\n<meta property=\"og:url\" content=\"https:\/\/www.revuemusicale.ch\/it\/smz\/2025\/01\/numero-01_02-2025-focus-dire-la-musique\/\" \/>\n<meta property=\"og:site_name\" content=\"Revue Musicale Suisse\" \/>\n<meta property=\"article:publisher\" content=\"https:\/\/www.facebook.com\/SchweizerMusikzeitung\/\" \/>\n<meta property=\"article:published_time\" content=\"2025-01-23T08:00:28+00:00\" \/>\n<meta property=\"article:modified_time\" content=\"2025-03-14T11:10:50+00:00\" \/>\n<meta property=\"og:image\" content=\"https:\/\/www.revuemusicale.ch\/wp-content\/uploads\/2025\/01\/Cover_01-02_25_web-300x218-1.jpg\" \/>\n\t<meta property=\"og:image:width\" content=\"300\" \/>\n\t<meta property=\"og:image:height\" content=\"218\" \/>\n\t<meta property=\"og:image:type\" content=\"image\/jpeg\" \/>\n<meta name=\"author\" content=\"Musikzeitung-Redaktion\" \/>\n<meta name=\"twitter:card\" content=\"summary_large_image\" \/>\n<meta name=\"twitter:creator\" content=\"@smusikzeitung\" \/>\n<meta name=\"twitter:site\" content=\"@smusikzeitung\" \/>\n<meta name=\"twitter:label1\" content=\"Scritto da\" \/>\n\t<meta name=\"twitter:data1\" content=\"Musikzeitung-Redaktion\" \/>\n\t<meta name=\"twitter:label2\" content=\"Tempo di lettura stimato\" \/>\n\t<meta name=\"twitter:data2\" content=\"2 minuti\" \/>\n<script type=\"application\/ld+json\" class=\"yoast-schema-graph\">{\"@context\":\"https:\\\/\\\/schema.org\",\"@graph\":[{\"@type\":\"Article\",\"@id\":\"https:\\\/\\\/www.revuemusicale.ch\\\/smz\\\/2025\\\/01\\\/numero-01_02-2025-focus-dire-la-musique#article\",\"isPartOf\":{\"@id\":\"https:\\\/\\\/www.revuemusicale.ch\\\/smz\\\/2025\\\/01\\\/numero-01_02-2025-focus-dire-la-musique\"},\"author\":{\"name\":\"Musikzeitung-Redaktion\",\"@id\":\"https:\\\/\\\/www.revuemusicale.ch\\\/#\\\/schema\\\/person\\\/b2fd892c800856270b9dcc6001265712\"},\"headline\":\"Num\u00e9ro 01_02\\\/2025 \u2013 Focus \u00ab\u00a0dire la musique \u00bb\",\"datePublished\":\"2025-01-23T08:00:28+00:00\",\"dateModified\":\"2025-03-14T11:10:50+00:00\",\"mainEntityOfPage\":{\"@id\":\"https:\\\/\\\/www.revuemusicale.ch\\\/smz\\\/2025\\\/01\\\/numero-01_02-2025-focus-dire-la-musique\"},\"wordCount\":250,\"publisher\":{\"@id\":\"https:\\\/\\\/www.revuemusicale.ch\\\/#organization\"},\"image\":{\"@id\":\"https:\\\/\\\/www.revuemusicale.ch\\\/smz\\\/2025\\\/01\\\/numero-01_02-2025-focus-dire-la-musique#primaryimage\"},\"thumbnailUrl\":\"https:\\\/\\\/www.revuemusicale.ch\\\/wp-content\\\/uploads\\\/2025\\\/01\\\/Cover_01-02_25_web-300x218-1.jpg\",\"keywords\":[\"B\u00e9atrice Zawodnik\",\"Critique radio\",\"Diskothek\",\"Ensemble Proton\",\"Francesco Biamonte\",\"Junge Deutsche\",\"Ludwig Bonvin\",\"Musikfestival Bern\",\"Musikjournalismus\",\"Musiksoziologie\",\"Nouvel Ensemble\",\"Podcast\",\"Radiokritik\",\"RTS Espace 2\",\"Susanne St\u00e4hr\",\"Swiss National Orchestra\",\"The Listeners\",\"Theodor W. Adorno\",\"Ulrike Thiele\"],\"articleSection\":[\"SMZ\"],\"inLanguage\":\"it-IT\"},{\"@type\":\"WebPage\",\"@id\":\"https:\\\/\\\/www.revuemusicale.ch\\\/smz\\\/2025\\\/01\\\/numero-01_02-2025-focus-dire-la-musique\",\"url\":\"https:\\\/\\\/www.revuemusicale.ch\\\/smz\\\/2025\\\/01\\\/numero-01_02-2025-focus-dire-la-musique\",\"name\":\"Num\u00e9ro 01_02\\\/2025 \u2013 Focus \u00ab\u00a0dire la musique \u00bb - Revue Musicale Suisse\",\"isPartOf\":{\"@id\":\"https:\\\/\\\/www.revuemusicale.ch\\\/#website\"},\"primaryImageOfPage\":{\"@id\":\"https:\\\/\\\/www.revuemusicale.ch\\\/smz\\\/2025\\\/01\\\/numero-01_02-2025-focus-dire-la-musique#primaryimage\"},\"image\":{\"@id\":\"https:\\\/\\\/www.revuemusicale.ch\\\/smz\\\/2025\\\/01\\\/numero-01_02-2025-focus-dire-la-musique#primaryimage\"},\"thumbnailUrl\":\"https:\\\/\\\/www.revuemusicale.ch\\\/wp-content\\\/uploads\\\/2025\\\/01\\\/Cover_01-02_25_web-300x218-1.jpg\",\"datePublished\":\"2025-01-23T08:00:28+00:00\",\"dateModified\":\"2025-03-14T11:10:50+00:00\",\"description\":\"Revue Musicale Suisse - Num\u00e9ro 01_02\\\/2025 \u2013 Focus \u00ab dire la musique \u00bb\",\"breadcrumb\":{\"@id\":\"https:\\\/\\\/www.revuemusicale.ch\\\/smz\\\/2025\\\/01\\\/numero-01_02-2025-focus-dire-la-musique#breadcrumb\"},\"inLanguage\":\"it-IT\",\"potentialAction\":[{\"@type\":\"ReadAction\",\"target\":[\"https:\\\/\\\/www.revuemusicale.ch\\\/smz\\\/2025\\\/01\\\/numero-01_02-2025-focus-dire-la-musique\"]}]},{\"@type\":\"ImageObject\",\"inLanguage\":\"it-IT\",\"@id\":\"https:\\\/\\\/www.revuemusicale.ch\\\/smz\\\/2025\\\/01\\\/numero-01_02-2025-focus-dire-la-musique#primaryimage\",\"url\":\"https:\\\/\\\/www.revuemusicale.ch\\\/wp-content\\\/uploads\\\/2025\\\/01\\\/Cover_01-02_25_web-300x218-1.jpg\",\"contentUrl\":\"https:\\\/\\\/www.revuemusicale.ch\\\/wp-content\\\/uploads\\\/2025\\\/01\\\/Cover_01-02_25_web-300x218-1.jpg\",\"width\":300,\"height\":218},{\"@type\":\"BreadcrumbList\",\"@id\":\"https:\\\/\\\/www.revuemusicale.ch\\\/smz\\\/2025\\\/01\\\/numero-01_02-2025-focus-dire-la-musique#breadcrumb\",\"itemListElement\":[{\"@type\":\"ListItem\",\"position\":1,\"name\":\"Home\",\"item\":\"https:\\\/\\\/www.revuemusicale.ch\\\/\"},{\"@type\":\"ListItem\",\"position\":2,\"name\":\"Num\u00e9ro 01_02\\\/2025 \u2013 Focus \u00ab\u00a0dire la musique \u00bb\"}]},{\"@type\":\"WebSite\",\"@id\":\"https:\\\/\\\/www.revuemusicale.ch\\\/#website\",\"url\":\"https:\\\/\\\/www.revuemusicale.ch\\\/\",\"name\":\"Revue Musicale Suisse\",\"description\":\"\",\"publisher\":{\"@id\":\"https:\\\/\\\/www.revuemusicale.ch\\\/#organization\"},\"potentialAction\":[{\"@type\":\"SearchAction\",\"target\":{\"@type\":\"EntryPoint\",\"urlTemplate\":\"https:\\\/\\\/www.revuemusicale.ch\\\/?s={search_term_string}\"},\"query-input\":{\"@type\":\"PropertyValueSpecification\",\"valueRequired\":true,\"valueName\":\"search_term_string\"}}],\"inLanguage\":\"it-IT\"},{\"@type\":\"Organization\",\"@id\":\"https:\\\/\\\/www.revuemusicale.ch\\\/#organization\",\"name\":\"Revue Musicale Suisse\",\"url\":\"https:\\\/\\\/www.revuemusicale.ch\\\/\",\"logo\":{\"@type\":\"ImageObject\",\"inLanguage\":\"it-IT\",\"@id\":\"https:\\\/\\\/www.revuemusicale.ch\\\/#\\\/schema\\\/logo\\\/image\\\/\",\"url\":\"https:\\\/\\\/www.revuemusicale.ch\\\/wp-content\\\/uploads\\\/2023\\\/01\\\/logo_revuemusicale_musikzeitung.jpg\",\"contentUrl\":\"https:\\\/\\\/www.revuemusicale.ch\\\/wp-content\\\/uploads\\\/2023\\\/01\\\/logo_revuemusicale_musikzeitung.jpg\",\"width\":1200,\"height\":243,\"caption\":\"Revue Musicale Suisse\"},\"image\":{\"@id\":\"https:\\\/\\\/www.revuemusicale.ch\\\/#\\\/schema\\\/logo\\\/image\\\/\"},\"sameAs\":[\"https:\\\/\\\/www.facebook.com\\\/SchweizerMusikzeitung\\\/\",\"https:\\\/\\\/x.com\\\/smusikzeitung\",\"https:\\\/\\\/www.instagram.com\\\/musikzeitung.ch\\\/?hl=de\"]},{\"@type\":\"Person\",\"@id\":\"https:\\\/\\\/www.revuemusicale.ch\\\/#\\\/schema\\\/person\\\/b2fd892c800856270b9dcc6001265712\",\"name\":\"Musikzeitung-Redaktion\",\"image\":{\"@type\":\"ImageObject\",\"inLanguage\":\"it-IT\",\"@id\":\"https:\\\/\\\/secure.gravatar.com\\\/avatar\\\/0c7e6a405862e402eb76a70f8a26fc732d07c32931e9fae9ab1582911d2e8a3b?s=96&d=mm&r=g\",\"url\":\"https:\\\/\\\/secure.gravatar.com\\\/avatar\\\/0c7e6a405862e402eb76a70f8a26fc732d07c32931e9fae9ab1582911d2e8a3b?s=96&d=mm&r=g\",\"contentUrl\":\"https:\\\/\\\/secure.gravatar.com\\\/avatar\\\/0c7e6a405862e402eb76a70f8a26fc732d07c32931e9fae9ab1582911d2e8a3b?s=96&d=mm&r=g\",\"caption\":\"Musikzeitung-Redaktion\"},\"sameAs\":[\"http:\\\/\\\/wundo-docker.io\"],\"url\":\"https:\\\/\\\/www.revuemusicale.ch\\\/it\\\/author\\\/admin\"}]}<\/script>\n<!-- \/ Yoast SEO plugin. -->","yoast_head_json":{"title":"Num\u00e9ro 01_02\/2025 \u2013 Focus \u00ab\u00a0dire la musique \u00bb - Revue Musicale Suisse","description":"Revue Musicale Suisse - Num\u00e9ro 01_02\/2025 \u2013 Focus \u00ab dire la musique \u00bb","robots":{"index":"index","follow":"follow","max-snippet":"max-snippet:-1","max-image-preview":"max-image-preview:large","max-video-preview":"max-video-preview:-1"},"canonical":"https:\/\/www.revuemusicale.ch\/it\/smz\/2025\/01\/numero-01_02-2025-focus-dire-la-musique\/","og_locale":"it_IT","og_type":"article","og_title":"Num\u00e9ro 01_02\/2025 \u2013 Focus \u00ab\u00a0dire la musique \u00bb - Revue Musicale Suisse","og_description":"Revue Musicale Suisse - Num\u00e9ro 01_02\/2025 \u2013 Focus \u00ab dire la musique \u00bb","og_url":"https:\/\/www.revuemusicale.ch\/it\/smz\/2025\/01\/numero-01_02-2025-focus-dire-la-musique\/","og_site_name":"Revue Musicale Suisse","article_publisher":"https:\/\/www.facebook.com\/SchweizerMusikzeitung\/","article_published_time":"2025-01-23T08:00:28+00:00","article_modified_time":"2025-03-14T11:10:50+00:00","og_image":[{"width":300,"height":218,"url":"https:\/\/www.revuemusicale.ch\/wp-content\/uploads\/2025\/01\/Cover_01-02_25_web-300x218-1.jpg","type":"image\/jpeg"}],"author":"Musikzeitung-Redaktion","twitter_card":"summary_large_image","twitter_creator":"@smusikzeitung","twitter_site":"@smusikzeitung","twitter_misc":{"Scritto da":"Musikzeitung-Redaktion","Tempo di lettura stimato":"2 minuti"},"schema":{"@context":"https:\/\/schema.org","@graph":[{"@type":"Article","@id":"https:\/\/www.revuemusicale.ch\/smz\/2025\/01\/numero-01_02-2025-focus-dire-la-musique#article","isPartOf":{"@id":"https:\/\/www.revuemusicale.ch\/smz\/2025\/01\/numero-01_02-2025-focus-dire-la-musique"},"author":{"name":"Musikzeitung-Redaktion","@id":"https:\/\/www.revuemusicale.ch\/#\/schema\/person\/b2fd892c800856270b9dcc6001265712"},"headline":"Num\u00e9ro 01_02\/2025 \u2013 Focus \u00ab\u00a0dire la musique \u00bb","datePublished":"2025-01-23T08:00:28+00:00","dateModified":"2025-03-14T11:10:50+00:00","mainEntityOfPage":{"@id":"https:\/\/www.revuemusicale.ch\/smz\/2025\/01\/numero-01_02-2025-focus-dire-la-musique"},"wordCount":250,"publisher":{"@id":"https:\/\/www.revuemusicale.ch\/#organization"},"image":{"@id":"https:\/\/www.revuemusicale.ch\/smz\/2025\/01\/numero-01_02-2025-focus-dire-la-musique#primaryimage"},"thumbnailUrl":"https:\/\/www.revuemusicale.ch\/wp-content\/uploads\/2025\/01\/Cover_01-02_25_web-300x218-1.jpg","keywords":["B\u00e9atrice Zawodnik","Critique radio","Diskothek","Ensemble Proton","Francesco Biamonte","Junge Deutsche","Ludwig Bonvin","Musikfestival Bern","Musikjournalismus","Musiksoziologie","Nouvel Ensemble","Podcast","Radiokritik","RTS Espace 2","Susanne St\u00e4hr","Swiss National Orchestra","The Listeners","Theodor W. Adorno","Ulrike Thiele"],"articleSection":["SMZ"],"inLanguage":"it-IT"},{"@type":"WebPage","@id":"https:\/\/www.revuemusicale.ch\/smz\/2025\/01\/numero-01_02-2025-focus-dire-la-musique","url":"https:\/\/www.revuemusicale.ch\/smz\/2025\/01\/numero-01_02-2025-focus-dire-la-musique","name":"Num\u00e9ro 01_02\/2025 \u2013 Focus \u00ab\u00a0dire la musique \u00bb - Revue Musicale Suisse","isPartOf":{"@id":"https:\/\/www.revuemusicale.ch\/#website"},"primaryImageOfPage":{"@id":"https:\/\/www.revuemusicale.ch\/smz\/2025\/01\/numero-01_02-2025-focus-dire-la-musique#primaryimage"},"image":{"@id":"https:\/\/www.revuemusicale.ch\/smz\/2025\/01\/numero-01_02-2025-focus-dire-la-musique#primaryimage"},"thumbnailUrl":"https:\/\/www.revuemusicale.ch\/wp-content\/uploads\/2025\/01\/Cover_01-02_25_web-300x218-1.jpg","datePublished":"2025-01-23T08:00:28+00:00","dateModified":"2025-03-14T11:10:50+00:00","description":"Revue Musicale Suisse - Num\u00e9ro 01_02\/2025 \u2013 Focus \u00ab dire la musique \u00bb","breadcrumb":{"@id":"https:\/\/www.revuemusicale.ch\/smz\/2025\/01\/numero-01_02-2025-focus-dire-la-musique#breadcrumb"},"inLanguage":"it-IT","potentialAction":[{"@type":"ReadAction","target":["https:\/\/www.revuemusicale.ch\/smz\/2025\/01\/numero-01_02-2025-focus-dire-la-musique"]}]},{"@type":"ImageObject","inLanguage":"it-IT","@id":"https:\/\/www.revuemusicale.ch\/smz\/2025\/01\/numero-01_02-2025-focus-dire-la-musique#primaryimage","url":"https:\/\/www.revuemusicale.ch\/wp-content\/uploads\/2025\/01\/Cover_01-02_25_web-300x218-1.jpg","contentUrl":"https:\/\/www.revuemusicale.ch\/wp-content\/uploads\/2025\/01\/Cover_01-02_25_web-300x218-1.jpg","width":300,"height":218},{"@type":"BreadcrumbList","@id":"https:\/\/www.revuemusicale.ch\/smz\/2025\/01\/numero-01_02-2025-focus-dire-la-musique#breadcrumb","itemListElement":[{"@type":"ListItem","position":1,"name":"Home","item":"https:\/\/www.revuemusicale.ch\/"},{"@type":"ListItem","position":2,"name":"Num\u00e9ro 01_02\/2025 \u2013 Focus \u00ab\u00a0dire la musique \u00bb"}]},{"@type":"WebSite","@id":"https:\/\/www.revuemusicale.ch\/#website","url":"https:\/\/www.revuemusicale.ch\/","name":"Rassegna musicale svizzera","description":"","publisher":{"@id":"https:\/\/www.revuemusicale.ch\/#organization"},"potentialAction":[{"@type":"SearchAction","target":{"@type":"EntryPoint","urlTemplate":"https:\/\/www.revuemusicale.ch\/?s={search_term_string}"},"query-input":{"@type":"PropertyValueSpecification","valueRequired":true,"valueName":"search_term_string"}}],"inLanguage":"it-IT"},{"@type":"Organization","@id":"https:\/\/www.revuemusicale.ch\/#organization","name":"Rassegna musicale svizzera","url":"https:\/\/www.revuemusicale.ch\/","logo":{"@type":"ImageObject","inLanguage":"it-IT","@id":"https:\/\/www.revuemusicale.ch\/#\/schema\/logo\/image\/","url":"https:\/\/www.revuemusicale.ch\/wp-content\/uploads\/2023\/01\/logo_revuemusicale_musikzeitung.jpg","contentUrl":"https:\/\/www.revuemusicale.ch\/wp-content\/uploads\/2023\/01\/logo_revuemusicale_musikzeitung.jpg","width":1200,"height":243,"caption":"Revue Musicale Suisse"},"image":{"@id":"https:\/\/www.revuemusicale.ch\/#\/schema\/logo\/image\/"},"sameAs":["https:\/\/www.facebook.com\/SchweizerMusikzeitung\/","https:\/\/x.com\/smusikzeitung","https:\/\/www.instagram.com\/musikzeitung.ch\/?hl=de"]},{"@type":"Person","@id":"https:\/\/www.revuemusicale.ch\/#\/schema\/person\/b2fd892c800856270b9dcc6001265712","name":"Musikzeitung-Redaktion","image":{"@type":"ImageObject","inLanguage":"it-IT","@id":"https:\/\/secure.gravatar.com\/avatar\/0c7e6a405862e402eb76a70f8a26fc732d07c32931e9fae9ab1582911d2e8a3b?s=96&d=mm&r=g","url":"https:\/\/secure.gravatar.com\/avatar\/0c7e6a405862e402eb76a70f8a26fc732d07c32931e9fae9ab1582911d2e8a3b?s=96&d=mm&r=g","contentUrl":"https:\/\/secure.gravatar.com\/avatar\/0c7e6a405862e402eb76a70f8a26fc732d07c32931e9fae9ab1582911d2e8a3b?s=96&d=mm&r=g","caption":"Musikzeitung-Redaktion"},"sameAs":["http:\/\/wundo-docker.io"],"url":"https:\/\/www.revuemusicale.ch\/it\/author\/admin"}]}},"publishpress_future_action":{"enabled":false,"date":"1970-01-01 01:00:00","action":"change-status","newStatus":"draft","terms":[],"taxonomy":"category","extraData":[]},"publishpress_future_workflow_manual_trigger":{"enabledWorkflows":[]},"_links":{"self":[{"href":"https:\/\/www.revuemusicale.ch\/it\/wp-json\/wp\/v2\/posts\/31048","targetHints":{"allow":["GET"]}}],"collection":[{"href":"https:\/\/www.revuemusicale.ch\/it\/wp-json\/wp\/v2\/posts"}],"about":[{"href":"https:\/\/www.revuemusicale.ch\/it\/wp-json\/wp\/v2\/types\/post"}],"author":[{"embeddable":true,"href":"https:\/\/www.revuemusicale.ch\/it\/wp-json\/wp\/v2\/users\/1"}],"replies":[{"embeddable":true,"href":"https:\/\/www.revuemusicale.ch\/it\/wp-json\/wp\/v2\/comments?post=31048"}],"version-history":[{"count":5,"href":"https:\/\/www.revuemusicale.ch\/it\/wp-json\/wp\/v2\/posts\/31048\/revisions"}],"predecessor-version":[{"id":31148,"href":"https:\/\/www.revuemusicale.ch\/it\/wp-json\/wp\/v2\/posts\/31048\/revisions\/31148"}],"wp:featuredmedia":[{"embeddable":true,"href":"https:\/\/www.revuemusicale.ch\/it\/wp-json\/wp\/v2\/media\/31049"}],"wp:attachment":[{"href":"https:\/\/www.revuemusicale.ch\/it\/wp-json\/wp\/v2\/media?parent=31048"}],"wp:term":[{"taxonomy":"category","embeddable":true,"href":"https:\/\/www.revuemusicale.ch\/it\/wp-json\/wp\/v2\/categories?post=31048"},{"taxonomy":"post_tag","embeddable":true,"href":"https:\/\/www.revuemusicale.ch\/it\/wp-json\/wp\/v2\/tags?post=31048"}],"curies":[{"name":"wp","href":"https:\/\/api.w.org\/{rel}","templated":true}]}}