{"id":31171,"date":"2025-04-22T09:50:01","date_gmt":"2025-04-22T07:50:01","guid":{"rendered":"https:\/\/www.revuemusicale.ch\/?p=31171"},"modified":"2025-04-22T09:50:01","modified_gmt":"2025-04-22T07:50:01","slug":"pourquoi-nous-parlons-plus-dinclusion-mais-de-la-musique","status":"publish","type":"post","link":"https:\/\/www.revuemusicale.ch\/it\/basis\/asem\/2025\/04\/pourquoi-nous-parlons-plus-dinclusion-mais-de-la-musique","title":{"rendered":"Perch\u00e9 non si parla pi\u00f9 di inclusione, ma di musica"},"content":{"rendered":"<figure id=\"attachment_31172\" aria-describedby=\"caption-attachment-31172\" style=\"width: 660px\" class=\"wp-caption alignnone\"><img loading=\"lazy\" decoding=\"async\" class=\"wp-image-31172\" src=\"https:\/\/www.revuemusicale.ch\/wp-content\/uploads\/2025\/04\/JM-Happy-Fridays-web-dersu.ch-1443.jpg\" alt=\"\" width=\"660\" height=\"440\" srcset=\"https:\/\/www.revuemusicale.ch\/wp-content\/uploads\/2025\/04\/JM-Happy-Fridays-web-dersu.ch-1443.jpg 1400w, https:\/\/www.revuemusicale.ch\/wp-content\/uploads\/2025\/04\/JM-Happy-Fridays-web-dersu.ch-1443-300x200.jpg 300w, https:\/\/www.revuemusicale.ch\/wp-content\/uploads\/2025\/04\/JM-Happy-Fridays-web-dersu.ch-1443-1024x682.jpg 1024w, https:\/\/www.revuemusicale.ch\/wp-content\/uploads\/2025\/04\/JM-Happy-Fridays-web-dersu.ch-1443-600x400.jpg 600w, https:\/\/www.revuemusicale.ch\/wp-content\/uploads\/2025\/04\/JM-Happy-Fridays-web-dersu.ch-1443-768x512.jpg 768w, https:\/\/www.revuemusicale.ch\/wp-content\/uploads\/2025\/04\/JM-Happy-Fridays-web-dersu.ch-1443-1536x1024.jpg 1536w, https:\/\/www.revuemusicale.ch\/wp-content\/uploads\/2025\/04\/JM-Happy-Fridays-web-dersu.ch-1443-18x12.jpg 18w, https:\/\/www.revuemusicale.ch\/wp-content\/uploads\/2025\/04\/JM-Happy-Fridays-web-dersu.ch-1443-263x175.jpg 263w, https:\/\/www.revuemusicale.ch\/wp-content\/uploads\/2025\/04\/JM-Happy-Fridays-web-dersu.ch-1443-525x350.jpg 525w, https:\/\/www.revuemusicale.ch\/wp-content\/uploads\/2025\/04\/JM-Happy-Fridays-web-dersu.ch-1443-1200x800.jpg 1200w, https:\/\/www.revuemusicale.ch\/wp-content\/uploads\/2025\/04\/JM-Happy-Fridays-web-dersu.ch-1443-920x613.jpg 920w\" sizes=\"auto, (max-width: 660px) 100vw, 660px\" \/><figcaption id=\"caption-attachment-31172\" class=\"wp-caption-text\">L'ensemble musicale Happy Fridays a Langnau per i bambini della Scuola di Musica di Langnau e della Scuola di Educazione Speciale di Langnau (foto: m\u00e0d)<\/figcaption><\/figure>\n<p class=\"p1\">Fabio da Silva aspira da tempo a portare la musica alle persone che non vi hanno facile accesso. Ha gi\u00e0 condotto laboratori di composizione nelle carceri e ha musicato biografie di persone non autosufficienti e molto anziane, per cui era naturale che esplorasse anche nuove strade come insegnante di musica. Cos\u00ec ha bussato alla porta della Heilp\u00e4dagogischen Schule (HPS), dove ha trovato in Jo\u00eblle Bieri un partner impegnato nel progetto. Come ex insegnante di scuola elementare, ha una grande esperienza nell'insegnamento della musica. Dall'estate del 2022, gli alunni della scuola di musica e della HPS si sono incontrati per studiare canzoni come \"Believer\" degli Imagine Dragons e \"079\" di Lo &amp; Leduc.<\/p>\n<h3 class=\"p1\"><b>Imparare strumenti reali in gruppo<\/b><b><\/b><\/h3>\n<p class=\"p1\">Inizialmente, questi \"venerd\u00ec felici\" si sono concentrati sulle percussioni, sugli strumenti suonati dagli studenti della scuola di musica (sassofono e clarinetto) e sullo skoog (uno strumento a forma di cubo facile da usare, sviluppato appositamente per la musica inclusiva). Ben presto, per\u00f2, diversi alunni hanno espresso il desiderio di scoprire anche gli strumenti acustici.<\/p>\n<p class=\"p1\">\"Tra loro c'\u00e8 un vero talento\", sottolinea Jo\u00eblle Bieri. Nel frattempo, tutti gli studenti partecipanti suonano anche uno strumento - djembe, pianoforte, chitarra elettrica, basso, sassofono, clarinetto e percussioni - in ensemble di varie dimensioni. Sono supportati da un team di leadership di sette membri composto da insegnanti della scuola di musica e da personale dell'HPS. I laboratori iniziano generalmente con un'improvvisazione che serve agli studenti come riscaldamento e permette loro di esercitarsi a suonare in ensemble. Il gruppo lavora poi su un brano, sviluppando la melodia, il ritmo e l'accompagnamento.<\/p>\n<h3 class=\"p1\"><b>Un ensemble come nessun altro<\/b><b><\/b><\/h3>\n<p class=\"p1\">Non facciamo distinzioni tra i bambini della scuola di musica e quelli dell'HPS, quindi non usiamo pi\u00f9 il termine 'inclusione'\", spiega Fabio da Silva. I venerd\u00ec felici sono come tutti gli altri ensemble della scuola di musica. Jo\u00eblle Bieri, insegnante di sostegno, condivide questa opinione: \"La questione di chi va in quale scuola non \u00e8 un fattore determinante. I bambini si identificano con il progetto, sono diventati una squadra\". I concerti degli Happy Friday sono molto frequentati e dimostrano al pubblico che questa convivenza viene naturale.<\/p>\n<h3 class=\"p1\"><b>Incontrare gli altri <\/b><b><\/b><\/h3>\n<p class=\"p1\">Il progetto sta suscitando molto interesse all'interno della scuola di musica. Tuttavia, pu\u00f2 anche essere fonte di incertezza, soprattutto per gli insegnanti che non hanno esperienza di lavoro con bambini disabili. \"Penso che si debba essere pronti a uscire e incontrare altre persone\", sottolinea Jo\u00eblle Bieri. \"Bisogna conoscersi, cercare di trovare gli alunni dove si trovano in quel momento e permettere loro di scoprire i propri talenti e il piacere di fare musica\". La collaborazione all'interno del team di animazione dimostra un forte impegno basato sulla stima e sul sostegno reciproci. Fabio da Silva vede gli Happy Friday come un arricchimento accanto all'insegnamento individuale dei suoi studenti di sassofono. Oggi, alcuni studenti di HPS seguono corsi in<span class=\"Apple-converted-space\">\u00a0 <\/span>Jo\u00eblle Bieri e Fabio da Silva sono entusiasti di questa iniziativa.<\/p>\n<h3 class=\"p1\"><b>1<\/b><span class=\"s1\"><b><sup>er<\/sup><\/b><\/span><b> Premi ASEM per le buone pratiche<\/b><\/h3>\n<p class=\"p1\">Dal punto di vista finanziario, i due partner del progetto hanno trovato una buona soluzione: dividono i costi in parti uguali. Inoltre, ogni istituto copre i costi del personale dei propri dipendenti. Per garantire che gli studenti della scuola di musica, che gi\u00e0 seguono lezioni individuali, possano partecipare gratuitamente alle lezioni d'insieme, i responsabili sono regolarmente alla ricerca di varie opportunit\u00e0 di finanziamento sotto forma di fondazioni e altri contributi al progetto. Sia la scuola di musica che l'HPS intendono sviluppare ed espandere il progetto. \"Sarebbe bello se potesse incoraggiare altre scuole di musica a lanciare questo tipo di progetto\", afferma Fabio da Silva. Ottenere il 1<span class=\"s1\"><sup>er<\/sup><\/span> Il concorso per le migliori pratiche dell'ASEM potrebbe essere il primo passo in questa direzione. Congratulazioni!<\/p>","protected":false},"excerpt":{"rendered":"<p>La Scuola di musica dell'Oberemmental e la Scuola di educazione speciale di Langnau propongono un laboratorio musicale comune. Gli \"Happy Friday\" offrono un'opportunit\u00e0 di apprendimento reciproco. Fabio da Silva, insegnante di sassofono e membro della direzione della scuola, e Jo\u00eblle Bieri, insegnante di sostegno, danno le loro impressioni.<\/p>","protected":false},"author":21891,"featured_media":31172,"comment_status":"closed","ping_status":"closed","sticky":false,"template":"","format":"standard","meta":{"_acf_changed":false,"_relevanssi_hide_post":"","_relevanssi_hide_content":"","_relevanssi_pin_for_all":"","_relevanssi_pin_keywords":"","_relevanssi_unpin_keywords":"","_relevanssi_related_keywords":"","_relevanssi_related_include_ids":"","_relevanssi_related_exclude_ids":"","_relevanssi_related_no_append":"","_relevanssi_related_not_related":"","_relevanssi_related_posts":"","_relevanssi_noindex_reason":"","pgc_sgb_lightbox_settings":"","footnotes":""},"categories":[56],"tags":[],"class_list":["post-31171","post","type-post","status-publish","format-standard","has-post-thumbnail","hentry","category-asem"],"acf":[],"yoast_head":"<!-- This site is optimized with the Yoast SEO plugin v27.3 - https:\/\/yoast.com\/product\/yoast-seo-wordpress\/ -->\n<title>Pourquoi nous parlons plus d&#039;inclusion, mais de la musique - Revue Musicale Suisse<\/title>\n<meta name=\"robots\" content=\"index, follow, max-snippet:-1, max-image-preview:large, max-video-preview:-1\" \/>\n<link rel=\"canonical\" href=\"https:\/\/www.revuemusicale.ch\/it\/basis\/asem\/2025\/04\/pourquoi-nous-parlons-plus-dinclusion-mais-de-la-musique\/\" \/>\n<meta property=\"og:locale\" content=\"it_IT\" \/>\n<meta property=\"og:type\" content=\"article\" \/>\n<meta property=\"og:title\" content=\"Pourquoi nous parlons plus d&#039;inclusion, mais de la musique - Revue Musicale Suisse\" \/>\n<meta property=\"og:description\" content=\"L\u2019\u00e9cole de musique d\u2019Oberemmental et l\u2019\u00e9cole de p\u00e9dagogie sp\u00e9cialis\u00e9e de Langnau proposent un atelier musical commun. Les \u00abHappy Fridays\u00bb sont un espace d\u2019apprentissage r\u00e9ciproque. Fabio da Silva, professeur de saxophone et membre de la direction de l\u2019\u00e9cole, et Jo\u00eblle Bieri, enseignante sp\u00e9cialis\u00e9e, livrent leurs impressions.\" \/>\n<meta property=\"og:url\" content=\"https:\/\/www.revuemusicale.ch\/it\/basis\/asem\/2025\/04\/pourquoi-nous-parlons-plus-dinclusion-mais-de-la-musique\/\" \/>\n<meta property=\"og:site_name\" content=\"Revue Musicale Suisse\" \/>\n<meta property=\"article:publisher\" content=\"https:\/\/www.facebook.com\/SchweizerMusikzeitung\/\" \/>\n<meta property=\"article:published_time\" content=\"2025-04-22T07:50:01+00:00\" \/>\n<meta property=\"og:image\" content=\"https:\/\/www.revuemusicale.ch\/wp-content\/uploads\/2025\/04\/JM-Happy-Fridays-web-dersu.ch-1443.jpg\" \/>\n\t<meta property=\"og:image:width\" content=\"1400\" \/>\n\t<meta property=\"og:image:height\" content=\"933\" \/>\n\t<meta property=\"og:image:type\" content=\"image\/jpeg\" \/>\n<meta name=\"author\" content=\"Anicia Kohler\" \/>\n<meta name=\"twitter:card\" content=\"summary_large_image\" \/>\n<meta name=\"twitter:creator\" content=\"@smusikzeitung\" \/>\n<meta name=\"twitter:site\" content=\"@smusikzeitung\" \/>\n<meta name=\"twitter:label1\" content=\"Scritto da\" \/>\n\t<meta name=\"twitter:data1\" content=\"Anicia Kohler\" \/>\n\t<meta name=\"twitter:label2\" content=\"Tempo di lettura stimato\" \/>\n\t<meta name=\"twitter:data2\" content=\"4 minuti\" \/>\n<script type=\"application\/ld+json\" class=\"yoast-schema-graph\">{\"@context\":\"https:\\\/\\\/schema.org\",\"@graph\":[{\"@type\":\"Article\",\"@id\":\"https:\\\/\\\/www.revuemusicale.ch\\\/basis\\\/asem\\\/2025\\\/04\\\/pourquoi-nous-parlons-plus-dinclusion-mais-de-la-musique#article\",\"isPartOf\":{\"@id\":\"https:\\\/\\\/www.revuemusicale.ch\\\/basis\\\/asem\\\/2025\\\/04\\\/pourquoi-nous-parlons-plus-dinclusion-mais-de-la-musique\"},\"author\":{\"name\":\"Anicia Kohler\",\"@id\":\"https:\\\/\\\/www.revuemusicale.ch\\\/#\\\/schema\\\/person\\\/e4ba37136bd24461e8c7874590a4762f\"},\"headline\":\"Pourquoi nous parlons plus d&rsquo;inclusion, mais de la musique\",\"datePublished\":\"2025-04-22T07:50:01+00:00\",\"mainEntityOfPage\":{\"@id\":\"https:\\\/\\\/www.revuemusicale.ch\\\/basis\\\/asem\\\/2025\\\/04\\\/pourquoi-nous-parlons-plus-dinclusion-mais-de-la-musique\"},\"wordCount\":837,\"publisher\":{\"@id\":\"https:\\\/\\\/www.revuemusicale.ch\\\/#organization\"},\"image\":{\"@id\":\"https:\\\/\\\/www.revuemusicale.ch\\\/basis\\\/asem\\\/2025\\\/04\\\/pourquoi-nous-parlons-plus-dinclusion-mais-de-la-musique#primaryimage\"},\"thumbnailUrl\":\"https:\\\/\\\/www.revuemusicale.ch\\\/wp-content\\\/uploads\\\/2025\\\/04\\\/JM-Happy-Fridays-web-dersu.ch-1443.jpg\",\"articleSection\":[\"ASEM\"],\"inLanguage\":\"it-IT\"},{\"@type\":\"WebPage\",\"@id\":\"https:\\\/\\\/www.revuemusicale.ch\\\/basis\\\/asem\\\/2025\\\/04\\\/pourquoi-nous-parlons-plus-dinclusion-mais-de-la-musique\",\"url\":\"https:\\\/\\\/www.revuemusicale.ch\\\/basis\\\/asem\\\/2025\\\/04\\\/pourquoi-nous-parlons-plus-dinclusion-mais-de-la-musique\",\"name\":\"Pourquoi nous parlons plus d'inclusion, mais de la musique - Revue Musicale Suisse\",\"isPartOf\":{\"@id\":\"https:\\\/\\\/www.revuemusicale.ch\\\/#website\"},\"primaryImageOfPage\":{\"@id\":\"https:\\\/\\\/www.revuemusicale.ch\\\/basis\\\/asem\\\/2025\\\/04\\\/pourquoi-nous-parlons-plus-dinclusion-mais-de-la-musique#primaryimage\"},\"image\":{\"@id\":\"https:\\\/\\\/www.revuemusicale.ch\\\/basis\\\/asem\\\/2025\\\/04\\\/pourquoi-nous-parlons-plus-dinclusion-mais-de-la-musique#primaryimage\"},\"thumbnailUrl\":\"https:\\\/\\\/www.revuemusicale.ch\\\/wp-content\\\/uploads\\\/2025\\\/04\\\/JM-Happy-Fridays-web-dersu.ch-1443.jpg\",\"datePublished\":\"2025-04-22T07:50:01+00:00\",\"breadcrumb\":{\"@id\":\"https:\\\/\\\/www.revuemusicale.ch\\\/basis\\\/asem\\\/2025\\\/04\\\/pourquoi-nous-parlons-plus-dinclusion-mais-de-la-musique#breadcrumb\"},\"inLanguage\":\"it-IT\",\"potentialAction\":[{\"@type\":\"ReadAction\",\"target\":[\"https:\\\/\\\/www.revuemusicale.ch\\\/basis\\\/asem\\\/2025\\\/04\\\/pourquoi-nous-parlons-plus-dinclusion-mais-de-la-musique\"]}]},{\"@type\":\"ImageObject\",\"inLanguage\":\"it-IT\",\"@id\":\"https:\\\/\\\/www.revuemusicale.ch\\\/basis\\\/asem\\\/2025\\\/04\\\/pourquoi-nous-parlons-plus-dinclusion-mais-de-la-musique#primaryimage\",\"url\":\"https:\\\/\\\/www.revuemusicale.ch\\\/wp-content\\\/uploads\\\/2025\\\/04\\\/JM-Happy-Fridays-web-dersu.ch-1443.jpg\",\"contentUrl\":\"https:\\\/\\\/www.revuemusicale.ch\\\/wp-content\\\/uploads\\\/2025\\\/04\\\/JM-Happy-Fridays-web-dersu.ch-1443.jpg\",\"width\":1400,\"height\":933,\"caption\":\"Ensemble de musique Happy Fridays \u00e0 Langnau pour des enfants de l'\u00e9cole de musique et de l'\u00e9cole de p\u00e9dagogie sp\u00e9cialis\u00e9e \u00e0 Langnau (photos: m\u00e0d)\"},{\"@type\":\"BreadcrumbList\",\"@id\":\"https:\\\/\\\/www.revuemusicale.ch\\\/basis\\\/asem\\\/2025\\\/04\\\/pourquoi-nous-parlons-plus-dinclusion-mais-de-la-musique#breadcrumb\",\"itemListElement\":[{\"@type\":\"ListItem\",\"position\":1,\"name\":\"Home\",\"item\":\"https:\\\/\\\/www.revuemusicale.ch\\\/\"},{\"@type\":\"ListItem\",\"position\":2,\"name\":\"Pourquoi nous parlons plus d&rsquo;inclusion, mais de la musique\"}]},{\"@type\":\"WebSite\",\"@id\":\"https:\\\/\\\/www.revuemusicale.ch\\\/#website\",\"url\":\"https:\\\/\\\/www.revuemusicale.ch\\\/\",\"name\":\"Revue Musicale Suisse\",\"description\":\"\",\"publisher\":{\"@id\":\"https:\\\/\\\/www.revuemusicale.ch\\\/#organization\"},\"potentialAction\":[{\"@type\":\"SearchAction\",\"target\":{\"@type\":\"EntryPoint\",\"urlTemplate\":\"https:\\\/\\\/www.revuemusicale.ch\\\/?s={search_term_string}\"},\"query-input\":{\"@type\":\"PropertyValueSpecification\",\"valueRequired\":true,\"valueName\":\"search_term_string\"}}],\"inLanguage\":\"it-IT\"},{\"@type\":\"Organization\",\"@id\":\"https:\\\/\\\/www.revuemusicale.ch\\\/#organization\",\"name\":\"Revue Musicale Suisse\",\"url\":\"https:\\\/\\\/www.revuemusicale.ch\\\/\",\"logo\":{\"@type\":\"ImageObject\",\"inLanguage\":\"it-IT\",\"@id\":\"https:\\\/\\\/www.revuemusicale.ch\\\/#\\\/schema\\\/logo\\\/image\\\/\",\"url\":\"https:\\\/\\\/www.revuemusicale.ch\\\/wp-content\\\/uploads\\\/2023\\\/01\\\/logo_revuemusicale_musikzeitung.jpg\",\"contentUrl\":\"https:\\\/\\\/www.revuemusicale.ch\\\/wp-content\\\/uploads\\\/2023\\\/01\\\/logo_revuemusicale_musikzeitung.jpg\",\"width\":1200,\"height\":243,\"caption\":\"Revue Musicale Suisse\"},\"image\":{\"@id\":\"https:\\\/\\\/www.revuemusicale.ch\\\/#\\\/schema\\\/logo\\\/image\\\/\"},\"sameAs\":[\"https:\\\/\\\/www.facebook.com\\\/SchweizerMusikzeitung\\\/\",\"https:\\\/\\\/x.com\\\/smusikzeitung\",\"https:\\\/\\\/www.instagram.com\\\/musikzeitung.ch\\\/?hl=de\"]},{\"@type\":\"Person\",\"@id\":\"https:\\\/\\\/www.revuemusicale.ch\\\/#\\\/schema\\\/person\\\/e4ba37136bd24461e8c7874590a4762f\",\"name\":\"Anicia Kohler\",\"image\":{\"@type\":\"ImageObject\",\"inLanguage\":\"it-IT\",\"@id\":\"https:\\\/\\\/secure.gravatar.com\\\/avatar\\\/6ea00b417b00b657b92c811768262d33fd76a3d20dcab3e19ff7f2a1eedf1412?s=96&d=mm&r=g\",\"url\":\"https:\\\/\\\/secure.gravatar.com\\\/avatar\\\/6ea00b417b00b657b92c811768262d33fd76a3d20dcab3e19ff7f2a1eedf1412?s=96&d=mm&r=g\",\"contentUrl\":\"https:\\\/\\\/secure.gravatar.com\\\/avatar\\\/6ea00b417b00b657b92c811768262d33fd76a3d20dcab3e19ff7f2a1eedf1412?s=96&d=mm&r=g\",\"caption\":\"Anicia Kohler\"},\"url\":\"https:\\\/\\\/www.revuemusicale.ch\\\/it\\\/author\\\/anicia-kohler\"}]}<\/script>\n<!-- \/ Yoast SEO plugin. -->","yoast_head_json":{"title":"Pourquoi nous parlons plus d'inclusion, mais de la musique - Revue Musicale Suisse","robots":{"index":"index","follow":"follow","max-snippet":"max-snippet:-1","max-image-preview":"max-image-preview:large","max-video-preview":"max-video-preview:-1"},"canonical":"https:\/\/www.revuemusicale.ch\/it\/basis\/asem\/2025\/04\/pourquoi-nous-parlons-plus-dinclusion-mais-de-la-musique\/","og_locale":"it_IT","og_type":"article","og_title":"Pourquoi nous parlons plus d'inclusion, mais de la musique - Revue Musicale Suisse","og_description":"L\u2019\u00e9cole de musique d\u2019Oberemmental et l\u2019\u00e9cole de p\u00e9dagogie sp\u00e9cialis\u00e9e de Langnau proposent un atelier musical commun. Les \u00abHappy Fridays\u00bb sont un espace d\u2019apprentissage r\u00e9ciproque. Fabio da Silva, professeur de saxophone et membre de la direction de l\u2019\u00e9cole, et Jo\u00eblle Bieri, enseignante sp\u00e9cialis\u00e9e, livrent leurs impressions.","og_url":"https:\/\/www.revuemusicale.ch\/it\/basis\/asem\/2025\/04\/pourquoi-nous-parlons-plus-dinclusion-mais-de-la-musique\/","og_site_name":"Revue Musicale Suisse","article_publisher":"https:\/\/www.facebook.com\/SchweizerMusikzeitung\/","article_published_time":"2025-04-22T07:50:01+00:00","og_image":[{"width":1400,"height":933,"url":"https:\/\/www.revuemusicale.ch\/wp-content\/uploads\/2025\/04\/JM-Happy-Fridays-web-dersu.ch-1443.jpg","type":"image\/jpeg"}],"author":"Anicia Kohler","twitter_card":"summary_large_image","twitter_creator":"@smusikzeitung","twitter_site":"@smusikzeitung","twitter_misc":{"Scritto da":"Anicia Kohler","Tempo di lettura stimato":"4 minuti"},"schema":{"@context":"https:\/\/schema.org","@graph":[{"@type":"Article","@id":"https:\/\/www.revuemusicale.ch\/basis\/asem\/2025\/04\/pourquoi-nous-parlons-plus-dinclusion-mais-de-la-musique#article","isPartOf":{"@id":"https:\/\/www.revuemusicale.ch\/basis\/asem\/2025\/04\/pourquoi-nous-parlons-plus-dinclusion-mais-de-la-musique"},"author":{"name":"Anicia Kohler","@id":"https:\/\/www.revuemusicale.ch\/#\/schema\/person\/e4ba37136bd24461e8c7874590a4762f"},"headline":"Pourquoi nous parlons plus d&rsquo;inclusion, mais de la musique","datePublished":"2025-04-22T07:50:01+00:00","mainEntityOfPage":{"@id":"https:\/\/www.revuemusicale.ch\/basis\/asem\/2025\/04\/pourquoi-nous-parlons-plus-dinclusion-mais-de-la-musique"},"wordCount":837,"publisher":{"@id":"https:\/\/www.revuemusicale.ch\/#organization"},"image":{"@id":"https:\/\/www.revuemusicale.ch\/basis\/asem\/2025\/04\/pourquoi-nous-parlons-plus-dinclusion-mais-de-la-musique#primaryimage"},"thumbnailUrl":"https:\/\/www.revuemusicale.ch\/wp-content\/uploads\/2025\/04\/JM-Happy-Fridays-web-dersu.ch-1443.jpg","articleSection":["ASEM"],"inLanguage":"it-IT"},{"@type":"WebPage","@id":"https:\/\/www.revuemusicale.ch\/basis\/asem\/2025\/04\/pourquoi-nous-parlons-plus-dinclusion-mais-de-la-musique","url":"https:\/\/www.revuemusicale.ch\/basis\/asem\/2025\/04\/pourquoi-nous-parlons-plus-dinclusion-mais-de-la-musique","name":"Pourquoi nous parlons plus d'inclusion, mais de la musique - Revue Musicale Suisse","isPartOf":{"@id":"https:\/\/www.revuemusicale.ch\/#website"},"primaryImageOfPage":{"@id":"https:\/\/www.revuemusicale.ch\/basis\/asem\/2025\/04\/pourquoi-nous-parlons-plus-dinclusion-mais-de-la-musique#primaryimage"},"image":{"@id":"https:\/\/www.revuemusicale.ch\/basis\/asem\/2025\/04\/pourquoi-nous-parlons-plus-dinclusion-mais-de-la-musique#primaryimage"},"thumbnailUrl":"https:\/\/www.revuemusicale.ch\/wp-content\/uploads\/2025\/04\/JM-Happy-Fridays-web-dersu.ch-1443.jpg","datePublished":"2025-04-22T07:50:01+00:00","breadcrumb":{"@id":"https:\/\/www.revuemusicale.ch\/basis\/asem\/2025\/04\/pourquoi-nous-parlons-plus-dinclusion-mais-de-la-musique#breadcrumb"},"inLanguage":"it-IT","potentialAction":[{"@type":"ReadAction","target":["https:\/\/www.revuemusicale.ch\/basis\/asem\/2025\/04\/pourquoi-nous-parlons-plus-dinclusion-mais-de-la-musique"]}]},{"@type":"ImageObject","inLanguage":"it-IT","@id":"https:\/\/www.revuemusicale.ch\/basis\/asem\/2025\/04\/pourquoi-nous-parlons-plus-dinclusion-mais-de-la-musique#primaryimage","url":"https:\/\/www.revuemusicale.ch\/wp-content\/uploads\/2025\/04\/JM-Happy-Fridays-web-dersu.ch-1443.jpg","contentUrl":"https:\/\/www.revuemusicale.ch\/wp-content\/uploads\/2025\/04\/JM-Happy-Fridays-web-dersu.ch-1443.jpg","width":1400,"height":933,"caption":"Ensemble de musique Happy Fridays \u00e0 Langnau pour des enfants de l'\u00e9cole de musique et de l'\u00e9cole de p\u00e9dagogie sp\u00e9cialis\u00e9e \u00e0 Langnau (photos: m\u00e0d)"},{"@type":"BreadcrumbList","@id":"https:\/\/www.revuemusicale.ch\/basis\/asem\/2025\/04\/pourquoi-nous-parlons-plus-dinclusion-mais-de-la-musique#breadcrumb","itemListElement":[{"@type":"ListItem","position":1,"name":"Home","item":"https:\/\/www.revuemusicale.ch\/"},{"@type":"ListItem","position":2,"name":"Pourquoi nous parlons plus d&rsquo;inclusion, mais de la musique"}]},{"@type":"WebSite","@id":"https:\/\/www.revuemusicale.ch\/#website","url":"https:\/\/www.revuemusicale.ch\/","name":"Rassegna musicale svizzera","description":"","publisher":{"@id":"https:\/\/www.revuemusicale.ch\/#organization"},"potentialAction":[{"@type":"SearchAction","target":{"@type":"EntryPoint","urlTemplate":"https:\/\/www.revuemusicale.ch\/?s={search_term_string}"},"query-input":{"@type":"PropertyValueSpecification","valueRequired":true,"valueName":"search_term_string"}}],"inLanguage":"it-IT"},{"@type":"Organization","@id":"https:\/\/www.revuemusicale.ch\/#organization","name":"Rassegna musicale svizzera","url":"https:\/\/www.revuemusicale.ch\/","logo":{"@type":"ImageObject","inLanguage":"it-IT","@id":"https:\/\/www.revuemusicale.ch\/#\/schema\/logo\/image\/","url":"https:\/\/www.revuemusicale.ch\/wp-content\/uploads\/2023\/01\/logo_revuemusicale_musikzeitung.jpg","contentUrl":"https:\/\/www.revuemusicale.ch\/wp-content\/uploads\/2023\/01\/logo_revuemusicale_musikzeitung.jpg","width":1200,"height":243,"caption":"Revue Musicale Suisse"},"image":{"@id":"https:\/\/www.revuemusicale.ch\/#\/schema\/logo\/image\/"},"sameAs":["https:\/\/www.facebook.com\/SchweizerMusikzeitung\/","https:\/\/x.com\/smusikzeitung","https:\/\/www.instagram.com\/musikzeitung.ch\/?hl=de"]},{"@type":"Person","@id":"https:\/\/www.revuemusicale.ch\/#\/schema\/person\/e4ba37136bd24461e8c7874590a4762f","name":"Anicia Kohler","image":{"@type":"ImageObject","inLanguage":"it-IT","@id":"https:\/\/secure.gravatar.com\/avatar\/6ea00b417b00b657b92c811768262d33fd76a3d20dcab3e19ff7f2a1eedf1412?s=96&d=mm&r=g","url":"https:\/\/secure.gravatar.com\/avatar\/6ea00b417b00b657b92c811768262d33fd76a3d20dcab3e19ff7f2a1eedf1412?s=96&d=mm&r=g","contentUrl":"https:\/\/secure.gravatar.com\/avatar\/6ea00b417b00b657b92c811768262d33fd76a3d20dcab3e19ff7f2a1eedf1412?s=96&d=mm&r=g","caption":"Anicia Kohler"},"url":"https:\/\/www.revuemusicale.ch\/it\/author\/anicia-kohler"}]}},"publishpress_future_action":{"enabled":false,"date":"1970-01-01 01:00:00","action":"change-status","newStatus":"draft","terms":[],"taxonomy":"category","extraData":[]},"publishpress_future_workflow_manual_trigger":{"enabledWorkflows":[]},"_links":{"self":[{"href":"https:\/\/www.revuemusicale.ch\/it\/wp-json\/wp\/v2\/posts\/31171","targetHints":{"allow":["GET"]}}],"collection":[{"href":"https:\/\/www.revuemusicale.ch\/it\/wp-json\/wp\/v2\/posts"}],"about":[{"href":"https:\/\/www.revuemusicale.ch\/it\/wp-json\/wp\/v2\/types\/post"}],"author":[{"embeddable":true,"href":"https:\/\/www.revuemusicale.ch\/it\/wp-json\/wp\/v2\/users\/21891"}],"replies":[{"embeddable":true,"href":"https:\/\/www.revuemusicale.ch\/it\/wp-json\/wp\/v2\/comments?post=31171"}],"version-history":[{"count":1,"href":"https:\/\/www.revuemusicale.ch\/it\/wp-json\/wp\/v2\/posts\/31171\/revisions"}],"predecessor-version":[{"id":31173,"href":"https:\/\/www.revuemusicale.ch\/it\/wp-json\/wp\/v2\/posts\/31171\/revisions\/31173"}],"wp:featuredmedia":[{"embeddable":true,"href":"https:\/\/www.revuemusicale.ch\/it\/wp-json\/wp\/v2\/media\/31172"}],"wp:attachment":[{"href":"https:\/\/www.revuemusicale.ch\/it\/wp-json\/wp\/v2\/media?parent=31171"}],"wp:term":[{"taxonomy":"category","embeddable":true,"href":"https:\/\/www.revuemusicale.ch\/it\/wp-json\/wp\/v2\/categories?post=31171"},{"taxonomy":"post_tag","embeddable":true,"href":"https:\/\/www.revuemusicale.ch\/it\/wp-json\/wp\/v2\/tags?post=31171"}],"curies":[{"name":"wp","href":"https:\/\/api.w.org\/{rel}","templated":true}]}}