{"id":31177,"date":"2025-04-22T16:45:34","date_gmt":"2025-04-22T14:45:34","guid":{"rendered":"https:\/\/www.revuemusicale.ch\/?p=31177"},"modified":"2025-04-28T13:50:43","modified_gmt":"2025-04-28T11:50:43","slug":"jasser-haj-youssef-entre-viole-damour-et-ballet-contemporain","status":"publish","type":"post","link":"https:\/\/www.revuemusicale.ch\/it\/entretien\/2025\/04\/jasser-haj-youssef-entre-viole-damour-et-ballet-contemporain","title":{"rendered":"Jasser Haj Youssef - tra viola d'amore e balletto contemporaneo"},"content":{"rendered":"<p>Violinista, compositore e musicologo tunisino, virtuoso della viola d'amore, <a href=\"https:\/\/jasserhajyoussef.com\/\" target=\"_blank\" rel=\"noopener\">Jasser Haj Youssef<\/a> ha il gusto della sperimentazione e dell'inaspettato.<\/p>\n<figure id=\"attachment_31178\" aria-describedby=\"caption-attachment-31178\" style=\"width: 1772px\" class=\"wp-caption alignnone\"><img loading=\"lazy\" decoding=\"async\" class=\"size-full wp-image-31178\" src=\"https:\/\/www.revuemusicale.ch\/wp-content\/uploads\/2025\/04\/Youssef_Web.jpg\" alt=\"\" width=\"1772\" height=\"1256\" srcset=\"https:\/\/www.revuemusicale.ch\/wp-content\/uploads\/2025\/04\/Youssef_Web.jpg 1400w, https:\/\/www.revuemusicale.ch\/wp-content\/uploads\/2025\/04\/Youssef_Web-300x213.jpg 300w, https:\/\/www.revuemusicale.ch\/wp-content\/uploads\/2025\/04\/Youssef_Web-1024x726.jpg 1024w, https:\/\/www.revuemusicale.ch\/wp-content\/uploads\/2025\/04\/Youssef_Web-768x544.jpg 768w, https:\/\/www.revuemusicale.ch\/wp-content\/uploads\/2025\/04\/Youssef_Web-1536x1089.jpg 1536w, https:\/\/www.revuemusicale.ch\/wp-content\/uploads\/2025\/04\/Youssef_Web-18x12.jpg 18w, https:\/\/www.revuemusicale.ch\/wp-content\/uploads\/2025\/04\/Youssef_Web-247x175.jpg 247w, https:\/\/www.revuemusicale.ch\/wp-content\/uploads\/2025\/04\/Youssef_Web-494x350.jpg 494w, https:\/\/www.revuemusicale.ch\/wp-content\/uploads\/2025\/04\/Youssef_Web-1129x800.jpg 1129w, https:\/\/www.revuemusicale.ch\/wp-content\/uploads\/2025\/04\/Youssef_Web-920x652.jpg 920w\" sizes=\"auto, (max-width: 1772px) 100vw, 1772px\" \/><figcaption id=\"caption-attachment-31178\" class=\"wp-caption-text\">Jasser Haj Youssef: \"Quando mi trovo di fronte a ritmi complessi, inizio a danzarli, in modo che diventino parte del mio corpo\". Foto: Gilles Crampes<\/figcaption><\/figure>\n<p><strong>Jasser Haj Youssef, questa \u00e8 la sua prima collaborazione con il coreografo Sidi Larbi Cherkaoui e il Grand Th\u00e9\u00e2tre de Gen\u00e8ve. Come \u00e8 nata questa collaborazione?<\/strong><\/p>\n<p>Il punto di partenza \u00e8 soprattutto la conoscenza e l'apprezzamento reciproco del lavoro dell'altro. Tanto che quando ci siamo incontrati per la prima volta, poco pi\u00f9 di un anno fa, sapevamo gi\u00e0 che avremmo lavorato insieme a questo progetto, e quindi abbiamo parlato direttamente di questa creazione. Questa \u00e8 anche la mia prima collaborazione con il Grand Th\u00e9\u00e2tre de Gen\u00e8ve, e ne sono felice!<\/p>\n<p><strong>\u00a0<\/strong><\/p>\n<p><strong>\"Ihsane\" in arabo significa \"un ideale di gentilezza e bont\u00e0\". Il coreografo torna alle sue radici marocchine ed \"esplora i temi della perdita e dell'identit\u00e0 plurale attraverso una narrazione personale e collettiva\". Il termine evoca anche un crimine razzista e omofobico avvenuto a Liegi nel 2012. Questi temi l'hanno particolarmente attratta?<\/strong><\/p>\n<p>All'inizio del progetto, Sidi Larbi e io abbiamo parlato soprattutto dei temi della benevolenza e della spiritualit\u00e0... Non conoscevo la notizia in questione e quindi non l'ho presa in considerazione durante il mio lavoro di composizione. Solo in seguito ho appreso che Ihsane \u00e8 anche il nome di un ragazzo che ha subito un triste attentato in Belgio.<\/p>\n<p><strong>\u00a0<\/strong><\/p>\n<p><strong>Come ha creato la musica per Ihsane? La musica \u00e8 stata scritta prima, il gesto compositivo, prima della coreografia? Ha utilizzato gli studi di prova del Grand Th\u00e9\u00e2tre de Gen\u00e8ve per catturare i corpi e i gesti e poi li ha usati per scrivere la musica?<\/strong><\/p>\n<p>Ho incontrato per la prima volta i ballerini del Ballet du Grand Th\u00e9\u00e2tre un anno fa. Allora ho avuto soprattutto scambi diretti con Sidi Larbi, in particolare su idee, desideri, scelte di strumentazione, stili, temi, testi e linguaggi... Ho prima composto dei pezzi appositamente per questo progetto, sulla base dei quali \u00e8 stata poi creata una coreografia che \u00e8 stata praticata dai ballerini. La musica di questo balletto comprende molte composizioni nuove e inedite, ma anche alcuni miei brani tratti dall'album <em>Ricordo<\/em>oltre ad alcuni brani tradizionali che ho adattato e arrangiato.<\/p>\n<p><strong>\u00a0<\/strong><\/p>\n<p><strong>C'\u00e8 un elemento di improvvisazione nella musica e nella coreografia?<\/strong><\/p>\n<p>S\u00ec, un po' come nella vecchia musica classica, c'\u00e8 un'improvvisazione all'inizio che poi diventa fissa. Un tempo, quando Johann Sebastian Bach improvvisava e faceva una cadenza, questa veniva scritta e poi gli altri musicisti suonavano esattamente le stesse note della cadenza originariamente improvvisata. A volte adottiamo questo tipo di principio anche nella musica di<em>Ihsane<\/em>. Per quanto riguarda la coreografia, ci sono due momenti del balletto in cui \u00e8 stata sostanzialmente improvvisata. Ma questa coreografia improvvisata ci \u00e8 piaciuta cos\u00ec tanto che alla fine abbiamo cercato di riprodurla durante tutte le rappresentazioni!<\/p>\n<p>&nbsp;<\/p>\n<p><strong>Lei compone la musica e la esegue anche sul palco. Come \u00e8 stata per lei questa nuova esperienza di palcoscenico?<\/strong><\/p>\n<p>I balletti ballano pi\u00f9 spesso su registrazioni che su musica dal vivo. Per me comporre per un balletto e lavorare con i ballerini \u00e8 stata una vera sfida e un'esperienza meravigliosa che mi ha permesso di scoprire un mondo nuovo e di osservare un rapporto intimo che si crea tra i ballerini e i musicisti. Finora ero abituato a comporre ed eseguire musica sul palco solo con i musicisti. In questo caso, la difficolt\u00e0 aggiuntiva \u00e8 che suoniamo anche con i ballerini! Dobbiamo sempre avere determinati riferimenti musicali. I ballerini devono adattarsi alla performance dal vivo, ma a volte anche i musicisti devono seguire il tempo dei ballerini. Mi sento un po' un intermediario, che cerca di rispondere al meglio alla visione del coreografo. Allo stesso tempo, come compositore, devo tenere conto delle esigenze dei musicisti, in particolare per quanto riguarda il loro tempo di integrazione, perch\u00e9 non hanno tutti lo stesso ritmo. Non siamo isolati l'uno dall'altro. \u00c8 una collaborazione interdisciplinare in cui bisogna ascoltare anche la scenografia, le luci, la drammaturgia, le opinioni di tutti... \u00c8 davvero un lavoro di adattamento.<\/p>\n<p>&nbsp;<\/p>\n<p><strong>Questo balletto riunisce un gruppo di artisti diversi e originali nello stesso spazio. \u00c8 un'opportunit\u00e0 per lei di incrociare il suo universo artistico con quello degli altri artisti associati. Come ha scelto gli strumentisti e i cantanti che la accompagneranno?<\/strong><\/p>\n<p>Sia io che Sidi Larbi avevamo le nostre idee sulla strumentazione. La sua visione pi\u00f9 ampia del progetto - in termini di drammaturgia e di storia - ha dato luogo ad alcuni interessanti scambi sulla scelta degli strumenti e degli interpreti. La decisione di includere nell'ensemble un oud piuttosto che un contrabbasso, ad esempio, mi ha dato l'opportunit\u00e0 di proporre il musicista iraniano Yasamin Shahhosseini. Perch\u00e9 l'interpretazione femminile e l'esecuzione persiana dell'oud sono due elementi che apportano un colore e una profondit\u00e0 davvero particolari, e quindi molto diversi dall'esecuzione di musicisti arabi, per esempio. Anche la presenza di una donna nell'ensemble mi \u00e8 sembrata fondamentale, perch\u00e9 porta un certo equilibrio. Il mix tra gli strumenti scelti non \u00e8 mai facile, ma allo stesso tempo funziona, perch\u00e9 ognuno degli artisti afferma una singolarit\u00e0 creativa: il pianoforte occidentale Rhodes degli anni '70, la voce della cantante libanese Fadia Tomb El-Hage, formatasi nella tradizione scritta e classica europea, le percussioni di Gabriele Miracle Bragantini, la viola d'amore barocca, l'oud persiano, il canto marocchino basato sulla tradizione orale... siamo tutti cos\u00ec diversi allo stesso tempo, e le nostre molteplici esperienze creano un'arricchente complementariet\u00e0!<\/p>\n<p><strong>\u00a0<\/strong><\/p>\n<p><strong>La vostra partitura \u00e8 eclettica ed evocativa. Combinandoli con l'energia degli interpreti, date nuova vita ai testi dei grandi pensatori orientali del XIII secolo.<sup>e<\/sup> secolo...<\/strong><\/p>\n<p>La scelta del repertorio \u00e8 una vera sfida per gli esecutori! Tra le poche opere che ho scelto c'era un pezzo molto raro del repertorio arabo antico, in quattordici battute, che pochi musicisti di lingua araba cantano ancora oggi. Per <em>Ihsane<\/em>Sidi Larbi si \u00e8 ispirato alla citt\u00e0 di Tangeri, da cui proviene suo padre. L'idea era quindi anche quella di rendere omaggio alla cultura tradizionale andalusa e marocchina, inserendo tre brani, due dei quali suonati in modo molto tradizionale. Il terzo, che apre il balletto, \u00e8 una versione a cui ho apportato un arrangiamento molto pop. La musica ottomana, ma anche l'antico stile egiziano, hanno ispirato alcune delle composizioni create per questo balletto. Si passa dai suoni della musica africana al magnifico Lamento di Tristano dell'Italia medievale! Ho anche voluto che la lingua persiana avesse un posto nella partitura, componendo un brano basato su un testo originale di R\u00fbmi, cantato in persiano da Mohammed El Arabi-Serghini (di origine marocchina). Allo stesso modo, una poesia di Ibn Arab\u00ee \u00e8 magnificamente interpretata nell'originale arabo da Kazutomi Kozuki, danzatore giapponese e membro della Eastman Company. Era necessario trovare i punti di forza di questo ballerino...<\/p>\n<p><strong>\u00a0<\/strong><\/p>\n<p><strong>Come \u00e8 stato accolto il suo punteggio dagli interpreti?<\/strong><\/p>\n<p>La musica di<em>Ihsane<\/em> \u00e8 ricco di influenze ed esigenze. Mettere insieme tutto questo \u00e8 stata una vera sfida, perch\u00e9 l'orecchio europeo \u00e8 pi\u00f9 abituato ad ascoltare il minore o il maggiore, piuttosto che i microintervalli. Mi sono formato tanto nella grande tradizione araba quanto nella musica classica occidentale, e amo il repertorio barocco e classico europeo tanto quanto i maq\u00e2m millenari. Come compositore, volevo soprattutto preservare tutte le sottigliezze che si trovano nell'esecuzione della musica persiana, araba o orientale in generale, evitando di neutralizzare o sopprimere alcuni elementi della cultura musicale di questa regione, cos\u00ec ricca. Di conseguenza, in diversi passaggi del balletto, alcune musiche possono sembrare molto audaci al pubblico. Allo stesso tempo, la musica doveva essere trasmessa il pi\u00f9 chiaramente possibile ai ballerini, in modo che potessero appropriarsi facilmente del linguaggio coreografico. Hanno dovuto esercitarsi a ballare su ritmi in tempo sette, dieci e quattordici, molto diversi da quelli a cui erano abituati. L'esperienza ha insegnato a tutti noi nuovi modi di approcciare la musica. \u00c8 questo il bello!<\/p>\n<p>&nbsp;<\/p>\n<p><strong>Non crede che scrivere musica sia anche una forma di espressione coreografica?<\/strong><\/p>\n<p>La musica e l'apprendimento di uno strumento hanno a che fare con il movimento. Ci sono gesti da riprodurre che ogni musicista impiega anni per imparare. Per un violinista, ad esempio, significa saper muovere l'archetto e le dita con sottigliezza... Quando mi trovo di fronte a ritmi complessi che provengono da altrove, come ritmi composti da quattordici battute, tredici battute, o a volte trentadue battute, comincio a danzarli, in modo che questi ritmi \"entrino\" nel mio corpo e mi venga naturale suonarli. Tutta la musica si basa sul ritmo, sul gesto e sul movimento, che sono fondamentali per l'armonizzazione dei corpi e degli strumenti! Non si pu\u00f2 suonare se si \u00e8 molto statici! Quindi suonare uno strumento \u00e8 un movimento coreografico. Ma anche scrivere musica \u00e8 una coreografia, perch\u00e9 tiene conto di tutti i movimenti dei musicisti e dei cantanti! E soprattutto, dopo la composizione, c'\u00e8 il lavoro comune, sul palco, con i danzatori, dove dipendiamo molto dai loro gesti, dal loro respiro, dalla loro fatica, dalla loro forma, e da molti altri elementi...<\/p>\n<p>&nbsp;<\/p>\n<p><strong>Vi piace che i registi e i progetti vi sorprendano...<\/strong><\/p>\n<p>Mi piace essere coinvolta in progetti che abbiano uno scopo, un significato, un bisogno reale, progetti che siano allo stesso tempo speciali e autentici e che mi richiedano di pensare. Ho bisogno di esplorare nuovi orizzonti artistici, il che mi porta alla danza, per esempio! <em>Ihsane<\/em> Mi sono trovato a lavorare su testi in arabo, inglese, italiano, spagnolo, siriaco... La diversit\u00e0 di lingue, ritmi e stili rende l'esperienza ricca e complessa. Passiamo da un'antica canzone italiana a una canzone tradizionale marocchina o iraniana, passando per composizioni contemporanee. Non \u00e8 facile riunire sul palco interpreti cos\u00ec diversi. \u00c8 proprio questa la dimensione sperimentale che amo nella creazione!<\/p>\n<p>&nbsp;<\/p>\n<p><strong>Lei \u00e8 uno dei pochi specialisti della viola d'amore. Cosa ha scatenato il suo interesse per questo misterioso strumento?<\/strong><\/p>\n<p>Inizialmente mi sono formato come violinista. Poi, alla ricerca di timbri e suoni, ho cercato uno strumento acustico con toni pi\u00f9 bassi e pi\u00f9 corde rispetto al violino. Le mie ricerche sull'organologia e sulla storia della musica mi hanno portato alla viola d'amore, che ho scoperto per la prima volta a livello teorico. \u00c8 uno strumento barocco europeo, per il quale hanno composto Johann Sebastian Bach e Vivaldi. Non \u00e8 mai esistita in Oriente, ad eccezione della Turchia durante il periodo ottomano, prima di scomparire nel XVIII secolo.<sup>e<\/sup> secolo. All'epoca della mia ricerca, questo strumento era ancora pi\u00f9 raro e difficile da trovare nei negozi di violini di quanto non lo sia oggi. Ma io desideravo vederla da vicino, finch\u00e9 un giorno una regista teatrale di origine italiana mi disse che le era stata regalata una viola d'amore fatta apposta per lei! Questa felice coincidenza mi diede la possibilit\u00e0 di suonarla per la prima volta, prima che un liutaio ne costruisse finalmente una su misura per me. \u00c8 vero che oggi suono la viola d'amore molto pi\u00f9 del violino!<\/p>\n<p><strong>\u00a0<\/strong><\/p>\n<p><strong>Attraverso i suoi album, lei apre una nuova strada nella conoscenza e nella storia della viola d'amore barocca. C'\u00e8 stato \"Resonance\", in cui ci ha accompagnato in un affascinante viaggio dal XVII al XX secolo.<sup>e<\/sup> secolo ai giorni nostri. Poi, pi\u00f9 recentemente, \"Reminiscence\"...<\/strong><\/p>\n<p>S\u00ec, <em>Risonanza<\/em> \u00e8 un album dal vivo pubblicato nel 2015 e registrato al Th\u00e9\u00e2tre de la Ville di Parigi. <em>Ricordo<\/em> \u00e8 stato prodotto dopo una lunga residenza al Castello di Chambord, dove \u00e8 stato registrato nel 2023. Entrambi gli album sono incentrati sulla viola d'amore, che \u00e8 stata una scelta naturale. Grazie alle corde realizzate appositamente per me, la mia viola d'amore mi permette di ottenere diversi accordi, suoni e timbri che mi piacciono particolarmente. Posso spaziare tra gli stili orientale, jazz e classico, e suonare in tutte le tonalit\u00e0! Mentre una viola d'amore storicamente accordata permette di suonare solo come si suonava all'epoca, cio\u00e8 in re maggiore o in re minore.<\/p>\n<p>&nbsp;<\/p>\n<p><strong>Il sacrificio \u00e8 il tema principale della stagione 2024-2025 del Grand Th\u00e9\u00e2tre. Che rapporto ha con questi temi del sacrificio e dell'identit\u00e0?<\/strong><\/p>\n<p>In effetti, quando si fa questa scelta di vita, essere un artista, \u00e8 gi\u00e0 un sacrificio! Allontanarsi dalla propria famiglia e dalla propria zona di comfort per vivere i propri sogni d'infanzia e soddisfare i propri bisogni \u00e8 un sacrificio! A un certo punto, scegliamo di sacrificare la nostra vita per fare ci\u00f2 che amiamo. Ma ho ancora forti legami con la Tunisia e a volte mi esibisco al Festival Internazionale di Cartagine o ad Hammamet. \u00c8 anche molto importante per me mantenere un piede a Monastir, la mia citt\u00e0 natale, che ho lasciato per svilupparmi artisticamente. L'identit\u00e0 \u00e8 un tema importante, ma per quanto mi riguarda sono in pace con me stesso perch\u00e9 conosco bene le mie origini culturali. Conoscere la musica classica araba e suonarla bene mi ha permesso di sperimentare in altri modi, con la musica classica, il jazz e persino la danza classica! Credo che la mia forza stia proprio nell'avere un'identit\u00e0 forte, che mi permette di andare oltre i confini, senza avere paura degli altri, e di scoprire e imparare da altre culture. Oggi, diciamo che mi sento un po' cittadina del mondo, o semplicemente un'anima libera. Un'anima perch\u00e9 pu\u00f2 andare ovunque.<\/p>","protected":false},"excerpt":{"rendered":"<p>Jasser Haj Youssef compone la musica di Ihsane, la nuova creazione mondiale di Sidi Larbi Cherkaoui presentata per aprire la stagione 24\/25 del Ballet du Grand Th\u00e9\u00e2tre de Gen\u00e8ve. Intervista.<\/p>","protected":false},"author":36251,"featured_media":31178,"comment_status":"closed","ping_status":"closed","sticky":false,"template":"","format":"standard","meta":{"_acf_changed":false,"_relevanssi_hide_post":"","_relevanssi_hide_content":"","_relevanssi_pin_for_all":"","_relevanssi_pin_keywords":"","_relevanssi_unpin_keywords":"","_relevanssi_related_keywords":"","_relevanssi_related_include_ids":"","_relevanssi_related_exclude_ids":"","_relevanssi_related_no_append":"","_relevanssi_related_not_related":"","_relevanssi_related_posts":"","_relevanssi_noindex_reason":"","pgc_sgb_lightbox_settings":"","footnotes":""},"categories":[1961],"tags":[2075,2163,2164],"class_list":["post-31177","post","type-post","status-publish","format-standard","has-post-thumbnail","hentry","category-entretien","tag-grand-theatre-de-geneve","tag-jasser-haj-youssef","tag-sidi-larbi-cherkaoui"],"acf":[],"yoast_head":"<!-- This site is optimized with the Yoast SEO plugin v27.3 - https:\/\/yoast.com\/product\/yoast-seo-wordpress\/ -->\n<title>Jasser Haj Youssef \u2212 entre viole d\u2019amour et ballet contemporain - Revue Musicale Suisse<\/title>\n<meta name=\"description\" content=\"Jasser Haj Youssef signe la musique d\u2019Ihsane, la nouvelle cr\u00e9ation mondiale de Sidi Larbi Cherkaoui pr\u00e9sent\u00e9e en ouverture de la saison du Ballet du GTG.\" \/>\n<meta name=\"robots\" content=\"index, follow, max-snippet:-1, max-image-preview:large, max-video-preview:-1\" \/>\n<link rel=\"canonical\" href=\"https:\/\/www.revuemusicale.ch\/it\/entretien\/2025\/04\/jasser-haj-youssef-entre-viole-damour-et-ballet-contemporain\/\" \/>\n<meta property=\"og:locale\" content=\"it_IT\" \/>\n<meta property=\"og:type\" content=\"article\" \/>\n<meta property=\"og:title\" content=\"Jasser Haj Youssef \u2212 entre viole d\u2019amour et ballet contemporain - Revue Musicale Suisse\" \/>\n<meta property=\"og:description\" content=\"Jasser Haj Youssef signe la musique d\u2019Ihsane, la nouvelle cr\u00e9ation mondiale de Sidi Larbi Cherkaoui pr\u00e9sent\u00e9e en ouverture de la saison du Ballet du GTG.\" \/>\n<meta property=\"og:url\" content=\"https:\/\/www.revuemusicale.ch\/it\/entretien\/2025\/04\/jasser-haj-youssef-entre-viole-damour-et-ballet-contemporain\/\" \/>\n<meta property=\"og:site_name\" content=\"Revue Musicale Suisse\" \/>\n<meta property=\"article:publisher\" content=\"https:\/\/www.facebook.com\/SchweizerMusikzeitung\/\" \/>\n<meta property=\"article:published_time\" content=\"2025-04-22T14:45:34+00:00\" \/>\n<meta property=\"article:modified_time\" content=\"2025-04-28T11:50:43+00:00\" \/>\n<meta property=\"og:image\" content=\"https:\/\/www.revuemusicale.ch\/wp-content\/uploads\/2025\/04\/Youssef_Web.jpg\" \/>\n\t<meta property=\"og:image:width\" content=\"1400\" \/>\n\t<meta property=\"og:image:height\" content=\"992\" \/>\n\t<meta property=\"og:image:type\" content=\"image\/jpeg\" \/>\n<meta name=\"author\" content=\"Katrin Spelinova\" \/>\n<meta name=\"twitter:card\" content=\"summary_large_image\" \/>\n<meta name=\"twitter:creator\" content=\"@smusikzeitung\" \/>\n<meta name=\"twitter:site\" content=\"@smusikzeitung\" \/>\n<meta name=\"twitter:label1\" content=\"Scritto da\" \/>\n\t<meta name=\"twitter:data1\" content=\"Katrin Spelinova\" \/>\n\t<meta name=\"twitter:label2\" content=\"Tempo di lettura stimato\" \/>\n\t<meta name=\"twitter:data2\" content=\"13 minuti\" \/>\n<script type=\"application\/ld+json\" class=\"yoast-schema-graph\">{\"@context\":\"https:\\\/\\\/schema.org\",\"@graph\":[{\"@type\":\"Article\",\"@id\":\"https:\\\/\\\/www.revuemusicale.ch\\\/entretien\\\/2025\\\/04\\\/jasser-haj-youssef-entre-viole-damour-et-ballet-contemporain#article\",\"isPartOf\":{\"@id\":\"https:\\\/\\\/www.revuemusicale.ch\\\/entretien\\\/2025\\\/04\\\/jasser-haj-youssef-entre-viole-damour-et-ballet-contemporain\"},\"author\":{\"name\":\"Katrin Spelinova\",\"@id\":\"https:\\\/\\\/www.revuemusicale.ch\\\/#\\\/schema\\\/person\\\/fbefa1fc622f359a1dfc9e8c630568fe\"},\"headline\":\"Jasser Haj Youssef \u2212 entre viole d\u2019amour et ballet contemporain\",\"datePublished\":\"2025-04-22T14:45:34+00:00\",\"dateModified\":\"2025-04-28T11:50:43+00:00\",\"mainEntityOfPage\":{\"@id\":\"https:\\\/\\\/www.revuemusicale.ch\\\/entretien\\\/2025\\\/04\\\/jasser-haj-youssef-entre-viole-damour-et-ballet-contemporain\"},\"wordCount\":2769,\"publisher\":{\"@id\":\"https:\\\/\\\/www.revuemusicale.ch\\\/#organization\"},\"image\":{\"@id\":\"https:\\\/\\\/www.revuemusicale.ch\\\/entretien\\\/2025\\\/04\\\/jasser-haj-youssef-entre-viole-damour-et-ballet-contemporain#primaryimage\"},\"thumbnailUrl\":\"https:\\\/\\\/www.revuemusicale.ch\\\/wp-content\\\/uploads\\\/2025\\\/04\\\/Youssef_Web.jpg\",\"keywords\":[\"Grand Th\u00e9\u00e2tre de Gen\u00e8ve\",\"Jasser Haj Youssef\",\"Sidi Larbi Cherkaoui\"],\"articleSection\":[\"Entretien\"],\"inLanguage\":\"it-IT\"},{\"@type\":\"WebPage\",\"@id\":\"https:\\\/\\\/www.revuemusicale.ch\\\/entretien\\\/2025\\\/04\\\/jasser-haj-youssef-entre-viole-damour-et-ballet-contemporain\",\"url\":\"https:\\\/\\\/www.revuemusicale.ch\\\/entretien\\\/2025\\\/04\\\/jasser-haj-youssef-entre-viole-damour-et-ballet-contemporain\",\"name\":\"Jasser Haj Youssef \u2212 entre viole d\u2019amour et ballet contemporain - Revue Musicale Suisse\",\"isPartOf\":{\"@id\":\"https:\\\/\\\/www.revuemusicale.ch\\\/#website\"},\"primaryImageOfPage\":{\"@id\":\"https:\\\/\\\/www.revuemusicale.ch\\\/entretien\\\/2025\\\/04\\\/jasser-haj-youssef-entre-viole-damour-et-ballet-contemporain#primaryimage\"},\"image\":{\"@id\":\"https:\\\/\\\/www.revuemusicale.ch\\\/entretien\\\/2025\\\/04\\\/jasser-haj-youssef-entre-viole-damour-et-ballet-contemporain#primaryimage\"},\"thumbnailUrl\":\"https:\\\/\\\/www.revuemusicale.ch\\\/wp-content\\\/uploads\\\/2025\\\/04\\\/Youssef_Web.jpg\",\"datePublished\":\"2025-04-22T14:45:34+00:00\",\"dateModified\":\"2025-04-28T11:50:43+00:00\",\"description\":\"Jasser Haj Youssef signe la musique d\u2019Ihsane, la nouvelle cr\u00e9ation mondiale de Sidi Larbi Cherkaoui pr\u00e9sent\u00e9e en ouverture de la saison du Ballet du GTG.\",\"breadcrumb\":{\"@id\":\"https:\\\/\\\/www.revuemusicale.ch\\\/entretien\\\/2025\\\/04\\\/jasser-haj-youssef-entre-viole-damour-et-ballet-contemporain#breadcrumb\"},\"inLanguage\":\"it-IT\",\"potentialAction\":[{\"@type\":\"ReadAction\",\"target\":[\"https:\\\/\\\/www.revuemusicale.ch\\\/entretien\\\/2025\\\/04\\\/jasser-haj-youssef-entre-viole-damour-et-ballet-contemporain\"]}]},{\"@type\":\"ImageObject\",\"inLanguage\":\"it-IT\",\"@id\":\"https:\\\/\\\/www.revuemusicale.ch\\\/entretien\\\/2025\\\/04\\\/jasser-haj-youssef-entre-viole-damour-et-ballet-contemporain#primaryimage\",\"url\":\"https:\\\/\\\/www.revuemusicale.ch\\\/wp-content\\\/uploads\\\/2025\\\/04\\\/Youssef_Web.jpg\",\"contentUrl\":\"https:\\\/\\\/www.revuemusicale.ch\\\/wp-content\\\/uploads\\\/2025\\\/04\\\/Youssef_Web.jpg\",\"width\":1400,\"height\":992,\"caption\":\"Jasser Haj Youssef : \u00ab Face \u00e0 des rythmes complexes, je commence par les danser, afin qu\u2019ils rentrent dans mon corps \u00bb.\"},{\"@type\":\"BreadcrumbList\",\"@id\":\"https:\\\/\\\/www.revuemusicale.ch\\\/entretien\\\/2025\\\/04\\\/jasser-haj-youssef-entre-viole-damour-et-ballet-contemporain#breadcrumb\",\"itemListElement\":[{\"@type\":\"ListItem\",\"position\":1,\"name\":\"Home\",\"item\":\"https:\\\/\\\/www.revuemusicale.ch\\\/\"},{\"@type\":\"ListItem\",\"position\":2,\"name\":\"Jasser Haj Youssef \u2212 entre viole d\u2019amour et ballet contemporain\"}]},{\"@type\":\"WebSite\",\"@id\":\"https:\\\/\\\/www.revuemusicale.ch\\\/#website\",\"url\":\"https:\\\/\\\/www.revuemusicale.ch\\\/\",\"name\":\"Revue Musicale Suisse\",\"description\":\"\",\"publisher\":{\"@id\":\"https:\\\/\\\/www.revuemusicale.ch\\\/#organization\"},\"potentialAction\":[{\"@type\":\"SearchAction\",\"target\":{\"@type\":\"EntryPoint\",\"urlTemplate\":\"https:\\\/\\\/www.revuemusicale.ch\\\/?s={search_term_string}\"},\"query-input\":{\"@type\":\"PropertyValueSpecification\",\"valueRequired\":true,\"valueName\":\"search_term_string\"}}],\"inLanguage\":\"it-IT\"},{\"@type\":\"Organization\",\"@id\":\"https:\\\/\\\/www.revuemusicale.ch\\\/#organization\",\"name\":\"Revue Musicale Suisse\",\"url\":\"https:\\\/\\\/www.revuemusicale.ch\\\/\",\"logo\":{\"@type\":\"ImageObject\",\"inLanguage\":\"it-IT\",\"@id\":\"https:\\\/\\\/www.revuemusicale.ch\\\/#\\\/schema\\\/logo\\\/image\\\/\",\"url\":\"https:\\\/\\\/www.revuemusicale.ch\\\/wp-content\\\/uploads\\\/2023\\\/01\\\/logo_revuemusicale_musikzeitung.jpg\",\"contentUrl\":\"https:\\\/\\\/www.revuemusicale.ch\\\/wp-content\\\/uploads\\\/2023\\\/01\\\/logo_revuemusicale_musikzeitung.jpg\",\"width\":1200,\"height\":243,\"caption\":\"Revue Musicale Suisse\"},\"image\":{\"@id\":\"https:\\\/\\\/www.revuemusicale.ch\\\/#\\\/schema\\\/logo\\\/image\\\/\"},\"sameAs\":[\"https:\\\/\\\/www.facebook.com\\\/SchweizerMusikzeitung\\\/\",\"https:\\\/\\\/x.com\\\/smusikzeitung\",\"https:\\\/\\\/www.instagram.com\\\/musikzeitung.ch\\\/?hl=de\"]},{\"@type\":\"Person\",\"@id\":\"https:\\\/\\\/www.revuemusicale.ch\\\/#\\\/schema\\\/person\\\/fbefa1fc622f359a1dfc9e8c630568fe\",\"name\":\"Katrin Spelinova\",\"image\":{\"@type\":\"ImageObject\",\"inLanguage\":\"it-IT\",\"@id\":\"https:\\\/\\\/secure.gravatar.com\\\/avatar\\\/2a2c2956e074ebca9bf65620496cd2e317d90b8c76450e9dd04d7cebf95eeada?s=96&d=mm&r=g\",\"url\":\"https:\\\/\\\/secure.gravatar.com\\\/avatar\\\/2a2c2956e074ebca9bf65620496cd2e317d90b8c76450e9dd04d7cebf95eeada?s=96&d=mm&r=g\",\"contentUrl\":\"https:\\\/\\\/secure.gravatar.com\\\/avatar\\\/2a2c2956e074ebca9bf65620496cd2e317d90b8c76450e9dd04d7cebf95eeada?s=96&d=mm&r=g\",\"caption\":\"Katrin Spelinova\"},\"url\":\"https:\\\/\\\/www.revuemusicale.ch\\\/it\\\/author\\\/spelkat\"}]}<\/script>\n<!-- \/ Yoast SEO plugin. -->","yoast_head_json":{"title":"Jasser Haj Youssef \u2212 entre viole d\u2019amour et ballet contemporain - Revue Musicale Suisse","description":"Jasser Haj Youssef signe la musique d\u2019Ihsane, la nouvelle cr\u00e9ation mondiale de Sidi Larbi Cherkaoui pr\u00e9sent\u00e9e en ouverture de la saison du Ballet du GTG.","robots":{"index":"index","follow":"follow","max-snippet":"max-snippet:-1","max-image-preview":"max-image-preview:large","max-video-preview":"max-video-preview:-1"},"canonical":"https:\/\/www.revuemusicale.ch\/it\/entretien\/2025\/04\/jasser-haj-youssef-entre-viole-damour-et-ballet-contemporain\/","og_locale":"it_IT","og_type":"article","og_title":"Jasser Haj Youssef \u2212 entre viole d\u2019amour et ballet contemporain - Revue Musicale Suisse","og_description":"Jasser Haj Youssef signe la musique d\u2019Ihsane, la nouvelle cr\u00e9ation mondiale de Sidi Larbi Cherkaoui pr\u00e9sent\u00e9e en ouverture de la saison du Ballet du GTG.","og_url":"https:\/\/www.revuemusicale.ch\/it\/entretien\/2025\/04\/jasser-haj-youssef-entre-viole-damour-et-ballet-contemporain\/","og_site_name":"Revue Musicale Suisse","article_publisher":"https:\/\/www.facebook.com\/SchweizerMusikzeitung\/","article_published_time":"2025-04-22T14:45:34+00:00","article_modified_time":"2025-04-28T11:50:43+00:00","og_image":[{"width":1400,"height":992,"url":"https:\/\/www.revuemusicale.ch\/wp-content\/uploads\/2025\/04\/Youssef_Web.jpg","type":"image\/jpeg"}],"author":"Katrin Spelinova","twitter_card":"summary_large_image","twitter_creator":"@smusikzeitung","twitter_site":"@smusikzeitung","twitter_misc":{"Scritto da":"Katrin Spelinova","Tempo di lettura stimato":"13 minuti"},"schema":{"@context":"https:\/\/schema.org","@graph":[{"@type":"Article","@id":"https:\/\/www.revuemusicale.ch\/entretien\/2025\/04\/jasser-haj-youssef-entre-viole-damour-et-ballet-contemporain#article","isPartOf":{"@id":"https:\/\/www.revuemusicale.ch\/entretien\/2025\/04\/jasser-haj-youssef-entre-viole-damour-et-ballet-contemporain"},"author":{"name":"Katrin Spelinova","@id":"https:\/\/www.revuemusicale.ch\/#\/schema\/person\/fbefa1fc622f359a1dfc9e8c630568fe"},"headline":"Jasser Haj Youssef \u2212 entre viole d\u2019amour et ballet contemporain","datePublished":"2025-04-22T14:45:34+00:00","dateModified":"2025-04-28T11:50:43+00:00","mainEntityOfPage":{"@id":"https:\/\/www.revuemusicale.ch\/entretien\/2025\/04\/jasser-haj-youssef-entre-viole-damour-et-ballet-contemporain"},"wordCount":2769,"publisher":{"@id":"https:\/\/www.revuemusicale.ch\/#organization"},"image":{"@id":"https:\/\/www.revuemusicale.ch\/entretien\/2025\/04\/jasser-haj-youssef-entre-viole-damour-et-ballet-contemporain#primaryimage"},"thumbnailUrl":"https:\/\/www.revuemusicale.ch\/wp-content\/uploads\/2025\/04\/Youssef_Web.jpg","keywords":["Grand Th\u00e9\u00e2tre de Gen\u00e8ve","Jasser Haj Youssef","Sidi Larbi Cherkaoui"],"articleSection":["Entretien"],"inLanguage":"it-IT"},{"@type":"WebPage","@id":"https:\/\/www.revuemusicale.ch\/entretien\/2025\/04\/jasser-haj-youssef-entre-viole-damour-et-ballet-contemporain","url":"https:\/\/www.revuemusicale.ch\/entretien\/2025\/04\/jasser-haj-youssef-entre-viole-damour-et-ballet-contemporain","name":"Jasser Haj Youssef \u2212 entre viole d\u2019amour et ballet contemporain - Revue Musicale Suisse","isPartOf":{"@id":"https:\/\/www.revuemusicale.ch\/#website"},"primaryImageOfPage":{"@id":"https:\/\/www.revuemusicale.ch\/entretien\/2025\/04\/jasser-haj-youssef-entre-viole-damour-et-ballet-contemporain#primaryimage"},"image":{"@id":"https:\/\/www.revuemusicale.ch\/entretien\/2025\/04\/jasser-haj-youssef-entre-viole-damour-et-ballet-contemporain#primaryimage"},"thumbnailUrl":"https:\/\/www.revuemusicale.ch\/wp-content\/uploads\/2025\/04\/Youssef_Web.jpg","datePublished":"2025-04-22T14:45:34+00:00","dateModified":"2025-04-28T11:50:43+00:00","description":"Jasser Haj Youssef signe la musique d\u2019Ihsane, la nouvelle cr\u00e9ation mondiale de Sidi Larbi Cherkaoui pr\u00e9sent\u00e9e en ouverture de la saison du Ballet du GTG.","breadcrumb":{"@id":"https:\/\/www.revuemusicale.ch\/entretien\/2025\/04\/jasser-haj-youssef-entre-viole-damour-et-ballet-contemporain#breadcrumb"},"inLanguage":"it-IT","potentialAction":[{"@type":"ReadAction","target":["https:\/\/www.revuemusicale.ch\/entretien\/2025\/04\/jasser-haj-youssef-entre-viole-damour-et-ballet-contemporain"]}]},{"@type":"ImageObject","inLanguage":"it-IT","@id":"https:\/\/www.revuemusicale.ch\/entretien\/2025\/04\/jasser-haj-youssef-entre-viole-damour-et-ballet-contemporain#primaryimage","url":"https:\/\/www.revuemusicale.ch\/wp-content\/uploads\/2025\/04\/Youssef_Web.jpg","contentUrl":"https:\/\/www.revuemusicale.ch\/wp-content\/uploads\/2025\/04\/Youssef_Web.jpg","width":1400,"height":992,"caption":"Jasser Haj Youssef : \u00ab Face \u00e0 des rythmes complexes, je commence par les danser, afin qu\u2019ils rentrent dans mon corps \u00bb."},{"@type":"BreadcrumbList","@id":"https:\/\/www.revuemusicale.ch\/entretien\/2025\/04\/jasser-haj-youssef-entre-viole-damour-et-ballet-contemporain#breadcrumb","itemListElement":[{"@type":"ListItem","position":1,"name":"Home","item":"https:\/\/www.revuemusicale.ch\/"},{"@type":"ListItem","position":2,"name":"Jasser Haj Youssef \u2212 entre viole d\u2019amour et ballet contemporain"}]},{"@type":"WebSite","@id":"https:\/\/www.revuemusicale.ch\/#website","url":"https:\/\/www.revuemusicale.ch\/","name":"Rassegna musicale svizzera","description":"","publisher":{"@id":"https:\/\/www.revuemusicale.ch\/#organization"},"potentialAction":[{"@type":"SearchAction","target":{"@type":"EntryPoint","urlTemplate":"https:\/\/www.revuemusicale.ch\/?s={search_term_string}"},"query-input":{"@type":"PropertyValueSpecification","valueRequired":true,"valueName":"search_term_string"}}],"inLanguage":"it-IT"},{"@type":"Organization","@id":"https:\/\/www.revuemusicale.ch\/#organization","name":"Rassegna musicale svizzera","url":"https:\/\/www.revuemusicale.ch\/","logo":{"@type":"ImageObject","inLanguage":"it-IT","@id":"https:\/\/www.revuemusicale.ch\/#\/schema\/logo\/image\/","url":"https:\/\/www.revuemusicale.ch\/wp-content\/uploads\/2023\/01\/logo_revuemusicale_musikzeitung.jpg","contentUrl":"https:\/\/www.revuemusicale.ch\/wp-content\/uploads\/2023\/01\/logo_revuemusicale_musikzeitung.jpg","width":1200,"height":243,"caption":"Revue Musicale Suisse"},"image":{"@id":"https:\/\/www.revuemusicale.ch\/#\/schema\/logo\/image\/"},"sameAs":["https:\/\/www.facebook.com\/SchweizerMusikzeitung\/","https:\/\/x.com\/smusikzeitung","https:\/\/www.instagram.com\/musikzeitung.ch\/?hl=de"]},{"@type":"Person","@id":"https:\/\/www.revuemusicale.ch\/#\/schema\/person\/fbefa1fc622f359a1dfc9e8c630568fe","name":"Katrin Spelinova","image":{"@type":"ImageObject","inLanguage":"it-IT","@id":"https:\/\/secure.gravatar.com\/avatar\/2a2c2956e074ebca9bf65620496cd2e317d90b8c76450e9dd04d7cebf95eeada?s=96&d=mm&r=g","url":"https:\/\/secure.gravatar.com\/avatar\/2a2c2956e074ebca9bf65620496cd2e317d90b8c76450e9dd04d7cebf95eeada?s=96&d=mm&r=g","contentUrl":"https:\/\/secure.gravatar.com\/avatar\/2a2c2956e074ebca9bf65620496cd2e317d90b8c76450e9dd04d7cebf95eeada?s=96&d=mm&r=g","caption":"Katrin Spelinova"},"url":"https:\/\/www.revuemusicale.ch\/it\/author\/spelkat"}]}},"publishpress_future_action":{"enabled":false,"date":"1970-01-01 01:00:00","action":"change-status","newStatus":"draft","terms":[],"taxonomy":"category","extraData":[]},"publishpress_future_workflow_manual_trigger":{"enabledWorkflows":[]},"_links":{"self":[{"href":"https:\/\/www.revuemusicale.ch\/it\/wp-json\/wp\/v2\/posts\/31177","targetHints":{"allow":["GET"]}}],"collection":[{"href":"https:\/\/www.revuemusicale.ch\/it\/wp-json\/wp\/v2\/posts"}],"about":[{"href":"https:\/\/www.revuemusicale.ch\/it\/wp-json\/wp\/v2\/types\/post"}],"author":[{"embeddable":true,"href":"https:\/\/www.revuemusicale.ch\/it\/wp-json\/wp\/v2\/users\/36251"}],"replies":[{"embeddable":true,"href":"https:\/\/www.revuemusicale.ch\/it\/wp-json\/wp\/v2\/comments?post=31177"}],"version-history":[{"count":4,"href":"https:\/\/www.revuemusicale.ch\/it\/wp-json\/wp\/v2\/posts\/31177\/revisions"}],"predecessor-version":[{"id":31182,"href":"https:\/\/www.revuemusicale.ch\/it\/wp-json\/wp\/v2\/posts\/31177\/revisions\/31182"}],"wp:featuredmedia":[{"embeddable":true,"href":"https:\/\/www.revuemusicale.ch\/it\/wp-json\/wp\/v2\/media\/31178"}],"wp:attachment":[{"href":"https:\/\/www.revuemusicale.ch\/it\/wp-json\/wp\/v2\/media?parent=31177"}],"wp:term":[{"taxonomy":"category","embeddable":true,"href":"https:\/\/www.revuemusicale.ch\/it\/wp-json\/wp\/v2\/categories?post=31177"},{"taxonomy":"post_tag","embeddable":true,"href":"https:\/\/www.revuemusicale.ch\/it\/wp-json\/wp\/v2\/tags?post=31177"}],"curies":[{"name":"wp","href":"https:\/\/api.w.org\/{rel}","templated":true}]}}