{"id":31459,"date":"2025-09-09T14:45:48","date_gmt":"2025-09-09T12:45:48","guid":{"rendered":"https:\/\/www.revuemusicale.ch\/?p=31459"},"modified":"2025-09-18T14:49:06","modified_gmt":"2025-09-18T12:49:06","slug":"assemblee-des-delegues-portee-par-une-vision-pour-lavenir","status":"publish","type":"post","link":"https:\/\/www.revuemusicale.ch\/it\/basis\/usdam\/2025\/09\/assemblee-des-delegues-portee-par-une-vision-pour-lavenir","title":{"rendered":"Assemblea dei delegati guidata da una visione per il futuro"},"content":{"rendered":"<p>L'assemblea annuale dei delegati dell'USDAM si \u00e8 tenuta il 30 maggio a Berna. Come di consueto, il pranzo che ha preceduto l'incontro ha offerto l'opportunit\u00e0 di arricchire le discussioni con i rappresentanti di altre sezioni e di discutere di vari problemi o di conoscere l'atmosfera che regna in altre orchestre.<\/p>\n<p>Nel suo discorso di benvenuto, la co-presidente centrale Muriel Noble di Ginevra ha sottolineato che parlare della salute dei musicisti \u00e8 un tab\u00f9, nonostante sia seriamente minacciata dal rumore, dallo stress e dall'invecchiamento, tra gli altri fattori. Dato che il Codice delle obbligazioni prevede che i dipendenti siano protetti, ha esortato i musicisti a esercitare i loro diritti, come quello di consultare un medico del lavoro. I musicisti mentalmente e fisicamente sani risparmierebbero anche denaro.<\/p>\n<p>Per Davide J\u00e4ger, co-presidente di San Gallo, l'idea di solidariet\u00e0 \u00e8 al centro dei valori fondamentali del sindacato. I dipendenti a tempo indeterminato dovrebbero sostenere i lavoratori autonomi non accettando il dumping salariale.<\/p>\n<p>Dopo un breve saluto di Sebastian Schindler, presidente della sezione bernese dell'USDAM, ha preso la parola Beat Fehlmann, direttore uscente della Deutsche Staatsphilharmonie Rheinland-Pfalz di Ludwigshafen e futuro direttore artistico e amministrativo dell'Accademia di musica del Liechtenstein.<\/p>\n<p><strong>Cambiamento dei valori e delle conseguenze<\/strong><\/p>\n<p>Il suo intervento si \u00e8 concentrato su vari aspetti del futuro. Le abilit\u00e0 che contraddistinguono la professione del musicista, come la manualit\u00e0, la resistenza e la precisione, ma anche il pensiero creativo, non sono naturali in un'epoca in cui si richiede un successo rapido e un accesso facile. In generale, i valori stanno cambiando, i valori etici ed economici stanno cambiando. Ad esempio, oggi \u00e8 fondamentale utilizzare le risorse con attenzione, considerare le conseguenze ecologiche di un concerto o di un'opera. Dovremmo chiederci come viene usata la cultura, riflettere sulla domanda: chi beneficia della cultura e chi la usa?<\/p>\n<p>Secondo un sondaggio condotto su scala nazionale da Forsa - uno dei principali istituti tedeschi di ricerca di mercato e di opinione - su un campione rappresentativo della popolazione, il \"Culture Relevance Monitor 2025\" della Fondazione Liz Mohn ha rilevato che 91% ritengono importante l'offerta culturale e 76% pensano che debba essere finanziata pubblicamente. C'\u00e8 una discrepanza, tuttavia, nel fatto che due terzi delle persone intervistate non utilizzano questa offerta culturale e 43% dei giovani pensano che non sia per loro o che non si adatterebbero. Si pu\u00f2 comunque affermare che l'arte e la cultura sono il collante che tiene insieme la societ\u00e0. Nelle aree con un'offerta culturale pi\u00f9 ricca, anche la partecipazione ai processi democratici \u00e8 maggiore. Tuttavia, l'accessibilit\u00e0 e il radicamento locale sono importanti. Fehlmann sottolinea che la pratica estetica e quella sociale sono ugualmente importanti. Ci\u00f2 implica i seguenti compiti per le istituzioni culturali: apertura all'innovazione e alla trasformazione, partecipazione e inclusione culturale, capacit\u00e0 di dialogo e networking, sostenibilit\u00e0 e gestione delle risorse.<\/p>\n<p><strong>Centro di competenza per la musica a Ludwigshafen<\/strong><\/p>\n<p>A Ludwigshafen, la percentuale di persone con un background migratorio sar\u00e0 di 53% nel 2022, e in aumento. Data la sfida posta da questa situazione, Fehlmann ha avuto l'idea di trasformare la \"sua\" orchestra in un centro di competenza per la musica, che finora non esisteva in questa forma. A tal fine, \u00e8 stato necessario modificare anche il contratto di lavoro: l'80% del tempo di lavoro \u00e8 dedicato alle attivit\u00e0 ordinarie dell'orchestra e il 20% allo sviluppo e alla realizzazione di nuovi progetti individuali. Le idee provenienti dall'orchestra vengono raccolte e valutate nell'ambito di un processo di selezione trasparente. Delle 78 proposte presentate, 41 sono state selezionate per essere realizzate e attuate a partire dalla stagione 2023\/24. L'elenco dei progetti \u00e8 disponibile sul sito web dell'orchestra (<a href=\"https:\/\/www.staatsphilharmonie.de\/\" target=\"_blank\" rel=\"noopener\">www.staatsphilharmonie.de<\/a>), spaziano dalla pi\u00f9 ampia variet\u00e0 di formati concertistici a numerose idee di mediazione musicale, da un concorso di direzione d'orchestra a concerti con workshop e conferenze sul tema della crisi climatica. Il tasso di gradimento, sia da parte degli orchestrali che del pubblico, \u00e8 impressionante. Il progetto pilota \"Centro di competenza per la musica\" \u00e8 stato premiato con il Premio per l'innovazione 2023 della Fondazione tedesca per le orchestre, del valore di 20.000 euro. In tutti i casi, il fattore chiave \u00e8 il legame con il pubblico locale e le sue esigenze.<\/p>\n<p>Dopo questa prospettiva sul possibile futuro delle orchestre, l'USDAM \u00e8 tornata al presente: sono stati approvati tutti i rapporti di attivit\u00e0 e i conti annuali, nonch\u00e9 il bilancio 2025, e il Comitato centrale e il Segretario centrale hanno ricevuto il discarico. In futuro, i verbali delle decisioni dovranno essere inviati tempestivamente dopo le decisioni prese nelle riunioni del Comitato centrale. Alla proposta firmata da 64 membri di istituire un gruppo di lavoro nazionale \"Conciliare assistenza e lavoro\" si \u00e8 contrapposta una controproposta del Comitato centrale (\"Gruppo di lavoro salute e sicurezza\"), che intende affrontare la questione in un contesto pi\u00f9 ampio. Poich\u00e9 entrambe le proposte sono state accettate, si \u00e8 deciso di prendere una nuova decisione dopo una fase di lavoro di un anno da parte dei due gruppi di lavoro. \u00c8 stata completata una prima versione di un \"semaforo tariffario\", che elenca le orchestre che rispettano le tariffe USDAM e quelle che non lo fanno. Tuttavia, alcune orchestre non hanno risposto al questionario. Il semaforo mostra che c'\u00e8 ancora del lavoro da fare in termini di persuasione fino all'applicazione delle tariffe in tutto il Paese, un requisito fondamentale dell'USDAM.<\/p>\n<p><em>Il verbale di questa riunione sar\u00e0 pubblicato sul sito web dell'USDAM e sar\u00e0 disponibile per la consultazione presso il Segretariato centrale.<\/em><\/p>","protected":false},"excerpt":{"rendered":"<p>L'assemblea dei delegati dell'Unione Svizzera dei Musicisti di quest'anno si \u00e8 tenuta nel foyer magnificamente rinnovato del Teatro Comunale di Berna. Il relatore ospite \u00e8 stato il manager culturale Beat Fehlmann.<\/p>","protected":false},"author":21897,"featured_media":29791,"comment_status":"closed","ping_status":"closed","sticky":false,"template":"","format":"standard","meta":{"_acf_changed":false,"_relevanssi_hide_post":"","_relevanssi_hide_content":"","_relevanssi_pin_for_all":"","_relevanssi_pin_keywords":"","_relevanssi_unpin_keywords":"","_relevanssi_related_keywords":"","_relevanssi_related_include_ids":"","_relevanssi_related_exclude_ids":"","_relevanssi_related_no_append":"","_relevanssi_related_not_related":"","_relevanssi_related_posts":"","_relevanssi_noindex_reason":"","pgc_sgb_lightbox_settings":"","footnotes":""},"categories":[53],"tags":[1792,2253],"class_list":["post-31459","post","type-post","status-publish","format-standard","has-post-thumbnail","hentry","category-usdam","tag-assemblee-des-delegues","tag-centre-de-competences-pour-la-musique"],"acf":[],"yoast_head":"<!-- This site is optimized with the Yoast SEO plugin v27.3 - https:\/\/yoast.com\/product\/yoast-seo-wordpress\/ -->\n<title>Assembl\u00e9e des d\u00e9l\u00e9gu\u00e9s port\u00e9e par une vision pour l\u2019avenir - Revue Musicale Suisse<\/title>\n<meta name=\"robots\" content=\"index, follow, max-snippet:-1, max-image-preview:large, max-video-preview:-1\" \/>\n<link rel=\"canonical\" href=\"https:\/\/www.revuemusicale.ch\/it\/basis\/usdam\/2025\/09\/assemblee-des-delegues-portee-par-une-vision-pour-lavenir\/\" \/>\n<meta property=\"og:locale\" content=\"it_IT\" \/>\n<meta property=\"og:type\" content=\"article\" \/>\n<meta property=\"og:title\" content=\"Assembl\u00e9e des d\u00e9l\u00e9gu\u00e9s port\u00e9e par une vision pour l\u2019avenir - Revue Musicale Suisse\" \/>\n<meta property=\"og:description\" content=\"L\u2019Assembl\u00e9e des d\u00e9l\u00e9gu\u00e9s de l\u2019Union Suisse des Artistes Musiciens de cette ann\u00e9e s\u2019est tenue dans le foyer magnifiquement r\u00e9nov\u00e9 du Th\u00e9\u00e2tre municipal de Berne. Le conf\u00e9rencier invit\u00e9 \u00e9tait le manager culturel Beat Fehlmann.\" \/>\n<meta property=\"og:url\" content=\"https:\/\/www.revuemusicale.ch\/it\/basis\/usdam\/2025\/09\/assemblee-des-delegues-portee-par-une-vision-pour-lavenir\/\" \/>\n<meta property=\"og:site_name\" content=\"Revue Musicale Suisse\" \/>\n<meta property=\"article:publisher\" content=\"https:\/\/www.facebook.com\/SchweizerMusikzeitung\/\" \/>\n<meta property=\"article:published_time\" content=\"2025-09-09T12:45:48+00:00\" \/>\n<meta property=\"article:modified_time\" content=\"2025-09-18T12:49:06+00:00\" \/>\n<meta property=\"og:image\" content=\"https:\/\/www.revuemusicale.ch\/wp-content\/uploads\/2023\/09\/logo-USDAM-SMV-sans-texte.png\" \/>\n\t<meta property=\"og:image:width\" content=\"364\" \/>\n\t<meta property=\"og:image:height\" content=\"552\" \/>\n\t<meta property=\"og:image:type\" content=\"image\/png\" \/>\n<meta name=\"author\" content=\"Laurent Mettraux\" \/>\n<meta name=\"twitter:card\" content=\"summary_large_image\" \/>\n<meta name=\"twitter:creator\" content=\"@smusikzeitung\" \/>\n<meta name=\"twitter:site\" content=\"@smusikzeitung\" \/>\n<meta name=\"twitter:label1\" content=\"Scritto da\" \/>\n\t<meta name=\"twitter:data1\" content=\"Laurent Mettraux\" \/>\n\t<meta name=\"twitter:label2\" content=\"Tempo di lettura stimato\" \/>\n\t<meta name=\"twitter:data2\" content=\"6 minuti\" \/>\n<script type=\"application\/ld+json\" class=\"yoast-schema-graph\">{\"@context\":\"https:\\\/\\\/schema.org\",\"@graph\":[{\"@type\":\"Article\",\"@id\":\"https:\\\/\\\/www.revuemusicale.ch\\\/basis\\\/usdam\\\/2025\\\/09\\\/assemblee-des-delegues-portee-par-une-vision-pour-lavenir#article\",\"isPartOf\":{\"@id\":\"https:\\\/\\\/www.revuemusicale.ch\\\/basis\\\/usdam\\\/2025\\\/09\\\/assemblee-des-delegues-portee-par-une-vision-pour-lavenir\"},\"author\":{\"name\":\"Laurent Mettraux\",\"@id\":\"https:\\\/\\\/www.revuemusicale.ch\\\/#\\\/schema\\\/person\\\/fb6400330a942eecc4b494064fce59be\"},\"headline\":\"Assembl\u00e9e des d\u00e9l\u00e9gu\u00e9s port\u00e9e par une vision pour l\u2019avenir\",\"datePublished\":\"2025-09-09T12:45:48+00:00\",\"dateModified\":\"2025-09-18T12:49:06+00:00\",\"mainEntityOfPage\":{\"@id\":\"https:\\\/\\\/www.revuemusicale.ch\\\/basis\\\/usdam\\\/2025\\\/09\\\/assemblee-des-delegues-portee-par-une-vision-pour-lavenir\"},\"wordCount\":1133,\"publisher\":{\"@id\":\"https:\\\/\\\/www.revuemusicale.ch\\\/#organization\"},\"image\":{\"@id\":\"https:\\\/\\\/www.revuemusicale.ch\\\/basis\\\/usdam\\\/2025\\\/09\\\/assemblee-des-delegues-portee-par-une-vision-pour-lavenir#primaryimage\"},\"thumbnailUrl\":\"https:\\\/\\\/www.revuemusicale.ch\\\/wp-content\\\/uploads\\\/2023\\\/09\\\/logo-USDAM-SMV-sans-texte.png\",\"keywords\":[\"Assembl\u00e9e des d\u00e9l\u00e9gu\u00e9s\",\"Centre de comp\u00e9tences pour la musique\"],\"articleSection\":[\"USDAM\"],\"inLanguage\":\"it-IT\"},{\"@type\":\"WebPage\",\"@id\":\"https:\\\/\\\/www.revuemusicale.ch\\\/basis\\\/usdam\\\/2025\\\/09\\\/assemblee-des-delegues-portee-par-une-vision-pour-lavenir\",\"url\":\"https:\\\/\\\/www.revuemusicale.ch\\\/basis\\\/usdam\\\/2025\\\/09\\\/assemblee-des-delegues-portee-par-une-vision-pour-lavenir\",\"name\":\"Assembl\u00e9e des d\u00e9l\u00e9gu\u00e9s port\u00e9e par une vision pour l\u2019avenir - Revue Musicale Suisse\",\"isPartOf\":{\"@id\":\"https:\\\/\\\/www.revuemusicale.ch\\\/#website\"},\"primaryImageOfPage\":{\"@id\":\"https:\\\/\\\/www.revuemusicale.ch\\\/basis\\\/usdam\\\/2025\\\/09\\\/assemblee-des-delegues-portee-par-une-vision-pour-lavenir#primaryimage\"},\"image\":{\"@id\":\"https:\\\/\\\/www.revuemusicale.ch\\\/basis\\\/usdam\\\/2025\\\/09\\\/assemblee-des-delegues-portee-par-une-vision-pour-lavenir#primaryimage\"},\"thumbnailUrl\":\"https:\\\/\\\/www.revuemusicale.ch\\\/wp-content\\\/uploads\\\/2023\\\/09\\\/logo-USDAM-SMV-sans-texte.png\",\"datePublished\":\"2025-09-09T12:45:48+00:00\",\"dateModified\":\"2025-09-18T12:49:06+00:00\",\"breadcrumb\":{\"@id\":\"https:\\\/\\\/www.revuemusicale.ch\\\/basis\\\/usdam\\\/2025\\\/09\\\/assemblee-des-delegues-portee-par-une-vision-pour-lavenir#breadcrumb\"},\"inLanguage\":\"it-IT\",\"potentialAction\":[{\"@type\":\"ReadAction\",\"target\":[\"https:\\\/\\\/www.revuemusicale.ch\\\/basis\\\/usdam\\\/2025\\\/09\\\/assemblee-des-delegues-portee-par-une-vision-pour-lavenir\"]}]},{\"@type\":\"ImageObject\",\"inLanguage\":\"it-IT\",\"@id\":\"https:\\\/\\\/www.revuemusicale.ch\\\/basis\\\/usdam\\\/2025\\\/09\\\/assemblee-des-delegues-portee-par-une-vision-pour-lavenir#primaryimage\",\"url\":\"https:\\\/\\\/www.revuemusicale.ch\\\/wp-content\\\/uploads\\\/2023\\\/09\\\/logo-USDAM-SMV-sans-texte.png\",\"contentUrl\":\"https:\\\/\\\/www.revuemusicale.ch\\\/wp-content\\\/uploads\\\/2023\\\/09\\\/logo-USDAM-SMV-sans-texte.png\",\"width\":364,\"height\":552},{\"@type\":\"BreadcrumbList\",\"@id\":\"https:\\\/\\\/www.revuemusicale.ch\\\/basis\\\/usdam\\\/2025\\\/09\\\/assemblee-des-delegues-portee-par-une-vision-pour-lavenir#breadcrumb\",\"itemListElement\":[{\"@type\":\"ListItem\",\"position\":1,\"name\":\"Home\",\"item\":\"https:\\\/\\\/www.revuemusicale.ch\\\/\"},{\"@type\":\"ListItem\",\"position\":2,\"name\":\"Assembl\u00e9e des d\u00e9l\u00e9gu\u00e9s port\u00e9e par une vision pour l\u2019avenir\"}]},{\"@type\":\"WebSite\",\"@id\":\"https:\\\/\\\/www.revuemusicale.ch\\\/#website\",\"url\":\"https:\\\/\\\/www.revuemusicale.ch\\\/\",\"name\":\"Revue Musicale Suisse\",\"description\":\"\",\"publisher\":{\"@id\":\"https:\\\/\\\/www.revuemusicale.ch\\\/#organization\"},\"potentialAction\":[{\"@type\":\"SearchAction\",\"target\":{\"@type\":\"EntryPoint\",\"urlTemplate\":\"https:\\\/\\\/www.revuemusicale.ch\\\/?s={search_term_string}\"},\"query-input\":{\"@type\":\"PropertyValueSpecification\",\"valueRequired\":true,\"valueName\":\"search_term_string\"}}],\"inLanguage\":\"it-IT\"},{\"@type\":\"Organization\",\"@id\":\"https:\\\/\\\/www.revuemusicale.ch\\\/#organization\",\"name\":\"Revue Musicale Suisse\",\"url\":\"https:\\\/\\\/www.revuemusicale.ch\\\/\",\"logo\":{\"@type\":\"ImageObject\",\"inLanguage\":\"it-IT\",\"@id\":\"https:\\\/\\\/www.revuemusicale.ch\\\/#\\\/schema\\\/logo\\\/image\\\/\",\"url\":\"https:\\\/\\\/www.revuemusicale.ch\\\/wp-content\\\/uploads\\\/2023\\\/01\\\/logo_revuemusicale_musikzeitung.jpg\",\"contentUrl\":\"https:\\\/\\\/www.revuemusicale.ch\\\/wp-content\\\/uploads\\\/2023\\\/01\\\/logo_revuemusicale_musikzeitung.jpg\",\"width\":1200,\"height\":243,\"caption\":\"Revue Musicale Suisse\"},\"image\":{\"@id\":\"https:\\\/\\\/www.revuemusicale.ch\\\/#\\\/schema\\\/logo\\\/image\\\/\"},\"sameAs\":[\"https:\\\/\\\/www.facebook.com\\\/SchweizerMusikzeitung\\\/\",\"https:\\\/\\\/x.com\\\/smusikzeitung\",\"https:\\\/\\\/www.instagram.com\\\/musikzeitung.ch\\\/?hl=de\"]},{\"@type\":\"Person\",\"@id\":\"https:\\\/\\\/www.revuemusicale.ch\\\/#\\\/schema\\\/person\\\/fb6400330a942eecc4b494064fce59be\",\"name\":\"Laurent Mettraux\",\"image\":{\"@type\":\"ImageObject\",\"inLanguage\":\"it-IT\",\"@id\":\"https:\\\/\\\/secure.gravatar.com\\\/avatar\\\/0ff4c55a3beaca23cf8ac030f6a4d207c5c42f40aa03f3accbc97af09da0d956?s=96&d=mm&r=g\",\"url\":\"https:\\\/\\\/secure.gravatar.com\\\/avatar\\\/0ff4c55a3beaca23cf8ac030f6a4d207c5c42f40aa03f3accbc97af09da0d956?s=96&d=mm&r=g\",\"contentUrl\":\"https:\\\/\\\/secure.gravatar.com\\\/avatar\\\/0ff4c55a3beaca23cf8ac030f6a4d207c5c42f40aa03f3accbc97af09da0d956?s=96&d=mm&r=g\",\"caption\":\"Laurent Mettraux\"},\"url\":\"https:\\\/\\\/www.revuemusicale.ch\\\/it\\\/author\\\/laurent-mettraux\"}]}<\/script>\n<!-- \/ Yoast SEO plugin. -->","yoast_head_json":{"title":"Assembl\u00e9e des d\u00e9l\u00e9gu\u00e9s port\u00e9e par une vision pour l\u2019avenir - Revue Musicale Suisse","robots":{"index":"index","follow":"follow","max-snippet":"max-snippet:-1","max-image-preview":"max-image-preview:large","max-video-preview":"max-video-preview:-1"},"canonical":"https:\/\/www.revuemusicale.ch\/it\/basis\/usdam\/2025\/09\/assemblee-des-delegues-portee-par-une-vision-pour-lavenir\/","og_locale":"it_IT","og_type":"article","og_title":"Assembl\u00e9e des d\u00e9l\u00e9gu\u00e9s port\u00e9e par une vision pour l\u2019avenir - Revue Musicale Suisse","og_description":"L\u2019Assembl\u00e9e des d\u00e9l\u00e9gu\u00e9s de l\u2019Union Suisse des Artistes Musiciens de cette ann\u00e9e s\u2019est tenue dans le foyer magnifiquement r\u00e9nov\u00e9 du Th\u00e9\u00e2tre municipal de Berne. Le conf\u00e9rencier invit\u00e9 \u00e9tait le manager culturel Beat Fehlmann.","og_url":"https:\/\/www.revuemusicale.ch\/it\/basis\/usdam\/2025\/09\/assemblee-des-delegues-portee-par-une-vision-pour-lavenir\/","og_site_name":"Revue Musicale Suisse","article_publisher":"https:\/\/www.facebook.com\/SchweizerMusikzeitung\/","article_published_time":"2025-09-09T12:45:48+00:00","article_modified_time":"2025-09-18T12:49:06+00:00","og_image":[{"width":364,"height":552,"url":"https:\/\/www.revuemusicale.ch\/wp-content\/uploads\/2023\/09\/logo-USDAM-SMV-sans-texte.png","type":"image\/png"}],"author":"Laurent Mettraux","twitter_card":"summary_large_image","twitter_creator":"@smusikzeitung","twitter_site":"@smusikzeitung","twitter_misc":{"Scritto da":"Laurent Mettraux","Tempo di lettura stimato":"6 minuti"},"schema":{"@context":"https:\/\/schema.org","@graph":[{"@type":"Article","@id":"https:\/\/www.revuemusicale.ch\/basis\/usdam\/2025\/09\/assemblee-des-delegues-portee-par-une-vision-pour-lavenir#article","isPartOf":{"@id":"https:\/\/www.revuemusicale.ch\/basis\/usdam\/2025\/09\/assemblee-des-delegues-portee-par-une-vision-pour-lavenir"},"author":{"name":"Laurent Mettraux","@id":"https:\/\/www.revuemusicale.ch\/#\/schema\/person\/fb6400330a942eecc4b494064fce59be"},"headline":"Assembl\u00e9e des d\u00e9l\u00e9gu\u00e9s port\u00e9e par une vision pour l\u2019avenir","datePublished":"2025-09-09T12:45:48+00:00","dateModified":"2025-09-18T12:49:06+00:00","mainEntityOfPage":{"@id":"https:\/\/www.revuemusicale.ch\/basis\/usdam\/2025\/09\/assemblee-des-delegues-portee-par-une-vision-pour-lavenir"},"wordCount":1133,"publisher":{"@id":"https:\/\/www.revuemusicale.ch\/#organization"},"image":{"@id":"https:\/\/www.revuemusicale.ch\/basis\/usdam\/2025\/09\/assemblee-des-delegues-portee-par-une-vision-pour-lavenir#primaryimage"},"thumbnailUrl":"https:\/\/www.revuemusicale.ch\/wp-content\/uploads\/2023\/09\/logo-USDAM-SMV-sans-texte.png","keywords":["Assembl\u00e9e des d\u00e9l\u00e9gu\u00e9s","Centre de comp\u00e9tences pour la musique"],"articleSection":["USDAM"],"inLanguage":"it-IT"},{"@type":"WebPage","@id":"https:\/\/www.revuemusicale.ch\/basis\/usdam\/2025\/09\/assemblee-des-delegues-portee-par-une-vision-pour-lavenir","url":"https:\/\/www.revuemusicale.ch\/basis\/usdam\/2025\/09\/assemblee-des-delegues-portee-par-une-vision-pour-lavenir","name":"Assembl\u00e9e des d\u00e9l\u00e9gu\u00e9s port\u00e9e par une vision pour l\u2019avenir - Revue Musicale Suisse","isPartOf":{"@id":"https:\/\/www.revuemusicale.ch\/#website"},"primaryImageOfPage":{"@id":"https:\/\/www.revuemusicale.ch\/basis\/usdam\/2025\/09\/assemblee-des-delegues-portee-par-une-vision-pour-lavenir#primaryimage"},"image":{"@id":"https:\/\/www.revuemusicale.ch\/basis\/usdam\/2025\/09\/assemblee-des-delegues-portee-par-une-vision-pour-lavenir#primaryimage"},"thumbnailUrl":"https:\/\/www.revuemusicale.ch\/wp-content\/uploads\/2023\/09\/logo-USDAM-SMV-sans-texte.png","datePublished":"2025-09-09T12:45:48+00:00","dateModified":"2025-09-18T12:49:06+00:00","breadcrumb":{"@id":"https:\/\/www.revuemusicale.ch\/basis\/usdam\/2025\/09\/assemblee-des-delegues-portee-par-une-vision-pour-lavenir#breadcrumb"},"inLanguage":"it-IT","potentialAction":[{"@type":"ReadAction","target":["https:\/\/www.revuemusicale.ch\/basis\/usdam\/2025\/09\/assemblee-des-delegues-portee-par-une-vision-pour-lavenir"]}]},{"@type":"ImageObject","inLanguage":"it-IT","@id":"https:\/\/www.revuemusicale.ch\/basis\/usdam\/2025\/09\/assemblee-des-delegues-portee-par-une-vision-pour-lavenir#primaryimage","url":"https:\/\/www.revuemusicale.ch\/wp-content\/uploads\/2023\/09\/logo-USDAM-SMV-sans-texte.png","contentUrl":"https:\/\/www.revuemusicale.ch\/wp-content\/uploads\/2023\/09\/logo-USDAM-SMV-sans-texte.png","width":364,"height":552},{"@type":"BreadcrumbList","@id":"https:\/\/www.revuemusicale.ch\/basis\/usdam\/2025\/09\/assemblee-des-delegues-portee-par-une-vision-pour-lavenir#breadcrumb","itemListElement":[{"@type":"ListItem","position":1,"name":"Home","item":"https:\/\/www.revuemusicale.ch\/"},{"@type":"ListItem","position":2,"name":"Assembl\u00e9e des d\u00e9l\u00e9gu\u00e9s port\u00e9e par une vision pour l\u2019avenir"}]},{"@type":"WebSite","@id":"https:\/\/www.revuemusicale.ch\/#website","url":"https:\/\/www.revuemusicale.ch\/","name":"Rassegna musicale svizzera","description":"","publisher":{"@id":"https:\/\/www.revuemusicale.ch\/#organization"},"potentialAction":[{"@type":"SearchAction","target":{"@type":"EntryPoint","urlTemplate":"https:\/\/www.revuemusicale.ch\/?s={search_term_string}"},"query-input":{"@type":"PropertyValueSpecification","valueRequired":true,"valueName":"search_term_string"}}],"inLanguage":"it-IT"},{"@type":"Organization","@id":"https:\/\/www.revuemusicale.ch\/#organization","name":"Rassegna musicale svizzera","url":"https:\/\/www.revuemusicale.ch\/","logo":{"@type":"ImageObject","inLanguage":"it-IT","@id":"https:\/\/www.revuemusicale.ch\/#\/schema\/logo\/image\/","url":"https:\/\/www.revuemusicale.ch\/wp-content\/uploads\/2023\/01\/logo_revuemusicale_musikzeitung.jpg","contentUrl":"https:\/\/www.revuemusicale.ch\/wp-content\/uploads\/2023\/01\/logo_revuemusicale_musikzeitung.jpg","width":1200,"height":243,"caption":"Revue Musicale Suisse"},"image":{"@id":"https:\/\/www.revuemusicale.ch\/#\/schema\/logo\/image\/"},"sameAs":["https:\/\/www.facebook.com\/SchweizerMusikzeitung\/","https:\/\/x.com\/smusikzeitung","https:\/\/www.instagram.com\/musikzeitung.ch\/?hl=de"]},{"@type":"Person","@id":"https:\/\/www.revuemusicale.ch\/#\/schema\/person\/fb6400330a942eecc4b494064fce59be","name":"Laurent Mettraux","image":{"@type":"ImageObject","inLanguage":"it-IT","@id":"https:\/\/secure.gravatar.com\/avatar\/0ff4c55a3beaca23cf8ac030f6a4d207c5c42f40aa03f3accbc97af09da0d956?s=96&d=mm&r=g","url":"https:\/\/secure.gravatar.com\/avatar\/0ff4c55a3beaca23cf8ac030f6a4d207c5c42f40aa03f3accbc97af09da0d956?s=96&d=mm&r=g","contentUrl":"https:\/\/secure.gravatar.com\/avatar\/0ff4c55a3beaca23cf8ac030f6a4d207c5c42f40aa03f3accbc97af09da0d956?s=96&d=mm&r=g","caption":"Laurent Mettraux"},"url":"https:\/\/www.revuemusicale.ch\/it\/author\/laurent-mettraux"}]}},"publishpress_future_action":{"enabled":false,"date":"1970-01-01 01:00:00","action":"change-status","newStatus":"draft","terms":[],"taxonomy":"category","extraData":[]},"publishpress_future_workflow_manual_trigger":{"enabledWorkflows":[]},"_links":{"self":[{"href":"https:\/\/www.revuemusicale.ch\/it\/wp-json\/wp\/v2\/posts\/31459","targetHints":{"allow":["GET"]}}],"collection":[{"href":"https:\/\/www.revuemusicale.ch\/it\/wp-json\/wp\/v2\/posts"}],"about":[{"href":"https:\/\/www.revuemusicale.ch\/it\/wp-json\/wp\/v2\/types\/post"}],"author":[{"embeddable":true,"href":"https:\/\/www.revuemusicale.ch\/it\/wp-json\/wp\/v2\/users\/21897"}],"replies":[{"embeddable":true,"href":"https:\/\/www.revuemusicale.ch\/it\/wp-json\/wp\/v2\/comments?post=31459"}],"version-history":[{"count":1,"href":"https:\/\/www.revuemusicale.ch\/it\/wp-json\/wp\/v2\/posts\/31459\/revisions"}],"predecessor-version":[{"id":31460,"href":"https:\/\/www.revuemusicale.ch\/it\/wp-json\/wp\/v2\/posts\/31459\/revisions\/31460"}],"wp:featuredmedia":[{"embeddable":true,"href":"https:\/\/www.revuemusicale.ch\/it\/wp-json\/wp\/v2\/media\/29791"}],"wp:attachment":[{"href":"https:\/\/www.revuemusicale.ch\/it\/wp-json\/wp\/v2\/media?parent=31459"}],"wp:term":[{"taxonomy":"category","embeddable":true,"href":"https:\/\/www.revuemusicale.ch\/it\/wp-json\/wp\/v2\/categories?post=31459"},{"taxonomy":"post_tag","embeddable":true,"href":"https:\/\/www.revuemusicale.ch\/it\/wp-json\/wp\/v2\/tags?post=31459"}],"curies":[{"name":"wp","href":"https:\/\/api.w.org\/{rel}","templated":true}]}}