{"id":31514,"date":"2025-10-16T10:00:10","date_gmt":"2025-10-16T08:00:10","guid":{"rendered":"https:\/\/www.revuemusicale.ch\/?p=31514"},"modified":"2025-11-27T14:17:56","modified_gmt":"2025-11-27T13:17:56","slug":"numero-10-2025-focus-sante-mentale","status":"publish","type":"post","link":"https:\/\/www.revuemusicale.ch\/it\/smz\/2025\/10\/numero-10-2025-focus-sante-mentale","title":{"rendered":"Edizione 10\/2025 - Focus sulla salute mentale"},"content":{"rendered":"<h3><img loading=\"lazy\" decoding=\"async\" class=\"aligncenter size-full wp-image-68267\" src=\"https:\/\/www.musikzeitung.ch\/wp-content\/uploads\/2025\/10\/SMZ_Cover_10_2025_Web.jpg\" alt=\"\" width=\"3543\" height=\"2576\" \/><\/h3>\n<h3>Indice dei contenuti<\/h3>\n<h3><strong>Focus<\/strong><\/h3>\n<p><em><strong>Insegnare al cervello a rivalutare la situazione <\/strong><\/em><br \/>\n<em>Intervista con Anke Grell<\/em><\/p>\n<p><em><strong>Si sta creando una rete di supporto<br \/>\n<\/strong>Programmi di prevenzione offerti dai licei musicali<\/em><\/p>\n<p><strong>Insegnare musica a studenti straordinari<br \/>\n<\/strong>Sarah Perruchoud-Cordonier condivide la sua esperienza<\/p>\n<p><em>(In corsivo: riassunti francesi di articoli tedeschi)<\/em><\/p>\n<h3><\/h3>\n<h3>Recensioni<\/h3>\n<p><a href=\"https:\/\/www.revuemusicale.ch\/it\/categorie\/critiques\/\">Nuovi libri, album e spartiti<\/a><\/p>\n<p>&nbsp;<\/p>\n<h3><strong>Eco\u00a0<\/strong><\/h3>\n<p><em>(Lo spazio disponibile nell'edizione cartacea non \u00e8 sufficiente per tutto ci\u00f2 che desideriamo pubblicare. In questo indice sono elencati anche gli articoli che compaiono solo online o di cui l'edizione cartacea contiene solo un estratto. La maggior parte di questi articoli \u00e8 stata pubblicata prima dell'edizione cartacea).<\/em><\/p>\n<p><strong>Concerti spontanei e flash mob per Gaza<\/strong><br \/>\nOltre cento musicisti suonano per Gaza<\/p>\n<p><a href=\"https:\/\/www.revuemusicale.ch\/it\/compte-rendu\/2025\/10\/musiciens-romands-la-colere-devient-manifeste\/\" target=\"_blank\" rel=\"noopener\"><strong>La rabbia diventa evidente<\/strong><\/a><br \/>\nManifesto dei musicisti francofoni<\/p>\n<p><a href=\"https:\/\/www.revuemusicale.ch\/it\/dossiers\/2025\/10\/la-musique-pour-prendre-soin-et-creer-du-lien\/\" target=\"_blank\" rel=\"noopener\"><strong>La musica per curare e connettere le persone<\/strong><\/a><br \/>\n<em>Parco Groovy<\/em> \u00e8 un videogioco che promuove il benessere attraverso la creazione musicale<\/p>\n<p><a href=\"https:\/\/www.musikzeitung.ch\/dossiers\/2025\/10\/gesellschaftlicher-spiegel-der-schweiz\" target=\"_blank\" rel=\"noopener\"><strong>125 anni di attivit\u00e0 della Schweizerischer Tonk\u00fcnstlerverein<\/strong><\/a><br \/>\nLo Spiegel Gesellschaftlicher della Svizzera<\/p>\n<p><a href=\"https:\/\/www.musikzeitung.ch\/berichte\/2025\/10\/klassikfestivals-ausserhalb-der-zentren\" target=\"_blank\" rel=\"noopener\"><strong>Festival di musica classica ausserhalb der Zentren<\/strong><\/a><br \/>\nIl Festival Othmar-Schoeck a Brunnen e il Festival \"Beleuchtungen\" a Langenthal<\/p>\n<p><a href=\"https:\/\/www.musikzeitung.ch\/berichte\/2025\/09\/die-sinnlichkeit-ist-zurueck\" target=\"_blank\" rel=\"noopener\"><strong>La sensibilit\u00e0 \u00e8 in pericolo<\/strong><\/a><br \/>\nMusikfestival di Berna<\/p>\n<p><strong><a href=\"https:\/\/www.musikzeitung.ch\/berichte\/2025\/09\/50-jahre-wandel-jazzfestival-willisau\" target=\"_blank\" rel=\"noopener\">50 anni di storia<\/a><\/strong><br \/>\nJazzfestival Willisau<\/p>\n<p><a href=\"https:\/\/www.musikzeitung.ch\/berichte\/2025\/09\/augen-zu-und-hoeren\" target=\"_blank\" rel=\"noopener\"><strong>Augen zu und h\u00f6ren<\/strong><\/a><br \/>\nBattere Gysins <em>Movimenti I<\/em><\/p>\n<p><a href=\"https:\/\/www.musikzeitung.ch\/berichte\/2025\/09\/open-end-in-luzern\" target=\"_blank\" rel=\"noopener\"><strong>Open End a Lucerna<\/strong><\/a><br \/>\nCon la verifica di Michael Haefliger, il Festival di Lucerna ha raggiunto un traguardo importante.<\/p>\n<p><a href=\"https:\/\/www.musikzeitung.ch\/berichte\/2025\/10\/teilhaben-auch-im-hohen-alter\" target=\"_blank\" rel=\"noopener\"><strong>Teilhaben, anche in et\u00e0 avanzata<\/strong><\/a><br \/>\nIl Teatro Jungbrunnen si trova in mezzo a una strada con <em>Witwe Lustigen<\/em><\/p>\n<p><a href=\"https:\/\/www.musikzeitung.ch\/berichte\/2025\/09\/neubeginn-im-krematorium\" target=\"_blank\" rel=\"noopener\"><strong>Neubeginn im Krematorium<\/strong><\/a><br \/>\nPerformance-Installazione di Katharina Rosenbergers <em>Il divario\u00a0<\/em><\/p>\n<p><a href=\"https:\/\/www.musikzeitung.ch\/berichte\/2025\/09\/von-zensur-aufbegehren-und-tod\" target=\"_blank\" rel=\"noopener\"><strong>Da Zensur, Aufbegehren e Tod<\/strong><\/a><br \/>\nDas Festival <em>Macht Musik<\/em> a Basilea<\/p>\n<h3><\/h3>\n<h3><strong>Base<\/strong><\/h3>\n<p>Articoli e notizie dalle associazioni<\/p>\n<p><a href=\"https:\/\/www.musikzeitung.ch\/basis\/eov\/\" target=\"_blank\" rel=\"noopener\">Eidgen\u00f6ssischer Orchesterverband (EOV) \/ Soci\u00e9t\u00e9 F\u00e9d\u00e9rale des Orchestres (SFO)<\/a><\/p>\n<p><a href=\"https:\/\/www.musikzeitung.ch\/basis\/kmhs\" target=\"_blank\" rel=\"noopener\">Konferenz Musikhochschulen Schweiz (KMHS) \/ Conferenza delle universit\u00e0 svizzere di musica (CHEMS)<\/a><\/p>\n<p><a href=\"https:\/\/www.musikzeitung.ch\/basis\/kalaidos\/\" target=\"_blank\" rel=\"noopener\">Kalaidos Musikhochschule \/ Collegio di musica Kalaidos<\/a><\/p>\n<p><a href=\"https:\/\/www.musikzeitung.ch\/basis\/smr\/\" target=\"_blank\" rel=\"noopener\">Schweizer Musikrat (SMR) \/ Consiglio svizzero della musica (CSM)<\/a><\/p>\n<p><a href=\"https:\/\/www.musikzeitung.ch\/basis\/smm\/\" target=\"_blank\" rel=\"noopener\">Swissmedmusica (SMM) \/ Associazione Svizzera di Medicina Musicale (SMM)<\/a><\/p>\n<p><a href=\"https:\/\/www.musikzeitung.ch\/basis\/smg\/\" target=\"_blank\" rel=\"noopener\">Schweizerische Musikforschende Gesellschaft (SMG) \/ Societ\u00e0 svizzera di musicologia (SSM)<\/a><\/p>\n<p><a href=\"https:\/\/www.musikzeitung.ch\/basis\/smv\/\" target=\"_blank\" rel=\"noopener\">Schweizerischer Musikerverband (SMV) \/ Unione Svizzera dei Musicisti (USDAM)<\/a><\/p>\n<p><a href=\"https:\/\/www.musikzeitung.ch\/basis\/smpv\/\" target=\"_blank\" rel=\"noopener\">Schweizerischer Musikp\u00e4dagogischer Verband (SMPV) \/ Societ\u00e0 svizzera di pedagogia musicale (SSPM)<\/a><\/p>\n<p><a href=\"https:\/\/www.musikzeitung.ch\/basis\/sonart\/\" target=\"_blank\" rel=\"noopener\">SONART - Musikschaffende Schweiz<\/a><\/p>\n<p><a href=\"https:\/\/www.musikzeitung.ch\/basis\/sjmw\/\" target=\"_blank\" rel=\"noopener\">Stiftung Schweizerischer Jugendmusikwettbewerb (SJMW)<\/a><\/p>\n<p><a href=\"https:\/\/www.musikzeitung.ch\/basis\/arosa-kultur\/\" target=\"_blank\" rel=\"noopener\">Arosa Kultur<\/a><\/p>\n<p><a href=\"https:\/\/www.musikzeitung.ch\/basis\/suisa\/\" target=\"_blank\" rel=\"noopener\">SUISA - Societ\u00e0 dei musicisti e dei lettori di musica<\/a><\/p>\n<p><a href=\"https:\/\/www.musikzeitung.ch\/basis\/vms\/\" target=\"_blank\" rel=\"noopener\">Verband Musikschulen Schweiz (VMS) \/ Associazione svizzera delle scuole di musica (ASEM)<\/a><\/p>\n<p>&nbsp;<\/p>\n<p><strong>Folie<br \/>\n<\/strong>L'indovinello di Pia Schwab<\/p>\n<p>________________________________________<\/p>\n<p><strong><a href=\"mailto:contact@musikzeitung.ch\">Ordinate questo numero per CHF 10.- (+ CHF 2.- di spese postali)<\/a><\/strong><\/p>","protected":false},"excerpt":{"rendered":"<p>Tables des mati\u00e8res Focus Apprendre au cerveau a\u0300 re\u0301e\u0301valuer la situation Entretien avec Anke Grell Un re\u0301seau d\u2019aide se met en place Des programmes de pr\u00e9vention propos\u00e9s par des Hautes \u00e9coles de musique Enseigner la musique a\u0300 des e\u0301le\u0300ves extraordinaires Sarah Perruchoud-Cordonier partage son exp\u00e9rience (En italique: r\u00e9sum\u00e9 fran\u00e7ais des articles en allemand) Critiques Nouveaut\u00e9s [&hellip;]<\/p>\n","protected":false},"author":36252,"featured_media":31527,"comment_status":"closed","ping_status":"closed","sticky":false,"template":"","format":"standard","meta":{"_acf_changed":false,"_relevanssi_hide_post":"","_relevanssi_hide_content":"","_relevanssi_pin_for_all":"","_relevanssi_pin_keywords":"","_relevanssi_unpin_keywords":"","_relevanssi_related_keywords":"","_relevanssi_related_include_ids":"","_relevanssi_related_exclude_ids":"","_relevanssi_related_no_append":"","_relevanssi_related_not_related":"","_relevanssi_related_posts":"","_relevanssi_noindex_reason":"","pgc_sgb_lightbox_settings":"","footnotes":""},"categories":[1565],"tags":[1864,2266,2282,2280,2267,2268,2269,2270,2271,2272,2188,2273,2274,1862,2275,2276,2281,1747,2277,2279,2278],"class_list":["post-31514","post","type-post","status-publish","format-standard","has-post-thumbnail","hentry","category-smz","tag-anke-grell","tag-auftrittsangst","tag-charge-mentale","tag-concurrence","tag-erschopfung","tag-horst-hildebrandt","tag-joana-aderi","tag-konkurrenz","tag-lampenfieber","tag-manuel-oswald","tag-meimuna","tag-mental-health","tag-pravention","tag-prevention","tag-psychische-belastung","tag-psychische-gesundheit","tag-sante-mentale","tag-sara-oswald","tag-schweizerischer-tonkunstlerverein","tag-trac","tag-veronika-jana-lubert"],"acf":[],"yoast_head":"<!-- This site is optimized with the Yoast SEO plugin v27.3 - https:\/\/yoast.com\/product\/yoast-seo-wordpress\/ -->\n<title>Num\u00e9ro 10\/2025 \u2013 Focus \u00ab\u00a0sant\u00e9 mentale\u00a0\u00bb - Revue Musicale Suisse<\/title>\n<meta name=\"robots\" content=\"index, follow, max-snippet:-1, max-image-preview:large, max-video-preview:-1\" \/>\n<link rel=\"canonical\" href=\"https:\/\/www.revuemusicale.ch\/it\/smz\/2025\/10\/numero-10-2025-focus-sante-mentale\/\" \/>\n<meta property=\"og:locale\" content=\"it_IT\" \/>\n<meta property=\"og:type\" content=\"article\" \/>\n<meta property=\"og:title\" content=\"Num\u00e9ro 10\/2025 \u2013 Focus \u00ab\u00a0sant\u00e9 mentale\u00a0\u00bb - Revue Musicale Suisse\" \/>\n<meta property=\"og:description\" content=\"Tables des mati\u00e8res Focus Apprendre au cerveau a\u0300 re\u0301e\u0301valuer la situation Entretien avec Anke Grell Un re\u0301seau d\u2019aide se met en place Des programmes de pr\u00e9vention propos\u00e9s par des Hautes \u00e9coles de musique Enseigner la musique a\u0300 des e\u0301le\u0300ves extraordinaires Sarah Perruchoud-Cordonier partage son exp\u00e9rience (En italique: r\u00e9sum\u00e9 fran\u00e7ais des articles en allemand) Critiques Nouveaut\u00e9s [&hellip;]\" \/>\n<meta property=\"og:url\" content=\"https:\/\/www.revuemusicale.ch\/it\/smz\/2025\/10\/numero-10-2025-focus-sante-mentale\/\" \/>\n<meta property=\"og:site_name\" content=\"Revue Musicale Suisse\" \/>\n<meta property=\"article:publisher\" content=\"https:\/\/www.facebook.com\/SchweizerMusikzeitung\/\" \/>\n<meta property=\"article:published_time\" content=\"2025-10-16T08:00:10+00:00\" \/>\n<meta property=\"article:modified_time\" content=\"2025-11-27T13:17:56+00:00\" \/>\n<meta property=\"og:image\" content=\"https:\/\/www.revuemusicale.ch\/wp-content\/uploads\/2025\/10\/SMZ_Cover_10_2025_Web.jpg\" \/>\n\t<meta property=\"og:image:width\" content=\"1375\" \/>\n\t<meta property=\"og:image:height\" content=\"1000\" \/>\n\t<meta property=\"og:image:type\" content=\"image\/jpeg\" \/>\n<meta name=\"author\" content=\"Jean Damien Humair\" \/>\n<meta name=\"twitter:card\" content=\"summary_large_image\" \/>\n<meta name=\"twitter:creator\" content=\"@smusikzeitung\" \/>\n<meta name=\"twitter:site\" content=\"@smusikzeitung\" \/>\n<meta name=\"twitter:label1\" content=\"Scritto da\" \/>\n\t<meta name=\"twitter:data1\" content=\"Jean Damien Humair\" \/>\n\t<meta name=\"twitter:label2\" content=\"Tempo di lettura stimato\" \/>\n\t<meta name=\"twitter:data2\" content=\"3 minuti\" \/>\n<script type=\"application\/ld+json\" class=\"yoast-schema-graph\">{\"@context\":\"https:\\\/\\\/schema.org\",\"@graph\":[{\"@type\":\"Article\",\"@id\":\"https:\\\/\\\/www.revuemusicale.ch\\\/smz\\\/2025\\\/10\\\/numero-10-2025-focus-sante-mentale#article\",\"isPartOf\":{\"@id\":\"https:\\\/\\\/www.revuemusicale.ch\\\/smz\\\/2025\\\/10\\\/numero-10-2025-focus-sante-mentale\"},\"author\":{\"name\":\"Jean Damien Humair\",\"@id\":\"https:\\\/\\\/www.revuemusicale.ch\\\/#\\\/schema\\\/person\\\/1b30ea7776e9b81b23463f6dc0e62de1\"},\"headline\":\"Num\u00e9ro 10\\\/2025 \u2013 Focus \u00ab\u00a0sant\u00e9 mentale\u00a0\u00bb\",\"datePublished\":\"2025-10-16T08:00:10+00:00\",\"dateModified\":\"2025-11-27T13:17:56+00:00\",\"mainEntityOfPage\":{\"@id\":\"https:\\\/\\\/www.revuemusicale.ch\\\/smz\\\/2025\\\/10\\\/numero-10-2025-focus-sante-mentale\"},\"wordCount\":421,\"publisher\":{\"@id\":\"https:\\\/\\\/www.revuemusicale.ch\\\/#organization\"},\"image\":{\"@id\":\"https:\\\/\\\/www.revuemusicale.ch\\\/smz\\\/2025\\\/10\\\/numero-10-2025-focus-sante-mentale#primaryimage\"},\"thumbnailUrl\":\"https:\\\/\\\/www.revuemusicale.ch\\\/wp-content\\\/uploads\\\/2025\\\/10\\\/SMZ_Cover_10_2025_Web.jpg\",\"keywords\":[\"Anke Grell\",\"Auftrittsangst\",\"charge mentale\",\"concurrence\",\"Ersch\u00f6pfung\",\"Horst Hildebrandt\",\"Joana Aderi\",\"Konkurrenz\",\"Lampenfieber\",\"Manuel Oswald\",\"Meimuna\",\"Mental Health\",\"Pr\u00e4vention\",\"pr\u00e9vention\",\"psychische Belastung\",\"psychische Gesundheit\",\"sant\u00e9 mentale\",\"Sara Oswald\",\"Schweizerischer Tonk\u00fcnstlerverein\",\"trac\",\"Veronika Jana Lubert\"],\"articleSection\":[\"SMZ\"],\"inLanguage\":\"it-IT\"},{\"@type\":\"WebPage\",\"@id\":\"https:\\\/\\\/www.revuemusicale.ch\\\/smz\\\/2025\\\/10\\\/numero-10-2025-focus-sante-mentale\",\"url\":\"https:\\\/\\\/www.revuemusicale.ch\\\/smz\\\/2025\\\/10\\\/numero-10-2025-focus-sante-mentale\",\"name\":\"Num\u00e9ro 10\\\/2025 \u2013 Focus \u00ab\u00a0sant\u00e9 mentale\u00a0\u00bb - Revue Musicale Suisse\",\"isPartOf\":{\"@id\":\"https:\\\/\\\/www.revuemusicale.ch\\\/#website\"},\"primaryImageOfPage\":{\"@id\":\"https:\\\/\\\/www.revuemusicale.ch\\\/smz\\\/2025\\\/10\\\/numero-10-2025-focus-sante-mentale#primaryimage\"},\"image\":{\"@id\":\"https:\\\/\\\/www.revuemusicale.ch\\\/smz\\\/2025\\\/10\\\/numero-10-2025-focus-sante-mentale#primaryimage\"},\"thumbnailUrl\":\"https:\\\/\\\/www.revuemusicale.ch\\\/wp-content\\\/uploads\\\/2025\\\/10\\\/SMZ_Cover_10_2025_Web.jpg\",\"datePublished\":\"2025-10-16T08:00:10+00:00\",\"dateModified\":\"2025-11-27T13:17:56+00:00\",\"breadcrumb\":{\"@id\":\"https:\\\/\\\/www.revuemusicale.ch\\\/smz\\\/2025\\\/10\\\/numero-10-2025-focus-sante-mentale#breadcrumb\"},\"inLanguage\":\"it-IT\",\"potentialAction\":[{\"@type\":\"ReadAction\",\"target\":[\"https:\\\/\\\/www.revuemusicale.ch\\\/smz\\\/2025\\\/10\\\/numero-10-2025-focus-sante-mentale\"]}]},{\"@type\":\"ImageObject\",\"inLanguage\":\"it-IT\",\"@id\":\"https:\\\/\\\/www.revuemusicale.ch\\\/smz\\\/2025\\\/10\\\/numero-10-2025-focus-sante-mentale#primaryimage\",\"url\":\"https:\\\/\\\/www.revuemusicale.ch\\\/wp-content\\\/uploads\\\/2025\\\/10\\\/SMZ_Cover_10_2025_Web.jpg\",\"contentUrl\":\"https:\\\/\\\/www.revuemusicale.ch\\\/wp-content\\\/uploads\\\/2025\\\/10\\\/SMZ_Cover_10_2025_Web.jpg\",\"width\":1375,\"height\":1000},{\"@type\":\"BreadcrumbList\",\"@id\":\"https:\\\/\\\/www.revuemusicale.ch\\\/smz\\\/2025\\\/10\\\/numero-10-2025-focus-sante-mentale#breadcrumb\",\"itemListElement\":[{\"@type\":\"ListItem\",\"position\":1,\"name\":\"Home\",\"item\":\"https:\\\/\\\/www.revuemusicale.ch\\\/\"},{\"@type\":\"ListItem\",\"position\":2,\"name\":\"Num\u00e9ro 10\\\/2025 \u2013 Focus \u00ab\u00a0sant\u00e9 mentale\u00a0\u00bb\"}]},{\"@type\":\"WebSite\",\"@id\":\"https:\\\/\\\/www.revuemusicale.ch\\\/#website\",\"url\":\"https:\\\/\\\/www.revuemusicale.ch\\\/\",\"name\":\"Revue Musicale Suisse\",\"description\":\"\",\"publisher\":{\"@id\":\"https:\\\/\\\/www.revuemusicale.ch\\\/#organization\"},\"potentialAction\":[{\"@type\":\"SearchAction\",\"target\":{\"@type\":\"EntryPoint\",\"urlTemplate\":\"https:\\\/\\\/www.revuemusicale.ch\\\/?s={search_term_string}\"},\"query-input\":{\"@type\":\"PropertyValueSpecification\",\"valueRequired\":true,\"valueName\":\"search_term_string\"}}],\"inLanguage\":\"it-IT\"},{\"@type\":\"Organization\",\"@id\":\"https:\\\/\\\/www.revuemusicale.ch\\\/#organization\",\"name\":\"Revue Musicale Suisse\",\"url\":\"https:\\\/\\\/www.revuemusicale.ch\\\/\",\"logo\":{\"@type\":\"ImageObject\",\"inLanguage\":\"it-IT\",\"@id\":\"https:\\\/\\\/www.revuemusicale.ch\\\/#\\\/schema\\\/logo\\\/image\\\/\",\"url\":\"https:\\\/\\\/www.revuemusicale.ch\\\/wp-content\\\/uploads\\\/2023\\\/01\\\/logo_revuemusicale_musikzeitung.jpg\",\"contentUrl\":\"https:\\\/\\\/www.revuemusicale.ch\\\/wp-content\\\/uploads\\\/2023\\\/01\\\/logo_revuemusicale_musikzeitung.jpg\",\"width\":1200,\"height\":243,\"caption\":\"Revue Musicale Suisse\"},\"image\":{\"@id\":\"https:\\\/\\\/www.revuemusicale.ch\\\/#\\\/schema\\\/logo\\\/image\\\/\"},\"sameAs\":[\"https:\\\/\\\/www.facebook.com\\\/SchweizerMusikzeitung\\\/\",\"https:\\\/\\\/x.com\\\/smusikzeitung\",\"https:\\\/\\\/www.instagram.com\\\/musikzeitung.ch\\\/?hl=de\"]},{\"@type\":\"Person\",\"@id\":\"https:\\\/\\\/www.revuemusicale.ch\\\/#\\\/schema\\\/person\\\/1b30ea7776e9b81b23463f6dc0e62de1\",\"name\":\"Jean Damien Humair\",\"image\":{\"@type\":\"ImageObject\",\"inLanguage\":\"it-IT\",\"@id\":\"https:\\\/\\\/secure.gravatar.com\\\/avatar\\\/19050aec28313b06b13b79b92029ec1dc485922fedd58cd581bfc6cd4b965244?s=96&d=mm&r=g\",\"url\":\"https:\\\/\\\/secure.gravatar.com\\\/avatar\\\/19050aec28313b06b13b79b92029ec1dc485922fedd58cd581bfc6cd4b965244?s=96&d=mm&r=g\",\"contentUrl\":\"https:\\\/\\\/secure.gravatar.com\\\/avatar\\\/19050aec28313b06b13b79b92029ec1dc485922fedd58cd581bfc6cd4b965244?s=96&d=mm&r=g\",\"caption\":\"Jean Damien Humair\"},\"url\":\"https:\\\/\\\/www.revuemusicale.ch\\\/it\\\/author\\\/jean-damien-humair\"}]}<\/script>\n<!-- \/ Yoast SEO plugin. -->","yoast_head_json":{"title":"Num\u00e9ro 10\/2025 \u2013 Focus \u00ab\u00a0sant\u00e9 mentale\u00a0\u00bb - Revue Musicale Suisse","robots":{"index":"index","follow":"follow","max-snippet":"max-snippet:-1","max-image-preview":"max-image-preview:large","max-video-preview":"max-video-preview:-1"},"canonical":"https:\/\/www.revuemusicale.ch\/it\/smz\/2025\/10\/numero-10-2025-focus-sante-mentale\/","og_locale":"it_IT","og_type":"article","og_title":"Num\u00e9ro 10\/2025 \u2013 Focus \u00ab\u00a0sant\u00e9 mentale\u00a0\u00bb - Revue Musicale Suisse","og_description":"Tables des mati\u00e8res Focus Apprendre au cerveau a\u0300 re\u0301e\u0301valuer la situation Entretien avec Anke Grell Un re\u0301seau d\u2019aide se met en place Des programmes de pr\u00e9vention propos\u00e9s par des Hautes \u00e9coles de musique Enseigner la musique a\u0300 des e\u0301le\u0300ves extraordinaires Sarah Perruchoud-Cordonier partage son exp\u00e9rience (En italique: r\u00e9sum\u00e9 fran\u00e7ais des articles en allemand) Critiques Nouveaut\u00e9s [&hellip;]","og_url":"https:\/\/www.revuemusicale.ch\/it\/smz\/2025\/10\/numero-10-2025-focus-sante-mentale\/","og_site_name":"Revue Musicale Suisse","article_publisher":"https:\/\/www.facebook.com\/SchweizerMusikzeitung\/","article_published_time":"2025-10-16T08:00:10+00:00","article_modified_time":"2025-11-27T13:17:56+00:00","og_image":[{"width":1375,"height":1000,"url":"https:\/\/www.revuemusicale.ch\/wp-content\/uploads\/2025\/10\/SMZ_Cover_10_2025_Web.jpg","type":"image\/jpeg"}],"author":"Jean Damien Humair","twitter_card":"summary_large_image","twitter_creator":"@smusikzeitung","twitter_site":"@smusikzeitung","twitter_misc":{"Scritto da":"Jean Damien Humair","Tempo di lettura stimato":"3 minuti"},"schema":{"@context":"https:\/\/schema.org","@graph":[{"@type":"Article","@id":"https:\/\/www.revuemusicale.ch\/smz\/2025\/10\/numero-10-2025-focus-sante-mentale#article","isPartOf":{"@id":"https:\/\/www.revuemusicale.ch\/smz\/2025\/10\/numero-10-2025-focus-sante-mentale"},"author":{"name":"Jean Damien Humair","@id":"https:\/\/www.revuemusicale.ch\/#\/schema\/person\/1b30ea7776e9b81b23463f6dc0e62de1"},"headline":"Num\u00e9ro 10\/2025 \u2013 Focus \u00ab\u00a0sant\u00e9 mentale\u00a0\u00bb","datePublished":"2025-10-16T08:00:10+00:00","dateModified":"2025-11-27T13:17:56+00:00","mainEntityOfPage":{"@id":"https:\/\/www.revuemusicale.ch\/smz\/2025\/10\/numero-10-2025-focus-sante-mentale"},"wordCount":421,"publisher":{"@id":"https:\/\/www.revuemusicale.ch\/#organization"},"image":{"@id":"https:\/\/www.revuemusicale.ch\/smz\/2025\/10\/numero-10-2025-focus-sante-mentale#primaryimage"},"thumbnailUrl":"https:\/\/www.revuemusicale.ch\/wp-content\/uploads\/2025\/10\/SMZ_Cover_10_2025_Web.jpg","keywords":["Anke Grell","Auftrittsangst","charge mentale","concurrence","Ersch\u00f6pfung","Horst Hildebrandt","Joana Aderi","Konkurrenz","Lampenfieber","Manuel Oswald","Meimuna","Mental Health","Pr\u00e4vention","pr\u00e9vention","psychische Belastung","psychische Gesundheit","sant\u00e9 mentale","Sara Oswald","Schweizerischer Tonk\u00fcnstlerverein","trac","Veronika Jana Lubert"],"articleSection":["SMZ"],"inLanguage":"it-IT"},{"@type":"WebPage","@id":"https:\/\/www.revuemusicale.ch\/smz\/2025\/10\/numero-10-2025-focus-sante-mentale","url":"https:\/\/www.revuemusicale.ch\/smz\/2025\/10\/numero-10-2025-focus-sante-mentale","name":"Num\u00e9ro 10\/2025 \u2013 Focus \u00ab\u00a0sant\u00e9 mentale\u00a0\u00bb - Revue Musicale Suisse","isPartOf":{"@id":"https:\/\/www.revuemusicale.ch\/#website"},"primaryImageOfPage":{"@id":"https:\/\/www.revuemusicale.ch\/smz\/2025\/10\/numero-10-2025-focus-sante-mentale#primaryimage"},"image":{"@id":"https:\/\/www.revuemusicale.ch\/smz\/2025\/10\/numero-10-2025-focus-sante-mentale#primaryimage"},"thumbnailUrl":"https:\/\/www.revuemusicale.ch\/wp-content\/uploads\/2025\/10\/SMZ_Cover_10_2025_Web.jpg","datePublished":"2025-10-16T08:00:10+00:00","dateModified":"2025-11-27T13:17:56+00:00","breadcrumb":{"@id":"https:\/\/www.revuemusicale.ch\/smz\/2025\/10\/numero-10-2025-focus-sante-mentale#breadcrumb"},"inLanguage":"it-IT","potentialAction":[{"@type":"ReadAction","target":["https:\/\/www.revuemusicale.ch\/smz\/2025\/10\/numero-10-2025-focus-sante-mentale"]}]},{"@type":"ImageObject","inLanguage":"it-IT","@id":"https:\/\/www.revuemusicale.ch\/smz\/2025\/10\/numero-10-2025-focus-sante-mentale#primaryimage","url":"https:\/\/www.revuemusicale.ch\/wp-content\/uploads\/2025\/10\/SMZ_Cover_10_2025_Web.jpg","contentUrl":"https:\/\/www.revuemusicale.ch\/wp-content\/uploads\/2025\/10\/SMZ_Cover_10_2025_Web.jpg","width":1375,"height":1000},{"@type":"BreadcrumbList","@id":"https:\/\/www.revuemusicale.ch\/smz\/2025\/10\/numero-10-2025-focus-sante-mentale#breadcrumb","itemListElement":[{"@type":"ListItem","position":1,"name":"Home","item":"https:\/\/www.revuemusicale.ch\/"},{"@type":"ListItem","position":2,"name":"Num\u00e9ro 10\/2025 \u2013 Focus \u00ab\u00a0sant\u00e9 mentale\u00a0\u00bb"}]},{"@type":"WebSite","@id":"https:\/\/www.revuemusicale.ch\/#website","url":"https:\/\/www.revuemusicale.ch\/","name":"Rassegna musicale svizzera","description":"","publisher":{"@id":"https:\/\/www.revuemusicale.ch\/#organization"},"potentialAction":[{"@type":"SearchAction","target":{"@type":"EntryPoint","urlTemplate":"https:\/\/www.revuemusicale.ch\/?s={search_term_string}"},"query-input":{"@type":"PropertyValueSpecification","valueRequired":true,"valueName":"search_term_string"}}],"inLanguage":"it-IT"},{"@type":"Organization","@id":"https:\/\/www.revuemusicale.ch\/#organization","name":"Rassegna musicale svizzera","url":"https:\/\/www.revuemusicale.ch\/","logo":{"@type":"ImageObject","inLanguage":"it-IT","@id":"https:\/\/www.revuemusicale.ch\/#\/schema\/logo\/image\/","url":"https:\/\/www.revuemusicale.ch\/wp-content\/uploads\/2023\/01\/logo_revuemusicale_musikzeitung.jpg","contentUrl":"https:\/\/www.revuemusicale.ch\/wp-content\/uploads\/2023\/01\/logo_revuemusicale_musikzeitung.jpg","width":1200,"height":243,"caption":"Revue Musicale Suisse"},"image":{"@id":"https:\/\/www.revuemusicale.ch\/#\/schema\/logo\/image\/"},"sameAs":["https:\/\/www.facebook.com\/SchweizerMusikzeitung\/","https:\/\/x.com\/smusikzeitung","https:\/\/www.instagram.com\/musikzeitung.ch\/?hl=de"]},{"@type":"Person","@id":"https:\/\/www.revuemusicale.ch\/#\/schema\/person\/1b30ea7776e9b81b23463f6dc0e62de1","name":"Jean Damien Humair","image":{"@type":"ImageObject","inLanguage":"it-IT","@id":"https:\/\/secure.gravatar.com\/avatar\/19050aec28313b06b13b79b92029ec1dc485922fedd58cd581bfc6cd4b965244?s=96&d=mm&r=g","url":"https:\/\/secure.gravatar.com\/avatar\/19050aec28313b06b13b79b92029ec1dc485922fedd58cd581bfc6cd4b965244?s=96&d=mm&r=g","contentUrl":"https:\/\/secure.gravatar.com\/avatar\/19050aec28313b06b13b79b92029ec1dc485922fedd58cd581bfc6cd4b965244?s=96&d=mm&r=g","caption":"Jean Damien Humair"},"url":"https:\/\/www.revuemusicale.ch\/it\/author\/jean-damien-humair"}]}},"publishpress_future_action":{"enabled":false,"date":"1970-01-01 01:00:00","action":"change-status","newStatus":"draft","terms":[],"taxonomy":"category","extraData":[]},"publishpress_future_workflow_manual_trigger":{"enabledWorkflows":[]},"_links":{"self":[{"href":"https:\/\/www.revuemusicale.ch\/it\/wp-json\/wp\/v2\/posts\/31514","targetHints":{"allow":["GET"]}}],"collection":[{"href":"https:\/\/www.revuemusicale.ch\/it\/wp-json\/wp\/v2\/posts"}],"about":[{"href":"https:\/\/www.revuemusicale.ch\/it\/wp-json\/wp\/v2\/types\/post"}],"author":[{"embeddable":true,"href":"https:\/\/www.revuemusicale.ch\/it\/wp-json\/wp\/v2\/users\/36252"}],"replies":[{"embeddable":true,"href":"https:\/\/www.revuemusicale.ch\/it\/wp-json\/wp\/v2\/comments?post=31514"}],"version-history":[{"count":3,"href":"https:\/\/www.revuemusicale.ch\/it\/wp-json\/wp\/v2\/posts\/31514\/revisions"}],"predecessor-version":[{"id":31525,"href":"https:\/\/www.revuemusicale.ch\/it\/wp-json\/wp\/v2\/posts\/31514\/revisions\/31525"}],"wp:featuredmedia":[{"embeddable":true,"href":"https:\/\/www.revuemusicale.ch\/it\/wp-json\/wp\/v2\/media\/31527"}],"wp:attachment":[{"href":"https:\/\/www.revuemusicale.ch\/it\/wp-json\/wp\/v2\/media?parent=31514"}],"wp:term":[{"taxonomy":"category","embeddable":true,"href":"https:\/\/www.revuemusicale.ch\/it\/wp-json\/wp\/v2\/categories?post=31514"},{"taxonomy":"post_tag","embeddable":true,"href":"https:\/\/www.revuemusicale.ch\/it\/wp-json\/wp\/v2\/tags?post=31514"}],"curies":[{"name":"wp","href":"https:\/\/api.w.org\/{rel}","templated":true}]}}