{"id":31517,"date":"2025-10-16T09:56:28","date_gmt":"2025-10-16T07:56:28","guid":{"rendered":"https:\/\/www.revuemusicale.ch\/?p=31517"},"modified":"2025-10-16T10:29:16","modified_gmt":"2025-10-16T08:29:16","slug":"les-cles-dune-presence-scenique-convaincante","status":"publish","type":"post","link":"https:\/\/www.revuemusicale.ch\/it\/basis\/smm\/2025\/10\/les-cles-dune-presence-scenique-convaincante","title":{"rendered":"Le chiavi per una presenza scenica convincente"},"content":{"rendered":"<section class=\"placed focus\">La rinomata violoncellista e psicologa Chiara Samatanga, che ha conseguito il dottorato all'Universit\u00e0 di Berna e tiene lezioni agli studenti di musica su pratica, stress, paura del palcoscenico e psicologia della musica da camera all'Universit\u00e0 delle Arti di Berna, parler\u00e0 degli stati mentali durante la pratica e l'esecuzione. La pianista e psicologa clinica Sara Ascenso, che sta sviluppando progetti di ricerca e nuovi programmi universitari sul benessere dei musicisti presso il Royal Northern College of Music di Manchester, in Inghilterra, analizzer\u00e0 con noi i miti sul benessere dei musicisti. La pianista, cantante e medico tedesca Pauline Gropp \u00e8 docente di embodiment e medicina musicale presso la Hochschule f\u00fcr Musik und Tanz di Colonia. Ci accompagna in un tour della struttura della personalit\u00e0 degli artisti carismatici. La pluripremiata vibrafonista, percussionista e mental coach francese Sylvie Reynaert insegna al Conservatorio di Strasburgo e conduce un laboratorio di preparazione mentale per talenti musicali in vista di concorsi, esami e audizioni, sul modello del mental coaching per sportivi.<\/p>\n<\/section>\n<section class=\"placed\">22 novembre 2025, Salle Farel Bienne, traduzione simultanea tedesco\/francese<\/p>\n<p>&nbsp;<\/p>\n<p><strong>Informazioni e iscrizioni: <\/strong><br \/>\n<a href=\"http:\/\/swissmedmusica.ch\/gesundheitstag\">swissmedmusica.ch\/gesundheitstag<\/a><\/p>\n<\/section>","protected":false},"excerpt":{"rendered":"<p>Al simposio Swissmedmusica di quest'anno, relatori di spicco provenienti da Inghilterra, Francia, Germania e Svizzera sveleranno le loro ricette per una presenza scenica convincente.<\/p>","protected":false},"author":36252,"featured_media":31518,"comment_status":"closed","ping_status":"closed","sticky":false,"template":"","format":"standard","meta":{"_acf_changed":false,"_relevanssi_hide_post":"","_relevanssi_hide_content":"","_relevanssi_pin_for_all":"","_relevanssi_pin_keywords":"","_relevanssi_unpin_keywords":"","_relevanssi_related_keywords":"","_relevanssi_related_include_ids":"","_relevanssi_related_exclude_ids":"","_relevanssi_related_no_append":"","_relevanssi_related_not_related":"","_relevanssi_related_posts":"","_relevanssi_noindex_reason":"","pgc_sgb_lightbox_settings":"","footnotes":""},"categories":[31,50],"tags":[],"class_list":["post-31517","post","type-post","status-publish","format-standard","has-post-thumbnail","hentry","category-basis","category-smm"],"acf":[],"yoast_head":"<!-- This site is optimized with the Yoast SEO plugin v27.3 - https:\/\/yoast.com\/product\/yoast-seo-wordpress\/ -->\n<title>Les cl\u00e9s d\u2019une pr\u00e9sence sc\u00e9nique convaincante - Revue Musicale Suisse<\/title>\n<meta name=\"robots\" content=\"index, follow, max-snippet:-1, max-image-preview:large, max-video-preview:-1\" \/>\n<link rel=\"canonical\" href=\"https:\/\/www.revuemusicale.ch\/it\/basis\/smm\/2025\/10\/les-cles-dune-presence-scenique-convaincante\/\" \/>\n<meta property=\"og:locale\" content=\"it_IT\" \/>\n<meta property=\"og:type\" content=\"article\" \/>\n<meta property=\"og:title\" content=\"Les cl\u00e9s d\u2019une pr\u00e9sence sc\u00e9nique convaincante - Revue Musicale Suisse\" \/>\n<meta property=\"og:description\" content=\"Lors du symposium Swissmedmusica de cette ann\u00e9e, des intervenants de haut niveau venus d\u2019Angleterre, de France, d\u2019Allemagne et de Suisse d\u00e9voileront leurs recettes pour une pr\u00e9sence sc\u00e9nique convaincante.\" \/>\n<meta property=\"og:url\" content=\"https:\/\/www.revuemusicale.ch\/it\/basis\/smm\/2025\/10\/les-cles-dune-presence-scenique-convaincante\/\" \/>\n<meta property=\"og:site_name\" content=\"Revue Musicale Suisse\" \/>\n<meta property=\"article:publisher\" content=\"https:\/\/www.facebook.com\/SchweizerMusikzeitung\/\" \/>\n<meta property=\"article:published_time\" content=\"2025-10-16T07:56:28+00:00\" \/>\n<meta property=\"article:modified_time\" content=\"2025-10-16T08:29:16+00:00\" \/>\n<meta property=\"og:image\" content=\"https:\/\/www.revuemusicale.ch\/wp-content\/uploads\/2025\/10\/smz-okt-25-bild.jpg\" \/>\n\t<meta property=\"og:image:width\" content=\"1678\" \/>\n\t<meta property=\"og:image:height\" content=\"942\" \/>\n\t<meta property=\"og:image:type\" content=\"image\/jpeg\" \/>\n<meta name=\"author\" content=\"Jean Damien Humair\" \/>\n<meta name=\"twitter:card\" content=\"summary_large_image\" \/>\n<meta name=\"twitter:creator\" content=\"@smusikzeitung\" \/>\n<meta name=\"twitter:site\" content=\"@smusikzeitung\" \/>\n<meta name=\"twitter:label1\" content=\"Scritto da\" \/>\n\t<meta name=\"twitter:data1\" content=\"Jean Damien Humair\" \/>\n\t<meta name=\"twitter:label2\" content=\"Tempo di lettura stimato\" \/>\n\t<meta name=\"twitter:data2\" content=\"2 minuti\" \/>\n<script type=\"application\/ld+json\" class=\"yoast-schema-graph\">{\"@context\":\"https:\\\/\\\/schema.org\",\"@graph\":[{\"@type\":\"Article\",\"@id\":\"https:\\\/\\\/www.revuemusicale.ch\\\/basis\\\/smm\\\/2025\\\/10\\\/les-cles-dune-presence-scenique-convaincante#article\",\"isPartOf\":{\"@id\":\"https:\\\/\\\/www.revuemusicale.ch\\\/basis\\\/smm\\\/2025\\\/10\\\/les-cles-dune-presence-scenique-convaincante\"},\"author\":{\"name\":\"Jean Damien Humair\",\"@id\":\"https:\\\/\\\/www.revuemusicale.ch\\\/#\\\/schema\\\/person\\\/1b30ea7776e9b81b23463f6dc0e62de1\"},\"headline\":\"Les cl\u00e9s d\u2019une pr\u00e9sence sc\u00e9nique convaincante\",\"datePublished\":\"2025-10-16T07:56:28+00:00\",\"dateModified\":\"2025-10-16T08:29:16+00:00\",\"mainEntityOfPage\":{\"@id\":\"https:\\\/\\\/www.revuemusicale.ch\\\/basis\\\/smm\\\/2025\\\/10\\\/les-cles-dune-presence-scenique-convaincante\"},\"wordCount\":233,\"publisher\":{\"@id\":\"https:\\\/\\\/www.revuemusicale.ch\\\/#organization\"},\"image\":{\"@id\":\"https:\\\/\\\/www.revuemusicale.ch\\\/basis\\\/smm\\\/2025\\\/10\\\/les-cles-dune-presence-scenique-convaincante#primaryimage\"},\"thumbnailUrl\":\"https:\\\/\\\/www.revuemusicale.ch\\\/wp-content\\\/uploads\\\/2025\\\/10\\\/smz-okt-25-bild.jpg\",\"articleSection\":[\"Basis\",\"SMM\"],\"inLanguage\":\"it-IT\"},{\"@type\":\"WebPage\",\"@id\":\"https:\\\/\\\/www.revuemusicale.ch\\\/basis\\\/smm\\\/2025\\\/10\\\/les-cles-dune-presence-scenique-convaincante\",\"url\":\"https:\\\/\\\/www.revuemusicale.ch\\\/basis\\\/smm\\\/2025\\\/10\\\/les-cles-dune-presence-scenique-convaincante\",\"name\":\"Les cl\u00e9s d\u2019une pr\u00e9sence sc\u00e9nique convaincante - Revue Musicale Suisse\",\"isPartOf\":{\"@id\":\"https:\\\/\\\/www.revuemusicale.ch\\\/#website\"},\"primaryImageOfPage\":{\"@id\":\"https:\\\/\\\/www.revuemusicale.ch\\\/basis\\\/smm\\\/2025\\\/10\\\/les-cles-dune-presence-scenique-convaincante#primaryimage\"},\"image\":{\"@id\":\"https:\\\/\\\/www.revuemusicale.ch\\\/basis\\\/smm\\\/2025\\\/10\\\/les-cles-dune-presence-scenique-convaincante#primaryimage\"},\"thumbnailUrl\":\"https:\\\/\\\/www.revuemusicale.ch\\\/wp-content\\\/uploads\\\/2025\\\/10\\\/smz-okt-25-bild.jpg\",\"datePublished\":\"2025-10-16T07:56:28+00:00\",\"dateModified\":\"2025-10-16T08:29:16+00:00\",\"breadcrumb\":{\"@id\":\"https:\\\/\\\/www.revuemusicale.ch\\\/basis\\\/smm\\\/2025\\\/10\\\/les-cles-dune-presence-scenique-convaincante#breadcrumb\"},\"inLanguage\":\"it-IT\",\"potentialAction\":[{\"@type\":\"ReadAction\",\"target\":[\"https:\\\/\\\/www.revuemusicale.ch\\\/basis\\\/smm\\\/2025\\\/10\\\/les-cles-dune-presence-scenique-convaincante\"]}]},{\"@type\":\"ImageObject\",\"inLanguage\":\"it-IT\",\"@id\":\"https:\\\/\\\/www.revuemusicale.ch\\\/basis\\\/smm\\\/2025\\\/10\\\/les-cles-dune-presence-scenique-convaincante#primaryimage\",\"url\":\"https:\\\/\\\/www.revuemusicale.ch\\\/wp-content\\\/uploads\\\/2025\\\/10\\\/smz-okt-25-bild.jpg\",\"contentUrl\":\"https:\\\/\\\/www.revuemusicale.ch\\\/wp-content\\\/uploads\\\/2025\\\/10\\\/smz-okt-25-bild.jpg\",\"width\":1678,\"height\":942},{\"@type\":\"BreadcrumbList\",\"@id\":\"https:\\\/\\\/www.revuemusicale.ch\\\/basis\\\/smm\\\/2025\\\/10\\\/les-cles-dune-presence-scenique-convaincante#breadcrumb\",\"itemListElement\":[{\"@type\":\"ListItem\",\"position\":1,\"name\":\"Home\",\"item\":\"https:\\\/\\\/www.revuemusicale.ch\\\/\"},{\"@type\":\"ListItem\",\"position\":2,\"name\":\"Les cl\u00e9s d\u2019une pr\u00e9sence sc\u00e9nique convaincante\"}]},{\"@type\":\"WebSite\",\"@id\":\"https:\\\/\\\/www.revuemusicale.ch\\\/#website\",\"url\":\"https:\\\/\\\/www.revuemusicale.ch\\\/\",\"name\":\"Revue Musicale Suisse\",\"description\":\"\",\"publisher\":{\"@id\":\"https:\\\/\\\/www.revuemusicale.ch\\\/#organization\"},\"potentialAction\":[{\"@type\":\"SearchAction\",\"target\":{\"@type\":\"EntryPoint\",\"urlTemplate\":\"https:\\\/\\\/www.revuemusicale.ch\\\/?s={search_term_string}\"},\"query-input\":{\"@type\":\"PropertyValueSpecification\",\"valueRequired\":true,\"valueName\":\"search_term_string\"}}],\"inLanguage\":\"it-IT\"},{\"@type\":\"Organization\",\"@id\":\"https:\\\/\\\/www.revuemusicale.ch\\\/#organization\",\"name\":\"Revue Musicale Suisse\",\"url\":\"https:\\\/\\\/www.revuemusicale.ch\\\/\",\"logo\":{\"@type\":\"ImageObject\",\"inLanguage\":\"it-IT\",\"@id\":\"https:\\\/\\\/www.revuemusicale.ch\\\/#\\\/schema\\\/logo\\\/image\\\/\",\"url\":\"https:\\\/\\\/www.revuemusicale.ch\\\/wp-content\\\/uploads\\\/2023\\\/01\\\/logo_revuemusicale_musikzeitung.jpg\",\"contentUrl\":\"https:\\\/\\\/www.revuemusicale.ch\\\/wp-content\\\/uploads\\\/2023\\\/01\\\/logo_revuemusicale_musikzeitung.jpg\",\"width\":1200,\"height\":243,\"caption\":\"Revue Musicale Suisse\"},\"image\":{\"@id\":\"https:\\\/\\\/www.revuemusicale.ch\\\/#\\\/schema\\\/logo\\\/image\\\/\"},\"sameAs\":[\"https:\\\/\\\/www.facebook.com\\\/SchweizerMusikzeitung\\\/\",\"https:\\\/\\\/x.com\\\/smusikzeitung\",\"https:\\\/\\\/www.instagram.com\\\/musikzeitung.ch\\\/?hl=de\"]},{\"@type\":\"Person\",\"@id\":\"https:\\\/\\\/www.revuemusicale.ch\\\/#\\\/schema\\\/person\\\/1b30ea7776e9b81b23463f6dc0e62de1\",\"name\":\"Jean Damien Humair\",\"image\":{\"@type\":\"ImageObject\",\"inLanguage\":\"it-IT\",\"@id\":\"https:\\\/\\\/secure.gravatar.com\\\/avatar\\\/19050aec28313b06b13b79b92029ec1dc485922fedd58cd581bfc6cd4b965244?s=96&d=mm&r=g\",\"url\":\"https:\\\/\\\/secure.gravatar.com\\\/avatar\\\/19050aec28313b06b13b79b92029ec1dc485922fedd58cd581bfc6cd4b965244?s=96&d=mm&r=g\",\"contentUrl\":\"https:\\\/\\\/secure.gravatar.com\\\/avatar\\\/19050aec28313b06b13b79b92029ec1dc485922fedd58cd581bfc6cd4b965244?s=96&d=mm&r=g\",\"caption\":\"Jean Damien Humair\"},\"url\":\"https:\\\/\\\/www.revuemusicale.ch\\\/it\\\/author\\\/jean-damien-humair\"}]}<\/script>\n<!-- \/ Yoast SEO plugin. -->","yoast_head_json":{"title":"Les cl\u00e9s d\u2019une pr\u00e9sence sc\u00e9nique convaincante - Revue Musicale Suisse","robots":{"index":"index","follow":"follow","max-snippet":"max-snippet:-1","max-image-preview":"max-image-preview:large","max-video-preview":"max-video-preview:-1"},"canonical":"https:\/\/www.revuemusicale.ch\/it\/basis\/smm\/2025\/10\/les-cles-dune-presence-scenique-convaincante\/","og_locale":"it_IT","og_type":"article","og_title":"Les cl\u00e9s d\u2019une pr\u00e9sence sc\u00e9nique convaincante - Revue Musicale Suisse","og_description":"Lors du symposium Swissmedmusica de cette ann\u00e9e, des intervenants de haut niveau venus d\u2019Angleterre, de France, d\u2019Allemagne et de Suisse d\u00e9voileront leurs recettes pour une pr\u00e9sence sc\u00e9nique convaincante.","og_url":"https:\/\/www.revuemusicale.ch\/it\/basis\/smm\/2025\/10\/les-cles-dune-presence-scenique-convaincante\/","og_site_name":"Revue Musicale Suisse","article_publisher":"https:\/\/www.facebook.com\/SchweizerMusikzeitung\/","article_published_time":"2025-10-16T07:56:28+00:00","article_modified_time":"2025-10-16T08:29:16+00:00","og_image":[{"width":1678,"height":942,"url":"https:\/\/www.revuemusicale.ch\/wp-content\/uploads\/2025\/10\/smz-okt-25-bild.jpg","type":"image\/jpeg"}],"author":"Jean Damien Humair","twitter_card":"summary_large_image","twitter_creator":"@smusikzeitung","twitter_site":"@smusikzeitung","twitter_misc":{"Scritto da":"Jean Damien Humair","Tempo di lettura stimato":"2 minuti"},"schema":{"@context":"https:\/\/schema.org","@graph":[{"@type":"Article","@id":"https:\/\/www.revuemusicale.ch\/basis\/smm\/2025\/10\/les-cles-dune-presence-scenique-convaincante#article","isPartOf":{"@id":"https:\/\/www.revuemusicale.ch\/basis\/smm\/2025\/10\/les-cles-dune-presence-scenique-convaincante"},"author":{"name":"Jean Damien Humair","@id":"https:\/\/www.revuemusicale.ch\/#\/schema\/person\/1b30ea7776e9b81b23463f6dc0e62de1"},"headline":"Les cl\u00e9s d\u2019une pr\u00e9sence sc\u00e9nique convaincante","datePublished":"2025-10-16T07:56:28+00:00","dateModified":"2025-10-16T08:29:16+00:00","mainEntityOfPage":{"@id":"https:\/\/www.revuemusicale.ch\/basis\/smm\/2025\/10\/les-cles-dune-presence-scenique-convaincante"},"wordCount":233,"publisher":{"@id":"https:\/\/www.revuemusicale.ch\/#organization"},"image":{"@id":"https:\/\/www.revuemusicale.ch\/basis\/smm\/2025\/10\/les-cles-dune-presence-scenique-convaincante#primaryimage"},"thumbnailUrl":"https:\/\/www.revuemusicale.ch\/wp-content\/uploads\/2025\/10\/smz-okt-25-bild.jpg","articleSection":["Basis","SMM"],"inLanguage":"it-IT"},{"@type":"WebPage","@id":"https:\/\/www.revuemusicale.ch\/basis\/smm\/2025\/10\/les-cles-dune-presence-scenique-convaincante","url":"https:\/\/www.revuemusicale.ch\/basis\/smm\/2025\/10\/les-cles-dune-presence-scenique-convaincante","name":"Les cl\u00e9s d\u2019une pr\u00e9sence sc\u00e9nique convaincante - Revue Musicale Suisse","isPartOf":{"@id":"https:\/\/www.revuemusicale.ch\/#website"},"primaryImageOfPage":{"@id":"https:\/\/www.revuemusicale.ch\/basis\/smm\/2025\/10\/les-cles-dune-presence-scenique-convaincante#primaryimage"},"image":{"@id":"https:\/\/www.revuemusicale.ch\/basis\/smm\/2025\/10\/les-cles-dune-presence-scenique-convaincante#primaryimage"},"thumbnailUrl":"https:\/\/www.revuemusicale.ch\/wp-content\/uploads\/2025\/10\/smz-okt-25-bild.jpg","datePublished":"2025-10-16T07:56:28+00:00","dateModified":"2025-10-16T08:29:16+00:00","breadcrumb":{"@id":"https:\/\/www.revuemusicale.ch\/basis\/smm\/2025\/10\/les-cles-dune-presence-scenique-convaincante#breadcrumb"},"inLanguage":"it-IT","potentialAction":[{"@type":"ReadAction","target":["https:\/\/www.revuemusicale.ch\/basis\/smm\/2025\/10\/les-cles-dune-presence-scenique-convaincante"]}]},{"@type":"ImageObject","inLanguage":"it-IT","@id":"https:\/\/www.revuemusicale.ch\/basis\/smm\/2025\/10\/les-cles-dune-presence-scenique-convaincante#primaryimage","url":"https:\/\/www.revuemusicale.ch\/wp-content\/uploads\/2025\/10\/smz-okt-25-bild.jpg","contentUrl":"https:\/\/www.revuemusicale.ch\/wp-content\/uploads\/2025\/10\/smz-okt-25-bild.jpg","width":1678,"height":942},{"@type":"BreadcrumbList","@id":"https:\/\/www.revuemusicale.ch\/basis\/smm\/2025\/10\/les-cles-dune-presence-scenique-convaincante#breadcrumb","itemListElement":[{"@type":"ListItem","position":1,"name":"Home","item":"https:\/\/www.revuemusicale.ch\/"},{"@type":"ListItem","position":2,"name":"Les cl\u00e9s d\u2019une pr\u00e9sence sc\u00e9nique convaincante"}]},{"@type":"WebSite","@id":"https:\/\/www.revuemusicale.ch\/#website","url":"https:\/\/www.revuemusicale.ch\/","name":"Rassegna musicale svizzera","description":"","publisher":{"@id":"https:\/\/www.revuemusicale.ch\/#organization"},"potentialAction":[{"@type":"SearchAction","target":{"@type":"EntryPoint","urlTemplate":"https:\/\/www.revuemusicale.ch\/?s={search_term_string}"},"query-input":{"@type":"PropertyValueSpecification","valueRequired":true,"valueName":"search_term_string"}}],"inLanguage":"it-IT"},{"@type":"Organization","@id":"https:\/\/www.revuemusicale.ch\/#organization","name":"Rassegna musicale svizzera","url":"https:\/\/www.revuemusicale.ch\/","logo":{"@type":"ImageObject","inLanguage":"it-IT","@id":"https:\/\/www.revuemusicale.ch\/#\/schema\/logo\/image\/","url":"https:\/\/www.revuemusicale.ch\/wp-content\/uploads\/2023\/01\/logo_revuemusicale_musikzeitung.jpg","contentUrl":"https:\/\/www.revuemusicale.ch\/wp-content\/uploads\/2023\/01\/logo_revuemusicale_musikzeitung.jpg","width":1200,"height":243,"caption":"Revue Musicale Suisse"},"image":{"@id":"https:\/\/www.revuemusicale.ch\/#\/schema\/logo\/image\/"},"sameAs":["https:\/\/www.facebook.com\/SchweizerMusikzeitung\/","https:\/\/x.com\/smusikzeitung","https:\/\/www.instagram.com\/musikzeitung.ch\/?hl=de"]},{"@type":"Person","@id":"https:\/\/www.revuemusicale.ch\/#\/schema\/person\/1b30ea7776e9b81b23463f6dc0e62de1","name":"Jean Damien Humair","image":{"@type":"ImageObject","inLanguage":"it-IT","@id":"https:\/\/secure.gravatar.com\/avatar\/19050aec28313b06b13b79b92029ec1dc485922fedd58cd581bfc6cd4b965244?s=96&d=mm&r=g","url":"https:\/\/secure.gravatar.com\/avatar\/19050aec28313b06b13b79b92029ec1dc485922fedd58cd581bfc6cd4b965244?s=96&d=mm&r=g","contentUrl":"https:\/\/secure.gravatar.com\/avatar\/19050aec28313b06b13b79b92029ec1dc485922fedd58cd581bfc6cd4b965244?s=96&d=mm&r=g","caption":"Jean Damien Humair"},"url":"https:\/\/www.revuemusicale.ch\/it\/author\/jean-damien-humair"}]}},"publishpress_future_action":{"enabled":false,"date":"1970-01-01 01:00:00","action":"change-status","newStatus":"draft","terms":[],"taxonomy":"category","extraData":[]},"publishpress_future_workflow_manual_trigger":{"enabledWorkflows":[]},"_links":{"self":[{"href":"https:\/\/www.revuemusicale.ch\/it\/wp-json\/wp\/v2\/posts\/31517","targetHints":{"allow":["GET"]}}],"collection":[{"href":"https:\/\/www.revuemusicale.ch\/it\/wp-json\/wp\/v2\/posts"}],"about":[{"href":"https:\/\/www.revuemusicale.ch\/it\/wp-json\/wp\/v2\/types\/post"}],"author":[{"embeddable":true,"href":"https:\/\/www.revuemusicale.ch\/it\/wp-json\/wp\/v2\/users\/36252"}],"replies":[{"embeddable":true,"href":"https:\/\/www.revuemusicale.ch\/it\/wp-json\/wp\/v2\/comments?post=31517"}],"version-history":[{"count":2,"href":"https:\/\/www.revuemusicale.ch\/it\/wp-json\/wp\/v2\/posts\/31517\/revisions"}],"predecessor-version":[{"id":31526,"href":"https:\/\/www.revuemusicale.ch\/it\/wp-json\/wp\/v2\/posts\/31517\/revisions\/31526"}],"wp:featuredmedia":[{"embeddable":true,"href":"https:\/\/www.revuemusicale.ch\/it\/wp-json\/wp\/v2\/media\/31518"}],"wp:attachment":[{"href":"https:\/\/www.revuemusicale.ch\/it\/wp-json\/wp\/v2\/media?parent=31517"}],"wp:term":[{"taxonomy":"category","embeddable":true,"href":"https:\/\/www.revuemusicale.ch\/it\/wp-json\/wp\/v2\/categories?post=31517"},{"taxonomy":"post_tag","embeddable":true,"href":"https:\/\/www.revuemusicale.ch\/it\/wp-json\/wp\/v2\/tags?post=31517"}],"curies":[{"name":"wp","href":"https:\/\/api.w.org\/{rel}","templated":true}]}}