{"id":31623,"date":"2025-12-27T09:06:26","date_gmt":"2025-12-27T08:06:26","guid":{"rendered":"https:\/\/www.revuemusicale.ch\/?p=31623"},"modified":"2026-04-15T10:56:47","modified_gmt":"2026-04-15T08:56:47","slug":"lettre-ouverte-concernant-le-vote-sur-linitiative-200-francs-ca-suffit-en-mars-2026","status":"publish","type":"post","link":"https:\/\/www.revuemusicale.ch\/it\/politique\/2025\/12\/lettre-ouverte-concernant-le-vote-sur-linitiative-200-francs-ca-suffit-en-mars-2026","title":{"rendered":"Lettera aperta sulla votazione dell'iniziativa \"200 franchi sono sufficienti\" nel marzo 2026"},"content":{"rendered":"<p><em>Zurigo, dicembre 2025<\/em><\/p>\n<p>Cari musicisti, creatori di cultura e utenti dei programmi della SSR,<br \/>\ncara signora Susanne Wille,<\/p>\n<p>Nel marzo 2026 voteremo sull'iniziativa \"200 franchi sono sufficienti\". Fin dall'inizio ci siamo opposti a questo attacco al nostro servizio pubblico radiotelevisivo. La SSR si impegna a fornire un'informazione indipendente, a rappresentare la diversit\u00e0 culturale del nostro Paese, a creare ponti tra la scienza e il grande pubblico e a far conoscere le preoccupazioni delle minoranze. Svolge il suo compito in tutte le regioni e in tutte le lingue del Paese. Nell'adempimento di questa missione, \u00e8 indispensabile al nostro Paese per mantenere la democrazia e rafforzare il senso di appartenenza. Nessun canale privato a vocazione commerciale e guidato da interessi particolari pu\u00f2 assolvere a questi compiti, anche solo in parte. Nel prossimo periodo, siamo chiamati a dimostrare la nostra solidariet\u00e0 alla SSR in dibattiti e apparizioni pubbliche, e a far s\u00ec che la suddetta iniziativa venga respinta.<\/p>\n<p>Questo obbligo \u00e8 vincolante. Tuttavia, dobbiamo protestare con la massima fermezza contro le misure adottate dalla direzione della SSR negli ultimi mesi. La strategia dei populisti di destra per minare le condizioni democratiche comprende attacchi ai media indipendenti e alla libert\u00e0 della scienza e delle arti. L'abolizione di programmi, ad esempio nel campo della letteratura e della scienza e, pi\u00f9 recentemente, nel campo della musica - \"Musik unserer Zeit\" nella Svizzera tedesca - \u00e8 una concessione prematura alle tendenze di estrema destra sopra menzionate e un abbandono dei punti centrali sanciti dal mandato del servizio pubblico.<\/p>\n<p>Le principali associazioni culturali svizzere si sono finora astenute dal prendere pubblicamente posizione su questi tagli, probabilmente per non indebolire la campagna referendaria contro l'iniziativa di dimezzamento dei fondi della SSR criticando quest'ultima. Tuttavia, alla luce della situazione attuale e degli sviluppi futuri, \u00e8 necessario impegnarsi fermamente per mantenere un finanziamento sufficiente alla SSR e criticare le decisioni prese dalla sua direzione. La SRG merita il nostro sostegno per le sue caratteristiche uniche. La sua attuale strategia di adattamento alle richieste del mercato equivale a ignorare la missione che giustifica un adeguato finanziamento pubblico. Invece di eliminare programmi come \"Wissenschaftsmagazin\" e \"Musik unserer Zeit\", la strategia della direzione nella campagna referendaria dovrebbe essere, ad esempio, quella di perseguire con determinazione il dialogo tra scienza e societ\u00e0 e di coltivare con attenzione il lavoro giornalistico di approfondimento nel settore culturale.<\/p>\n<p>Gli studi di mercato potrebbero considerare trascurabili gli ascoltatori dei programmi musicali e letterari di Espace2, proprio come i fan sfegatati di \"Klassiktelefon\" o il pubblico fedele di \"Echo der Zeit\" - per restare ai programmi radiofonici. In vista della prossima votazione, non dobbiamo dimenticare che questo pubblico fedele \u00e8 pronto a mobilitarsi in difesa della SSR.<\/p>\n<p>La SSR deve puntare sulla resistenza piuttosto che sull'adattamento, sulla sua unicit\u00e0, se non vuole scavarsi la fossa da sola. Deve urgentemente ricordare quali sono le aree chiave della sua missione da proteggere e chi sono i suoi compagni d'armi, i suoi alleati nella societ\u00e0 civile, nella lotta contro l'iniziativa di dimezzare il suo budget.<\/p>\n<h3>Firmatari (in ordine alfabetico)<\/h3>\n<p>Heinrich Aerni, Ingrid Alexandre, Dieter Ammann<\/p>\n<p>Ulrike Andersen, Monika Baer, Nik B\u00e4rtsch<\/p>\n<p>Werner B\u00e4rtschi, Andr\u00e9 Baltensperger, Philip Bartels<\/p>\n<p>Felix Baumann, Peter Baur, Andr\u00e9 Bellmont<\/p>\n<p>Elisabeth Berger, Marino Bernasconi, Ramon Bischoff<\/p>\n<p>William Blank, Dominik Blum, Bettina Boller<\/p>\n<p>Hugo Bollschweiler, Th\u00fcring Br\u00e4m, Esther de Bros<\/p>\n<p>Albin Brun, Catriona B\u00fchler, Christiane Bult<\/p>\n<p>Peggy Chew, Jessie Cox, Flurin Cuonz<\/p>\n<p>Reto Cuonz, Therese Cuonz-R\u00e4z, J\u00fcrg D\u00e4hler<\/p>\n<p>Claudio Danuser, Daniela Dolci, Mariana Doughty<\/p>\n<p>Alfred Felder, Adrian Frey, Daniel Fueter<\/p>\n<p>Thomas Gartmann, Bettina Ginsberg, Roger Girod<\/p>\n<p>Katharina Gohl, Anna-Katharina Graf, Kathrin Graf<\/p>\n<p>Ivo Haag, Jonas C. Haefeli, Viviane Hasler<\/p>\n<p>Edu Haubensak, Doris Hauser, Fritz Hauser<\/p>\n<p>Ruedi H\u00e4usermann, Hanna Helfenstein, Horst Hildebrandt<\/p>\n<p>Christian Hilz, Jeannine Hirzel, Beat Hofstetter<\/p>\n<p>Christoph Homberger, Raphael Immoos, Markus Jans<\/p>\n<p>Mischa Kaeser, Eriko Kagawa, Vera Kappeler<\/p>\n<p>Christoph Keller, Max E. Keller, Simone Keller<\/p>\n<p>Burkhard Kinzler, Michael Kleiser, Christian Kobi<\/p>\n<p>Canan Kocaay, Tamriko Kordzaia, Niklaus Kost<\/p>\n<p>Herbert Kramis, Hanspeter Kriesi, Anne-May Kr\u00fcger<\/p>\n<p>Jojo Kunz, Annette Labusch, Mat\u00edas Lanz<\/p>\n<p>Leslie Leon, Heinrich M\u00e4tzener, Delia Mayer<\/p>\n<p>Thomas Meyer, Roland Moser, Moritz M\u00fcllenbach<\/p>\n<p>Marie-Louise M\u00fcller Choquard, Martin Neukom, Lucas Niggli<\/p>\n<p>Anne-Catherine de Perrot, Stefka Perifanova, Peter Reidemeister<\/p>\n<p>Felix Renggli, Nicola Roman\u00f2, Petra Ronner<\/p>\n<p>Michel Roth, Johannes R\u00fchl, Bettina Ruf<\/p>\n<p>Edward Rushton, Nina Sahdeva, Claudine Saner<\/p>\n<p>Urs Saner, Evangelos Sarafianos, Tobias Schabenberger<\/p>\n<p>Sir Andr\u00e1s Schiff, Isabelle Schn\u00f6ller, Oliver Schnyder<\/p>\n<p>Muriel Schwarz, Meinrad Schweizer, Yuuko Shiokawa<\/p>\n<p>Peter Siegwart, Rahel Sohn, Peter R. Solomon<\/p>\n<p>Bruno Spoerri, Eleonor St\u00e4hli, Jacques St\u00e4hli<\/p>\n<p>Urs St\u00e4uble, Egidius Streiff, Monica Thommy<\/p>\n<p>Germ\u00e1n Toro P\u00e9rez, Balz Tr\u00fcmpy, Saadet T\u00fcrk\u00f6z<\/p>\n<p>Nina Ulli, Christoph Ullmann, Petra Vahle<\/p>\n<p>Katharina Weber, Urs Weibel, Andreas Werner<\/p>\n<p>Peter Wettstein, Maki Wiederkehr, Helena Winkelmann<\/p>\n<p>Ren\u00e9 Wohlhauser, Maria Wolff, Alfred Zimmerlin, Samuel Z\u00fcnd<\/p>\n<p>&nbsp;<\/p>\n<h3><a href=\"https:\/\/www.musikzeitung.ch\/wp-content\/uploads\/2025\/12\/OffenerBriefHalbierungsinitiative.pdf\" target=\"_blank\" rel=\"noopener\">Scarica il PDF della lettera originale<\/a><\/h3>\n<figure id=\"attachment_31622\" aria-describedby=\"caption-attachment-31622\" style=\"width: 1400px\" class=\"wp-caption alignnone\"><img loading=\"lazy\" decoding=\"async\" class=\"wp-image-31622 size-full\" src=\"https:\/\/www.revuemusicale.ch\/wp-content\/uploads\/2025\/12\/1_Echo_Offener_Brief_frei_web.jpg\" alt=\"\" width=\"1400\" height=\"700\" srcset=\"https:\/\/www.revuemusicale.ch\/wp-content\/uploads\/2025\/12\/1_Echo_Offener_Brief_frei_web.jpg 1400w, https:\/\/www.revuemusicale.ch\/wp-content\/uploads\/2025\/12\/1_Echo_Offener_Brief_frei_web-300x150.jpg 300w, https:\/\/www.revuemusicale.ch\/wp-content\/uploads\/2025\/12\/1_Echo_Offener_Brief_frei_web-1024x512.jpg 1024w, https:\/\/www.revuemusicale.ch\/wp-content\/uploads\/2025\/12\/1_Echo_Offener_Brief_frei_web-768x384.jpg 768w, https:\/\/www.revuemusicale.ch\/wp-content\/uploads\/2025\/12\/1_Echo_Offener_Brief_frei_web-1536x768.jpg 1536w, https:\/\/www.revuemusicale.ch\/wp-content\/uploads\/2025\/12\/1_Echo_Offener_Brief_frei_web-2048x1024.jpg 2048w, https:\/\/www.revuemusicale.ch\/wp-content\/uploads\/2025\/12\/1_Echo_Offener_Brief_frei_web-18x9.jpg 18w, https:\/\/www.revuemusicale.ch\/wp-content\/uploads\/2025\/12\/1_Echo_Offener_Brief_frei_web-350x175.jpg 350w, https:\/\/www.revuemusicale.ch\/wp-content\/uploads\/2025\/12\/1_Echo_Offener_Brief_frei_web-700x350.jpg 700w, https:\/\/www.revuemusicale.ch\/wp-content\/uploads\/2025\/12\/1_Echo_Offener_Brief_frei_web-1600x800.jpg 1600w, https:\/\/www.revuemusicale.ch\/wp-content\/uploads\/2025\/12\/1_Echo_Offener_Brief_frei_web-920x460.jpg 920w\" sizes=\"auto, (max-width: 1400px) 100vw, 1400px\" \/><figcaption id=\"caption-attachment-31622\" class=\"wp-caption-text\">Immagine: SMZ<\/figcaption><\/figure>","protected":false},"excerpt":{"rendered":"<p>130 persone, soprattutto del mondo della musica, hanno firmato una lettera aperta in merito al voto su<br \/>\nl'iniziativa \"200 franchi sono sufficienti\" nel marzo 2026.<\/p>","protected":false},"author":36251,"featured_media":31622,"comment_status":"closed","ping_status":"closed","sticky":false,"template":"","format":"standard","meta":{"_acf_changed":false,"_relevanssi_hide_post":"","_relevanssi_hide_content":"","_relevanssi_pin_for_all":"","_relevanssi_pin_keywords":"","_relevanssi_unpin_keywords":"","_relevanssi_related_keywords":"","_relevanssi_related_include_ids":"","_relevanssi_related_exclude_ids":"","_relevanssi_related_no_append":"","_relevanssi_related_not_related":"","_relevanssi_related_posts":"","_relevanssi_noindex_reason":"","pgc_sgb_lightbox_settings":"","footnotes":""},"categories":[27,1612],"tags":[2311,2309,2310],"class_list":["post-31623","post","type-post","status-publish","format-standard","has-post-thumbnail","hentry","category-news","category-politique","tag-initiative-200-francs-ca-suffit","tag-ssr","tag-susanne-wille"],"acf":[],"yoast_head":"<!-- This site is optimized with the Yoast SEO plugin v27.3 - https:\/\/yoast.com\/product\/yoast-seo-wordpress\/ -->\n<title>Lettre ouverte concernant le vote sur l\u2019initiative \u00ab200 francs \u00e7a suffit\u00bb en mars 2026 - Revue Musicale Suisse<\/title>\n<meta name=\"description\" content=\"130 personnes, issues notamment du milieu musical, ont sign\u00e9 une lettre ouverte concernant le vote sur l&#039;initiative \u00ab 200 francs \u00e7a suffit \u00bb en mars 2026.\" \/>\n<meta name=\"robots\" content=\"index, follow, max-snippet:-1, max-image-preview:large, max-video-preview:-1\" \/>\n<link rel=\"canonical\" href=\"https:\/\/www.revuemusicale.ch\/it\/politique\/2025\/12\/lettre-ouverte-concernant-le-vote-sur-linitiative-200-francs-ca-suffit-en-mars-2026\/\" \/>\n<meta property=\"og:locale\" content=\"it_IT\" \/>\n<meta property=\"og:type\" content=\"article\" \/>\n<meta property=\"og:title\" content=\"Lettre ouverte concernant le vote sur l\u2019initiative \u00ab200 francs \u00e7a suffit\u00bb en mars 2026 - Revue Musicale Suisse\" \/>\n<meta property=\"og:description\" content=\"130 personnes, issues notamment du milieu musical, ont sign\u00e9 une lettre ouverte concernant le vote sur l&#039;initiative \u00ab 200 francs \u00e7a suffit \u00bb en mars 2026.\" \/>\n<meta property=\"og:url\" content=\"https:\/\/www.revuemusicale.ch\/it\/politique\/2025\/12\/lettre-ouverte-concernant-le-vote-sur-linitiative-200-francs-ca-suffit-en-mars-2026\/\" \/>\n<meta property=\"og:site_name\" content=\"Revue Musicale Suisse\" \/>\n<meta property=\"article:publisher\" content=\"https:\/\/www.facebook.com\/SchweizerMusikzeitung\/\" \/>\n<meta property=\"article:published_time\" content=\"2025-12-27T08:06:26+00:00\" \/>\n<meta property=\"article:modified_time\" content=\"2026-04-15T08:56:47+00:00\" \/>\n<meta property=\"og:image\" content=\"https:\/\/www.revuemusicale.ch\/wp-content\/uploads\/2025\/12\/1_Echo_Offener_Brief_frei_web.jpg\" \/>\n\t<meta property=\"og:image:width\" content=\"1400\" \/>\n\t<meta property=\"og:image:height\" content=\"700\" \/>\n\t<meta property=\"og:image:type\" content=\"image\/jpeg\" \/>\n<meta name=\"author\" content=\"Katrin Spelinova\" \/>\n<meta name=\"twitter:card\" content=\"summary_large_image\" \/>\n<meta name=\"twitter:creator\" content=\"@smusikzeitung\" \/>\n<meta name=\"twitter:site\" content=\"@smusikzeitung\" \/>\n<meta name=\"twitter:label1\" content=\"Scritto da\" \/>\n\t<meta name=\"twitter:data1\" content=\"Katrin Spelinova\" \/>\n\t<meta name=\"twitter:label2\" content=\"Tempo di lettura stimato\" \/>\n\t<meta name=\"twitter:data2\" content=\"5 minuti\" \/>\n<script type=\"application\/ld+json\" class=\"yoast-schema-graph\">{\"@context\":\"https:\\\/\\\/schema.org\",\"@graph\":[{\"@type\":\"Article\",\"@id\":\"https:\\\/\\\/www.revuemusicale.ch\\\/politique\\\/2025\\\/12\\\/lettre-ouverte-concernant-le-vote-sur-linitiative-200-francs-ca-suffit-en-mars-2026#article\",\"isPartOf\":{\"@id\":\"https:\\\/\\\/www.revuemusicale.ch\\\/politique\\\/2025\\\/12\\\/lettre-ouverte-concernant-le-vote-sur-linitiative-200-francs-ca-suffit-en-mars-2026\"},\"author\":{\"name\":\"Katrin Spelinova\",\"@id\":\"https:\\\/\\\/www.revuemusicale.ch\\\/#\\\/schema\\\/person\\\/fbefa1fc622f359a1dfc9e8c630568fe\"},\"headline\":\"Lettre ouverte concernant le vote sur l\u2019initiative \u00ab200 francs \u00e7a suffit\u00bb en mars 2026\",\"datePublished\":\"2025-12-27T08:06:26+00:00\",\"dateModified\":\"2026-04-15T08:56:47+00:00\",\"mainEntityOfPage\":{\"@id\":\"https:\\\/\\\/www.revuemusicale.ch\\\/politique\\\/2025\\\/12\\\/lettre-ouverte-concernant-le-vote-sur-linitiative-200-francs-ca-suffit-en-mars-2026\"},\"wordCount\":971,\"publisher\":{\"@id\":\"https:\\\/\\\/www.revuemusicale.ch\\\/#organization\"},\"image\":{\"@id\":\"https:\\\/\\\/www.revuemusicale.ch\\\/politique\\\/2025\\\/12\\\/lettre-ouverte-concernant-le-vote-sur-linitiative-200-francs-ca-suffit-en-mars-2026#primaryimage\"},\"thumbnailUrl\":\"https:\\\/\\\/www.revuemusicale.ch\\\/wp-content\\\/uploads\\\/2025\\\/12\\\/1_Echo_Offener_Brief_frei_web.jpg\",\"keywords\":[\"Initiative \u00ab 200 francs \u00e7a suffit \u00bb\",\"SSR\",\"Susanne Wille\"],\"articleSection\":[\"News\",\"Politique\"],\"inLanguage\":\"it-IT\"},{\"@type\":\"WebPage\",\"@id\":\"https:\\\/\\\/www.revuemusicale.ch\\\/politique\\\/2025\\\/12\\\/lettre-ouverte-concernant-le-vote-sur-linitiative-200-francs-ca-suffit-en-mars-2026\",\"url\":\"https:\\\/\\\/www.revuemusicale.ch\\\/politique\\\/2025\\\/12\\\/lettre-ouverte-concernant-le-vote-sur-linitiative-200-francs-ca-suffit-en-mars-2026\",\"name\":\"Lettre ouverte concernant le vote sur l\u2019initiative \u00ab200 francs \u00e7a suffit\u00bb en mars 2026 - Revue Musicale Suisse\",\"isPartOf\":{\"@id\":\"https:\\\/\\\/www.revuemusicale.ch\\\/#website\"},\"primaryImageOfPage\":{\"@id\":\"https:\\\/\\\/www.revuemusicale.ch\\\/politique\\\/2025\\\/12\\\/lettre-ouverte-concernant-le-vote-sur-linitiative-200-francs-ca-suffit-en-mars-2026#primaryimage\"},\"image\":{\"@id\":\"https:\\\/\\\/www.revuemusicale.ch\\\/politique\\\/2025\\\/12\\\/lettre-ouverte-concernant-le-vote-sur-linitiative-200-francs-ca-suffit-en-mars-2026#primaryimage\"},\"thumbnailUrl\":\"https:\\\/\\\/www.revuemusicale.ch\\\/wp-content\\\/uploads\\\/2025\\\/12\\\/1_Echo_Offener_Brief_frei_web.jpg\",\"datePublished\":\"2025-12-27T08:06:26+00:00\",\"dateModified\":\"2026-04-15T08:56:47+00:00\",\"description\":\"130 personnes, issues notamment du milieu musical, ont sign\u00e9 une lettre ouverte concernant le vote sur l'initiative \u00ab 200 francs \u00e7a suffit \u00bb en mars 2026.\",\"breadcrumb\":{\"@id\":\"https:\\\/\\\/www.revuemusicale.ch\\\/politique\\\/2025\\\/12\\\/lettre-ouverte-concernant-le-vote-sur-linitiative-200-francs-ca-suffit-en-mars-2026#breadcrumb\"},\"inLanguage\":\"it-IT\",\"potentialAction\":[{\"@type\":\"ReadAction\",\"target\":[\"https:\\\/\\\/www.revuemusicale.ch\\\/politique\\\/2025\\\/12\\\/lettre-ouverte-concernant-le-vote-sur-linitiative-200-francs-ca-suffit-en-mars-2026\"]}]},{\"@type\":\"ImageObject\",\"inLanguage\":\"it-IT\",\"@id\":\"https:\\\/\\\/www.revuemusicale.ch\\\/politique\\\/2025\\\/12\\\/lettre-ouverte-concernant-le-vote-sur-linitiative-200-francs-ca-suffit-en-mars-2026#primaryimage\",\"url\":\"https:\\\/\\\/www.revuemusicale.ch\\\/wp-content\\\/uploads\\\/2025\\\/12\\\/1_Echo_Offener_Brief_frei_web.jpg\",\"contentUrl\":\"https:\\\/\\\/www.revuemusicale.ch\\\/wp-content\\\/uploads\\\/2025\\\/12\\\/1_Echo_Offener_Brief_frei_web.jpg\",\"width\":1400,\"height\":700},{\"@type\":\"BreadcrumbList\",\"@id\":\"https:\\\/\\\/www.revuemusicale.ch\\\/politique\\\/2025\\\/12\\\/lettre-ouverte-concernant-le-vote-sur-linitiative-200-francs-ca-suffit-en-mars-2026#breadcrumb\",\"itemListElement\":[{\"@type\":\"ListItem\",\"position\":1,\"name\":\"Home\",\"item\":\"https:\\\/\\\/www.revuemusicale.ch\\\/\"},{\"@type\":\"ListItem\",\"position\":2,\"name\":\"Lettre ouverte concernant le vote sur l\u2019initiative \u00ab200 francs \u00e7a suffit\u00bb en mars 2026\"}]},{\"@type\":\"WebSite\",\"@id\":\"https:\\\/\\\/www.revuemusicale.ch\\\/#website\",\"url\":\"https:\\\/\\\/www.revuemusicale.ch\\\/\",\"name\":\"Revue Musicale Suisse\",\"description\":\"\",\"publisher\":{\"@id\":\"https:\\\/\\\/www.revuemusicale.ch\\\/#organization\"},\"potentialAction\":[{\"@type\":\"SearchAction\",\"target\":{\"@type\":\"EntryPoint\",\"urlTemplate\":\"https:\\\/\\\/www.revuemusicale.ch\\\/?s={search_term_string}\"},\"query-input\":{\"@type\":\"PropertyValueSpecification\",\"valueRequired\":true,\"valueName\":\"search_term_string\"}}],\"inLanguage\":\"it-IT\"},{\"@type\":\"Organization\",\"@id\":\"https:\\\/\\\/www.revuemusicale.ch\\\/#organization\",\"name\":\"Revue Musicale Suisse\",\"url\":\"https:\\\/\\\/www.revuemusicale.ch\\\/\",\"logo\":{\"@type\":\"ImageObject\",\"inLanguage\":\"it-IT\",\"@id\":\"https:\\\/\\\/www.revuemusicale.ch\\\/#\\\/schema\\\/logo\\\/image\\\/\",\"url\":\"https:\\\/\\\/www.revuemusicale.ch\\\/wp-content\\\/uploads\\\/2023\\\/01\\\/logo_revuemusicale_musikzeitung.jpg\",\"contentUrl\":\"https:\\\/\\\/www.revuemusicale.ch\\\/wp-content\\\/uploads\\\/2023\\\/01\\\/logo_revuemusicale_musikzeitung.jpg\",\"width\":1200,\"height\":243,\"caption\":\"Revue Musicale Suisse\"},\"image\":{\"@id\":\"https:\\\/\\\/www.revuemusicale.ch\\\/#\\\/schema\\\/logo\\\/image\\\/\"},\"sameAs\":[\"https:\\\/\\\/www.facebook.com\\\/SchweizerMusikzeitung\\\/\",\"https:\\\/\\\/x.com\\\/smusikzeitung\",\"https:\\\/\\\/www.instagram.com\\\/musikzeitung.ch\\\/?hl=de\"]},{\"@type\":\"Person\",\"@id\":\"https:\\\/\\\/www.revuemusicale.ch\\\/#\\\/schema\\\/person\\\/fbefa1fc622f359a1dfc9e8c630568fe\",\"name\":\"Katrin Spelinova\",\"image\":{\"@type\":\"ImageObject\",\"inLanguage\":\"it-IT\",\"@id\":\"https:\\\/\\\/secure.gravatar.com\\\/avatar\\\/2a2c2956e074ebca9bf65620496cd2e317d90b8c76450e9dd04d7cebf95eeada?s=96&d=mm&r=g\",\"url\":\"https:\\\/\\\/secure.gravatar.com\\\/avatar\\\/2a2c2956e074ebca9bf65620496cd2e317d90b8c76450e9dd04d7cebf95eeada?s=96&d=mm&r=g\",\"contentUrl\":\"https:\\\/\\\/secure.gravatar.com\\\/avatar\\\/2a2c2956e074ebca9bf65620496cd2e317d90b8c76450e9dd04d7cebf95eeada?s=96&d=mm&r=g\",\"caption\":\"Katrin Spelinova\"},\"url\":\"https:\\\/\\\/www.revuemusicale.ch\\\/it\\\/author\\\/spelkat\"}]}<\/script>\n<!-- \/ Yoast SEO plugin. -->","yoast_head_json":{"title":"Lettera aperta in merito alla votazione sull'iniziativa \"200 franchi sono sufficienti\" nel marzo 2026 - Swiss Music Review","description":"130 persone, soprattutto del mondo della musica, hanno firmato una lettera aperta in merito alla votazione sull'iniziativa \"200 franchi sono sufficienti\" nel marzo 2026.","robots":{"index":"index","follow":"follow","max-snippet":"max-snippet:-1","max-image-preview":"max-image-preview:large","max-video-preview":"max-video-preview:-1"},"canonical":"https:\/\/www.revuemusicale.ch\/it\/politique\/2025\/12\/lettre-ouverte-concernant-le-vote-sur-linitiative-200-francs-ca-suffit-en-mars-2026\/","og_locale":"it_IT","og_type":"article","og_title":"Lettre ouverte concernant le vote sur l\u2019initiative \u00ab200 francs \u00e7a suffit\u00bb en mars 2026 - Revue Musicale Suisse","og_description":"130 personnes, issues notamment du milieu musical, ont sign\u00e9 une lettre ouverte concernant le vote sur l'initiative \u00ab 200 francs \u00e7a suffit \u00bb en mars 2026.","og_url":"https:\/\/www.revuemusicale.ch\/it\/politique\/2025\/12\/lettre-ouverte-concernant-le-vote-sur-linitiative-200-francs-ca-suffit-en-mars-2026\/","og_site_name":"Revue Musicale Suisse","article_publisher":"https:\/\/www.facebook.com\/SchweizerMusikzeitung\/","article_published_time":"2025-12-27T08:06:26+00:00","article_modified_time":"2026-04-15T08:56:47+00:00","og_image":[{"width":1400,"height":700,"url":"https:\/\/www.revuemusicale.ch\/wp-content\/uploads\/2025\/12\/1_Echo_Offener_Brief_frei_web.jpg","type":"image\/jpeg"}],"author":"Katrin Spelinova","twitter_card":"summary_large_image","twitter_creator":"@smusikzeitung","twitter_site":"@smusikzeitung","twitter_misc":{"Scritto da":"Katrin Spelinova","Tempo di lettura stimato":"5 minuti"},"schema":{"@context":"https:\/\/schema.org","@graph":[{"@type":"Article","@id":"https:\/\/www.revuemusicale.ch\/politique\/2025\/12\/lettre-ouverte-concernant-le-vote-sur-linitiative-200-francs-ca-suffit-en-mars-2026#article","isPartOf":{"@id":"https:\/\/www.revuemusicale.ch\/politique\/2025\/12\/lettre-ouverte-concernant-le-vote-sur-linitiative-200-francs-ca-suffit-en-mars-2026"},"author":{"name":"Katrin Spelinova","@id":"https:\/\/www.revuemusicale.ch\/#\/schema\/person\/fbefa1fc622f359a1dfc9e8c630568fe"},"headline":"Lettre ouverte concernant le vote sur l\u2019initiative \u00ab200 francs \u00e7a suffit\u00bb en mars 2026","datePublished":"2025-12-27T08:06:26+00:00","dateModified":"2026-04-15T08:56:47+00:00","mainEntityOfPage":{"@id":"https:\/\/www.revuemusicale.ch\/politique\/2025\/12\/lettre-ouverte-concernant-le-vote-sur-linitiative-200-francs-ca-suffit-en-mars-2026"},"wordCount":971,"publisher":{"@id":"https:\/\/www.revuemusicale.ch\/#organization"},"image":{"@id":"https:\/\/www.revuemusicale.ch\/politique\/2025\/12\/lettre-ouverte-concernant-le-vote-sur-linitiative-200-francs-ca-suffit-en-mars-2026#primaryimage"},"thumbnailUrl":"https:\/\/www.revuemusicale.ch\/wp-content\/uploads\/2025\/12\/1_Echo_Offener_Brief_frei_web.jpg","keywords":["Initiative \u00ab 200 francs \u00e7a suffit \u00bb","SSR","Susanne Wille"],"articleSection":["News","Politique"],"inLanguage":"it-IT"},{"@type":"WebPage","@id":"https:\/\/www.revuemusicale.ch\/politique\/2025\/12\/lettre-ouverte-concernant-le-vote-sur-linitiative-200-francs-ca-suffit-en-mars-2026","url":"https:\/\/www.revuemusicale.ch\/politique\/2025\/12\/lettre-ouverte-concernant-le-vote-sur-linitiative-200-francs-ca-suffit-en-mars-2026","name":"Lettera aperta in merito alla votazione sull'iniziativa \"200 franchi sono sufficienti\" nel marzo 2026 - Swiss Music Review","isPartOf":{"@id":"https:\/\/www.revuemusicale.ch\/#website"},"primaryImageOfPage":{"@id":"https:\/\/www.revuemusicale.ch\/politique\/2025\/12\/lettre-ouverte-concernant-le-vote-sur-linitiative-200-francs-ca-suffit-en-mars-2026#primaryimage"},"image":{"@id":"https:\/\/www.revuemusicale.ch\/politique\/2025\/12\/lettre-ouverte-concernant-le-vote-sur-linitiative-200-francs-ca-suffit-en-mars-2026#primaryimage"},"thumbnailUrl":"https:\/\/www.revuemusicale.ch\/wp-content\/uploads\/2025\/12\/1_Echo_Offener_Brief_frei_web.jpg","datePublished":"2025-12-27T08:06:26+00:00","dateModified":"2026-04-15T08:56:47+00:00","description":"130 persone, soprattutto del mondo della musica, hanno firmato una lettera aperta in merito alla votazione sull'iniziativa \"200 franchi sono sufficienti\" nel marzo 2026.","breadcrumb":{"@id":"https:\/\/www.revuemusicale.ch\/politique\/2025\/12\/lettre-ouverte-concernant-le-vote-sur-linitiative-200-francs-ca-suffit-en-mars-2026#breadcrumb"},"inLanguage":"it-IT","potentialAction":[{"@type":"ReadAction","target":["https:\/\/www.revuemusicale.ch\/politique\/2025\/12\/lettre-ouverte-concernant-le-vote-sur-linitiative-200-francs-ca-suffit-en-mars-2026"]}]},{"@type":"ImageObject","inLanguage":"it-IT","@id":"https:\/\/www.revuemusicale.ch\/politique\/2025\/12\/lettre-ouverte-concernant-le-vote-sur-linitiative-200-francs-ca-suffit-en-mars-2026#primaryimage","url":"https:\/\/www.revuemusicale.ch\/wp-content\/uploads\/2025\/12\/1_Echo_Offener_Brief_frei_web.jpg","contentUrl":"https:\/\/www.revuemusicale.ch\/wp-content\/uploads\/2025\/12\/1_Echo_Offener_Brief_frei_web.jpg","width":1400,"height":700},{"@type":"BreadcrumbList","@id":"https:\/\/www.revuemusicale.ch\/politique\/2025\/12\/lettre-ouverte-concernant-le-vote-sur-linitiative-200-francs-ca-suffit-en-mars-2026#breadcrumb","itemListElement":[{"@type":"ListItem","position":1,"name":"Home","item":"https:\/\/www.revuemusicale.ch\/"},{"@type":"ListItem","position":2,"name":"Lettre ouverte concernant le vote sur l\u2019initiative \u00ab200 francs \u00e7a suffit\u00bb en mars 2026"}]},{"@type":"WebSite","@id":"https:\/\/www.revuemusicale.ch\/#website","url":"https:\/\/www.revuemusicale.ch\/","name":"Rassegna musicale svizzera","description":"","publisher":{"@id":"https:\/\/www.revuemusicale.ch\/#organization"},"potentialAction":[{"@type":"SearchAction","target":{"@type":"EntryPoint","urlTemplate":"https:\/\/www.revuemusicale.ch\/?s={search_term_string}"},"query-input":{"@type":"PropertyValueSpecification","valueRequired":true,"valueName":"search_term_string"}}],"inLanguage":"it-IT"},{"@type":"Organization","@id":"https:\/\/www.revuemusicale.ch\/#organization","name":"Rassegna musicale svizzera","url":"https:\/\/www.revuemusicale.ch\/","logo":{"@type":"ImageObject","inLanguage":"it-IT","@id":"https:\/\/www.revuemusicale.ch\/#\/schema\/logo\/image\/","url":"https:\/\/www.revuemusicale.ch\/wp-content\/uploads\/2023\/01\/logo_revuemusicale_musikzeitung.jpg","contentUrl":"https:\/\/www.revuemusicale.ch\/wp-content\/uploads\/2023\/01\/logo_revuemusicale_musikzeitung.jpg","width":1200,"height":243,"caption":"Revue Musicale Suisse"},"image":{"@id":"https:\/\/www.revuemusicale.ch\/#\/schema\/logo\/image\/"},"sameAs":["https:\/\/www.facebook.com\/SchweizerMusikzeitung\/","https:\/\/x.com\/smusikzeitung","https:\/\/www.instagram.com\/musikzeitung.ch\/?hl=de"]},{"@type":"Person","@id":"https:\/\/www.revuemusicale.ch\/#\/schema\/person\/fbefa1fc622f359a1dfc9e8c630568fe","name":"Katrin Spelinova","image":{"@type":"ImageObject","inLanguage":"it-IT","@id":"https:\/\/secure.gravatar.com\/avatar\/2a2c2956e074ebca9bf65620496cd2e317d90b8c76450e9dd04d7cebf95eeada?s=96&d=mm&r=g","url":"https:\/\/secure.gravatar.com\/avatar\/2a2c2956e074ebca9bf65620496cd2e317d90b8c76450e9dd04d7cebf95eeada?s=96&d=mm&r=g","contentUrl":"https:\/\/secure.gravatar.com\/avatar\/2a2c2956e074ebca9bf65620496cd2e317d90b8c76450e9dd04d7cebf95eeada?s=96&d=mm&r=g","caption":"Katrin Spelinova"},"url":"https:\/\/www.revuemusicale.ch\/it\/author\/spelkat"}]}},"publishpress_future_action":{"enabled":false,"date":"1970-01-01 01:00:00","action":"change-status","newStatus":"draft","terms":[],"taxonomy":"category","extraData":[]},"publishpress_future_workflow_manual_trigger":{"enabledWorkflows":[]},"_links":{"self":[{"href":"https:\/\/www.revuemusicale.ch\/it\/wp-json\/wp\/v2\/posts\/31623","targetHints":{"allow":["GET"]}}],"collection":[{"href":"https:\/\/www.revuemusicale.ch\/it\/wp-json\/wp\/v2\/posts"}],"about":[{"href":"https:\/\/www.revuemusicale.ch\/it\/wp-json\/wp\/v2\/types\/post"}],"author":[{"embeddable":true,"href":"https:\/\/www.revuemusicale.ch\/it\/wp-json\/wp\/v2\/users\/36251"}],"replies":[{"embeddable":true,"href":"https:\/\/www.revuemusicale.ch\/it\/wp-json\/wp\/v2\/comments?post=31623"}],"version-history":[{"count":6,"href":"https:\/\/www.revuemusicale.ch\/it\/wp-json\/wp\/v2\/posts\/31623\/revisions"}],"predecessor-version":[{"id":31629,"href":"https:\/\/www.revuemusicale.ch\/it\/wp-json\/wp\/v2\/posts\/31623\/revisions\/31629"}],"wp:featuredmedia":[{"embeddable":true,"href":"https:\/\/www.revuemusicale.ch\/it\/wp-json\/wp\/v2\/media\/31622"}],"wp:attachment":[{"href":"https:\/\/www.revuemusicale.ch\/it\/wp-json\/wp\/v2\/media?parent=31623"}],"wp:term":[{"taxonomy":"category","embeddable":true,"href":"https:\/\/www.revuemusicale.ch\/it\/wp-json\/wp\/v2\/categories?post=31623"},{"taxonomy":"post_tag","embeddable":true,"href":"https:\/\/www.revuemusicale.ch\/it\/wp-json\/wp\/v2\/tags?post=31623"}],"curies":[{"name":"wp","href":"https:\/\/api.w.org\/{rel}","templated":true}]}}