{"id":34392,"date":"2026-04-28T09:37:54","date_gmt":"2026-04-28T07:37:54","guid":{"rendered":"https:\/\/www.revuemusicale.ch\/?p=34392"},"modified":"2026-04-28T09:37:54","modified_gmt":"2026-04-28T07:37:54","slug":"le-gorgier-music-festival-fait-ses-debuts","status":"publish","type":"post","link":"https:\/\/www.revuemusicale.ch\/it\/service\/2026\/04\/le-gorgier-music-festival-fait-ses-debuts","title":{"rendered":"Debutta il Gorgier Music Festival"},"content":{"rendered":"<figure id=\"attachment_34394\" aria-describedby=\"caption-attachment-34394\" style=\"width: 1080px\" class=\"wp-caption alignnone\"><img loading=\"lazy\" decoding=\"async\" class=\"wp-image-34394 size-full\" src=\"https:\/\/www.revuemusicale.ch\/wp-content\/uploads\/2026\/04\/03_Echo_News_Gorgier_5.jpg\" alt=\"\" width=\"1080\" height=\"675\" srcset=\"https:\/\/www.revuemusicale.ch\/wp-content\/uploads\/2026\/04\/03_Echo_News_Gorgier_5.jpg 1080w, https:\/\/www.revuemusicale.ch\/wp-content\/uploads\/2026\/04\/03_Echo_News_Gorgier_5-300x188.jpg 300w, https:\/\/www.revuemusicale.ch\/wp-content\/uploads\/2026\/04\/03_Echo_News_Gorgier_5-1024x640.jpg 1024w, https:\/\/www.revuemusicale.ch\/wp-content\/uploads\/2026\/04\/03_Echo_News_Gorgier_5-768x480.jpg 768w, https:\/\/www.revuemusicale.ch\/wp-content\/uploads\/2026\/04\/03_Echo_News_Gorgier_5-18x12.jpg 18w, https:\/\/www.revuemusicale.ch\/wp-content\/uploads\/2026\/04\/03_Echo_News_Gorgier_5-280x175.jpg 280w, https:\/\/www.revuemusicale.ch\/wp-content\/uploads\/2026\/04\/03_Echo_News_Gorgier_5-560x350.jpg 560w, https:\/\/www.revuemusicale.ch\/wp-content\/uploads\/2026\/04\/03_Echo_News_Gorgier_5-920x575.jpg 920w\" sizes=\"auto, (max-width: 1080px) 100vw, 1080px\" \/><figcaption id=\"caption-attachment-34394\" class=\"wp-caption-text\">Ch\u00e2teau de Gorgier. Photo : Gorgier Music Festival<\/figcaption><\/figure>\n<p>Le Ch\u00e2teau de Gorgier, dans le canton de Neuch\u00e2tel, class\u00e9 bien culturel d&rsquo;importance nationale, n&rsquo;est normalement pas accessible au public. Gr\u00e2ce au tout nouveau Gorgier Music Festival, le public aura pour la premi\u00e8re fois l&rsquo;occasion de visiter ce b\u00e2timent m\u00e9di\u00e9val. L&rsquo;initiateur du festival est le violoniste Hans Liviabella.<\/p>\n<figure id=\"attachment_34395\" aria-describedby=\"caption-attachment-34395\" style=\"width: 686px\" class=\"wp-caption alignnone\"><img loading=\"lazy\" decoding=\"async\" class=\"wp-image-34395 size-full\" src=\"https:\/\/www.revuemusicale.ch\/wp-content\/uploads\/2026\/04\/03_Echo_News_Gorgier_1_k.jpg\" alt=\"\" width=\"686\" height=\"423\" srcset=\"https:\/\/www.revuemusicale.ch\/wp-content\/uploads\/2026\/04\/03_Echo_News_Gorgier_1_k.jpg 686w, https:\/\/www.revuemusicale.ch\/wp-content\/uploads\/2026\/04\/03_Echo_News_Gorgier_1_k-300x185.jpg 300w, https:\/\/www.revuemusicale.ch\/wp-content\/uploads\/2026\/04\/03_Echo_News_Gorgier_1_k-18x12.jpg 18w, https:\/\/www.revuemusicale.ch\/wp-content\/uploads\/2026\/04\/03_Echo_News_Gorgier_1_k-284x175.jpg 284w, https:\/\/www.revuemusicale.ch\/wp-content\/uploads\/2026\/04\/03_Echo_News_Gorgier_1_k-568x350.jpg 568w\" sizes=\"auto, (max-width: 686px) 100vw, 686px\" \/><figcaption id=\"caption-attachment-34395\" class=\"wp-caption-text\">La salle principale dans le Ch\u00e2teau de Gorgier. Photo : Gorgier Music Festival<\/figcaption><\/figure>\n<p>Les cinq concerts d\u00e9buteront \u00e0 19 heures. Le coup d&rsquo;envoi sera donn\u00e9 le 28 mai avec un programme intitul\u00e9 \u00ab D\u00e9di\u00e9 aux femmes \u00bb, compos\u00e9 d&rsquo;\u0153uvres de compositrices anglaises de l&rsquo;\u00e8re post-victorienne pour violon, piano, violoncelle et voix. Le 29 mai, la chapelle du ch\u00e2teau, situ\u00e9e au premier \u00e9tage, accueillera de la musique baroque d\u2019Antonio Vivaldi. Le 30 mai, la soir\u00e9e \u00ab C\u2019est juste le temps qui passe \u00bb associera musique et arts plastiques. Deux autres concerts suivront les 31 mai et 1er juin.<\/p>\n<p>La plupart des concerts auront lieu dans la salle principale du ch\u00e2teau, qui, selon l&rsquo;organisateur, se pr\u00eate particuli\u00e8rement bien \u00e0 la musique de chambre. \u00c0 l&rsquo;issue de chaque soir\u00e9e de concert, un ap\u00e9ro-d\u00eener sera servi.<\/p>\n<p class=\"font-claude-response-body break-words whitespace-normal leading-[1.7]\"><a class=\"underline underline underline-offset-2 decoration-1 decoration-current\/40 hover:decoration-current focus:decoration-current\" href=\"http:\/\/www.gorgiermusicfestival.ch\" target=\"_blank\" rel=\"noopener\">www.gorgiermusicfestival.ch<\/a><\/p>\n<figure id=\"attachment_34396\" aria-describedby=\"caption-attachment-34396\" style=\"width: 837px\" class=\"wp-caption alignnone\"><img loading=\"lazy\" decoding=\"async\" class=\"wp-image-34396 size-full\" src=\"https:\/\/www.revuemusicale.ch\/wp-content\/uploads\/2026\/04\/03_Echo_News_Gorgier_2k.jpg\" alt=\"\" width=\"837\" height=\"550\" srcset=\"https:\/\/www.revuemusicale.ch\/wp-content\/uploads\/2026\/04\/03_Echo_News_Gorgier_2k.jpg 837w, https:\/\/www.revuemusicale.ch\/wp-content\/uploads\/2026\/04\/03_Echo_News_Gorgier_2k-300x197.jpg 300w, https:\/\/www.revuemusicale.ch\/wp-content\/uploads\/2026\/04\/03_Echo_News_Gorgier_2k-768x505.jpg 768w, https:\/\/www.revuemusicale.ch\/wp-content\/uploads\/2026\/04\/03_Echo_News_Gorgier_2k-18x12.jpg 18w, https:\/\/www.revuemusicale.ch\/wp-content\/uploads\/2026\/04\/03_Echo_News_Gorgier_2k-266x175.jpg 266w, https:\/\/www.revuemusicale.ch\/wp-content\/uploads\/2026\/04\/03_Echo_News_Gorgier_2k-533x350.jpg 533w\" sizes=\"auto, (max-width: 837px) 100vw, 837px\" \/><figcaption id=\"caption-attachment-34396\" class=\"wp-caption-text\">La chapelle du Ch\u00e2teau de Gorgier. Photo : Gorgier Music Festival<\/figcaption><\/figure>\n","protected":false},"excerpt":{"rendered":"<p>Dal 28 maggio al 1\u00b0 giugno 2026, il Castello di Gorgier ospiter\u00e0 per la prima volta un festival di musica da camera. Il castello, che \u00e8 una residenza privata, aprir\u00e0 le sue porte per cinque serate di concerti.<\/p>","protected":false},"author":36251,"featured_media":34393,"comment_status":"closed","ping_status":"closed","sticky":false,"template":"","format":"standard","meta":{"_acf_changed":false,"_relevanssi_hide_post":"","_relevanssi_hide_content":"","_relevanssi_pin_for_all":"","_relevanssi_pin_keywords":"","_relevanssi_unpin_keywords":"","_relevanssi_related_keywords":"","_relevanssi_related_include_ids":"","_relevanssi_related_exclude_ids":"","_relevanssi_related_no_append":"","_relevanssi_related_not_related":"","_relevanssi_related_posts":"","_relevanssi_noindex_reason":"","pgc_sgb_lightbox_settings":"","footnotes":""},"categories":[2364,30],"tags":[2365,2073],"class_list":["post-34392","post","type-post","status-publish","format-standard","has-post-thumbnail","hentry","category-festival","category-service","tag-chateau-de-gorgier","tag-musique-au-chateau"],"acf":[],"yoast_head":"<!-- This site is optimized with the Yoast SEO plugin v27.3 - https:\/\/yoast.com\/product\/yoast-seo-wordpress\/ -->\n<title>Le Gorgier Music Festival fait ses d\u00e9buts - Revue Musicale Suisse<\/title>\n<meta name=\"description\" content=\"Du 28 mai au 1er juin 2026, le Ch\u00e2teau de Gorgier accueille pour la premi\u00e8re fois un festival de musique de chambre. Le ch\u00e2teau, r\u00e9sidence priv\u00e9e, ouvre ses portes pour cinq soir\u00e9es de concerts.\" \/>\n<meta name=\"robots\" content=\"index, follow, max-snippet:-1, max-image-preview:large, max-video-preview:-1\" \/>\n<link rel=\"canonical\" href=\"https:\/\/www.revuemusicale.ch\/it\/service\/2026\/04\/le-gorgier-music-festival-fait-ses-debuts\/\" \/>\n<meta property=\"og:locale\" content=\"it_IT\" \/>\n<meta property=\"og:type\" content=\"article\" \/>\n<meta property=\"og:title\" content=\"Le Gorgier Music Festival fait ses d\u00e9buts - Revue Musicale Suisse\" \/>\n<meta property=\"og:description\" content=\"Du 28 mai au 1er juin 2026, le Ch\u00e2teau de Gorgier accueille pour la premi\u00e8re fois un festival de musique de chambre. Le ch\u00e2teau, r\u00e9sidence priv\u00e9e, ouvre ses portes pour cinq soir\u00e9es de concerts.\" \/>\n<meta property=\"og:url\" content=\"https:\/\/www.revuemusicale.ch\/it\/service\/2026\/04\/le-gorgier-music-festival-fait-ses-debuts\/\" \/>\n<meta property=\"og:site_name\" content=\"Revue Musicale Suisse\" \/>\n<meta property=\"article:publisher\" content=\"https:\/\/www.facebook.com\/SchweizerMusikzeitung\/\" \/>\n<meta property=\"article:published_time\" content=\"2026-04-28T07:37:54+00:00\" \/>\n<meta property=\"og:image\" content=\"https:\/\/www.revuemusicale.ch\/wp-content\/uploads\/2026\/04\/03_Echo_News_Gorgier_6.jpg\" \/>\n\t<meta property=\"og:image:width\" content=\"1333\" \/>\n\t<meta property=\"og:image:height\" content=\"1000\" \/>\n\t<meta property=\"og:image:type\" content=\"image\/jpeg\" \/>\n<meta name=\"author\" content=\"Katrin Spelinova\" \/>\n<meta name=\"twitter:card\" content=\"summary_large_image\" \/>\n<meta name=\"twitter:creator\" content=\"@smusikzeitung\" \/>\n<meta name=\"twitter:site\" content=\"@smusikzeitung\" \/>\n<meta name=\"twitter:label1\" content=\"Scritto da\" \/>\n\t<meta name=\"twitter:data1\" content=\"Katrin Spelinova\" \/>\n\t<meta name=\"twitter:label2\" content=\"Tempo di lettura stimato\" \/>\n\t<meta name=\"twitter:data2\" content=\"2 minuti\" \/>\n<script type=\"application\/ld+json\" class=\"yoast-schema-graph\">{\"@context\":\"https:\\\/\\\/schema.org\",\"@graph\":[{\"@type\":\"Article\",\"@id\":\"https:\\\/\\\/www.revuemusicale.ch\\\/service\\\/2026\\\/04\\\/le-gorgier-music-festival-fait-ses-debuts#article\",\"isPartOf\":{\"@id\":\"https:\\\/\\\/www.revuemusicale.ch\\\/service\\\/2026\\\/04\\\/le-gorgier-music-festival-fait-ses-debuts\"},\"author\":{\"name\":\"Katrin Spelinova\",\"@id\":\"https:\\\/\\\/www.revuemusicale.ch\\\/#\\\/schema\\\/person\\\/fbefa1fc622f359a1dfc9e8c630568fe\"},\"headline\":\"Le Gorgier Music Festival fait ses d\u00e9buts\",\"datePublished\":\"2026-04-28T07:37:54+00:00\",\"mainEntityOfPage\":{\"@id\":\"https:\\\/\\\/www.revuemusicale.ch\\\/service\\\/2026\\\/04\\\/le-gorgier-music-festival-fait-ses-debuts\"},\"wordCount\":241,\"publisher\":{\"@id\":\"https:\\\/\\\/www.revuemusicale.ch\\\/#organization\"},\"image\":{\"@id\":\"https:\\\/\\\/www.revuemusicale.ch\\\/service\\\/2026\\\/04\\\/le-gorgier-music-festival-fait-ses-debuts#primaryimage\"},\"thumbnailUrl\":\"https:\\\/\\\/www.revuemusicale.ch\\\/wp-content\\\/uploads\\\/2026\\\/04\\\/03_Echo_News_Gorgier_6.jpg\",\"keywords\":[\"Ch\u00e2teau de Gorgier\",\"Musique au ch\u00e2teau\"],\"articleSection\":[\"Festival\",\"Service\"],\"inLanguage\":\"it-IT\"},{\"@type\":\"WebPage\",\"@id\":\"https:\\\/\\\/www.revuemusicale.ch\\\/service\\\/2026\\\/04\\\/le-gorgier-music-festival-fait-ses-debuts\",\"url\":\"https:\\\/\\\/www.revuemusicale.ch\\\/service\\\/2026\\\/04\\\/le-gorgier-music-festival-fait-ses-debuts\",\"name\":\"Le Gorgier Music Festival fait ses d\u00e9buts - Revue Musicale Suisse\",\"isPartOf\":{\"@id\":\"https:\\\/\\\/www.revuemusicale.ch\\\/#website\"},\"primaryImageOfPage\":{\"@id\":\"https:\\\/\\\/www.revuemusicale.ch\\\/service\\\/2026\\\/04\\\/le-gorgier-music-festival-fait-ses-debuts#primaryimage\"},\"image\":{\"@id\":\"https:\\\/\\\/www.revuemusicale.ch\\\/service\\\/2026\\\/04\\\/le-gorgier-music-festival-fait-ses-debuts#primaryimage\"},\"thumbnailUrl\":\"https:\\\/\\\/www.revuemusicale.ch\\\/wp-content\\\/uploads\\\/2026\\\/04\\\/03_Echo_News_Gorgier_6.jpg\",\"datePublished\":\"2026-04-28T07:37:54+00:00\",\"description\":\"Du 28 mai au 1er juin 2026, le Ch\u00e2teau de Gorgier accueille pour la premi\u00e8re fois un festival de musique de chambre. Le ch\u00e2teau, r\u00e9sidence priv\u00e9e, ouvre ses portes pour cinq soir\u00e9es de concerts.\",\"breadcrumb\":{\"@id\":\"https:\\\/\\\/www.revuemusicale.ch\\\/service\\\/2026\\\/04\\\/le-gorgier-music-festival-fait-ses-debuts#breadcrumb\"},\"inLanguage\":\"it-IT\",\"potentialAction\":[{\"@type\":\"ReadAction\",\"target\":[\"https:\\\/\\\/www.revuemusicale.ch\\\/service\\\/2026\\\/04\\\/le-gorgier-music-festival-fait-ses-debuts\"]}]},{\"@type\":\"ImageObject\",\"inLanguage\":\"it-IT\",\"@id\":\"https:\\\/\\\/www.revuemusicale.ch\\\/service\\\/2026\\\/04\\\/le-gorgier-music-festival-fait-ses-debuts#primaryimage\",\"url\":\"https:\\\/\\\/www.revuemusicale.ch\\\/wp-content\\\/uploads\\\/2026\\\/04\\\/03_Echo_News_Gorgier_6.jpg\",\"contentUrl\":\"https:\\\/\\\/www.revuemusicale.ch\\\/wp-content\\\/uploads\\\/2026\\\/04\\\/03_Echo_News_Gorgier_6.jpg\",\"width\":1333,\"height\":1000},{\"@type\":\"BreadcrumbList\",\"@id\":\"https:\\\/\\\/www.revuemusicale.ch\\\/service\\\/2026\\\/04\\\/le-gorgier-music-festival-fait-ses-debuts#breadcrumb\",\"itemListElement\":[{\"@type\":\"ListItem\",\"position\":1,\"name\":\"Home\",\"item\":\"https:\\\/\\\/www.revuemusicale.ch\\\/\"},{\"@type\":\"ListItem\",\"position\":2,\"name\":\"Le Gorgier Music Festival fait ses d\u00e9buts\"}]},{\"@type\":\"WebSite\",\"@id\":\"https:\\\/\\\/www.revuemusicale.ch\\\/#website\",\"url\":\"https:\\\/\\\/www.revuemusicale.ch\\\/\",\"name\":\"Revue Musicale Suisse\",\"description\":\"\",\"publisher\":{\"@id\":\"https:\\\/\\\/www.revuemusicale.ch\\\/#organization\"},\"potentialAction\":[{\"@type\":\"SearchAction\",\"target\":{\"@type\":\"EntryPoint\",\"urlTemplate\":\"https:\\\/\\\/www.revuemusicale.ch\\\/?s={search_term_string}\"},\"query-input\":{\"@type\":\"PropertyValueSpecification\",\"valueRequired\":true,\"valueName\":\"search_term_string\"}}],\"inLanguage\":\"it-IT\"},{\"@type\":\"Organization\",\"@id\":\"https:\\\/\\\/www.revuemusicale.ch\\\/#organization\",\"name\":\"Revue Musicale Suisse\",\"url\":\"https:\\\/\\\/www.revuemusicale.ch\\\/\",\"logo\":{\"@type\":\"ImageObject\",\"inLanguage\":\"it-IT\",\"@id\":\"https:\\\/\\\/www.revuemusicale.ch\\\/#\\\/schema\\\/logo\\\/image\\\/\",\"url\":\"https:\\\/\\\/www.revuemusicale.ch\\\/wp-content\\\/uploads\\\/2023\\\/01\\\/logo_revuemusicale_musikzeitung.jpg\",\"contentUrl\":\"https:\\\/\\\/www.revuemusicale.ch\\\/wp-content\\\/uploads\\\/2023\\\/01\\\/logo_revuemusicale_musikzeitung.jpg\",\"width\":1200,\"height\":243,\"caption\":\"Revue Musicale Suisse\"},\"image\":{\"@id\":\"https:\\\/\\\/www.revuemusicale.ch\\\/#\\\/schema\\\/logo\\\/image\\\/\"},\"sameAs\":[\"https:\\\/\\\/www.facebook.com\\\/SchweizerMusikzeitung\\\/\",\"https:\\\/\\\/x.com\\\/smusikzeitung\",\"https:\\\/\\\/www.instagram.com\\\/musikzeitung.ch\\\/?hl=de\"]},{\"@type\":\"Person\",\"@id\":\"https:\\\/\\\/www.revuemusicale.ch\\\/#\\\/schema\\\/person\\\/fbefa1fc622f359a1dfc9e8c630568fe\",\"name\":\"Katrin Spelinova\",\"image\":{\"@type\":\"ImageObject\",\"inLanguage\":\"it-IT\",\"@id\":\"https:\\\/\\\/secure.gravatar.com\\\/avatar\\\/2a2c2956e074ebca9bf65620496cd2e317d90b8c76450e9dd04d7cebf95eeada?s=96&d=mm&r=g\",\"url\":\"https:\\\/\\\/secure.gravatar.com\\\/avatar\\\/2a2c2956e074ebca9bf65620496cd2e317d90b8c76450e9dd04d7cebf95eeada?s=96&d=mm&r=g\",\"contentUrl\":\"https:\\\/\\\/secure.gravatar.com\\\/avatar\\\/2a2c2956e074ebca9bf65620496cd2e317d90b8c76450e9dd04d7cebf95eeada?s=96&d=mm&r=g\",\"caption\":\"Katrin Spelinova\"},\"url\":\"https:\\\/\\\/www.revuemusicale.ch\\\/it\\\/author\\\/spelkat\"}]}<\/script>\n<!-- \/ Yoast SEO plugin. -->","yoast_head_json":{"title":"Le Gorgier Music Festival fait ses d\u00e9buts - Revue Musicale Suisse","description":"Du 28 mai au 1er juin 2026, le Ch\u00e2teau de Gorgier accueille pour la premi\u00e8re fois un festival de musique de chambre. Le ch\u00e2teau, r\u00e9sidence priv\u00e9e, ouvre ses portes pour cinq soir\u00e9es de concerts.","robots":{"index":"index","follow":"follow","max-snippet":"max-snippet:-1","max-image-preview":"max-image-preview:large","max-video-preview":"max-video-preview:-1"},"canonical":"https:\/\/www.revuemusicale.ch\/it\/service\/2026\/04\/le-gorgier-music-festival-fait-ses-debuts\/","og_locale":"it_IT","og_type":"article","og_title":"Le Gorgier Music Festival fait ses d\u00e9buts - Revue Musicale Suisse","og_description":"Du 28 mai au 1er juin 2026, le Ch\u00e2teau de Gorgier accueille pour la premi\u00e8re fois un festival de musique de chambre. Le ch\u00e2teau, r\u00e9sidence priv\u00e9e, ouvre ses portes pour cinq soir\u00e9es de concerts.","og_url":"https:\/\/www.revuemusicale.ch\/it\/service\/2026\/04\/le-gorgier-music-festival-fait-ses-debuts\/","og_site_name":"Revue Musicale Suisse","article_publisher":"https:\/\/www.facebook.com\/SchweizerMusikzeitung\/","article_published_time":"2026-04-28T07:37:54+00:00","og_image":[{"width":1333,"height":1000,"url":"https:\/\/www.revuemusicale.ch\/wp-content\/uploads\/2026\/04\/03_Echo_News_Gorgier_6.jpg","type":"image\/jpeg"}],"author":"Katrin Spelinova","twitter_card":"summary_large_image","twitter_creator":"@smusikzeitung","twitter_site":"@smusikzeitung","twitter_misc":{"Scritto da":"Katrin Spelinova","Tempo di lettura stimato":"2 minuti"},"schema":{"@context":"https:\/\/schema.org","@graph":[{"@type":"Article","@id":"https:\/\/www.revuemusicale.ch\/service\/2026\/04\/le-gorgier-music-festival-fait-ses-debuts#article","isPartOf":{"@id":"https:\/\/www.revuemusicale.ch\/service\/2026\/04\/le-gorgier-music-festival-fait-ses-debuts"},"author":{"name":"Katrin Spelinova","@id":"https:\/\/www.revuemusicale.ch\/#\/schema\/person\/fbefa1fc622f359a1dfc9e8c630568fe"},"headline":"Le Gorgier Music Festival fait ses d\u00e9buts","datePublished":"2026-04-28T07:37:54+00:00","mainEntityOfPage":{"@id":"https:\/\/www.revuemusicale.ch\/service\/2026\/04\/le-gorgier-music-festival-fait-ses-debuts"},"wordCount":241,"publisher":{"@id":"https:\/\/www.revuemusicale.ch\/#organization"},"image":{"@id":"https:\/\/www.revuemusicale.ch\/service\/2026\/04\/le-gorgier-music-festival-fait-ses-debuts#primaryimage"},"thumbnailUrl":"https:\/\/www.revuemusicale.ch\/wp-content\/uploads\/2026\/04\/03_Echo_News_Gorgier_6.jpg","keywords":["Ch\u00e2teau de Gorgier","Musique au ch\u00e2teau"],"articleSection":["Festival","Service"],"inLanguage":"it-IT"},{"@type":"WebPage","@id":"https:\/\/www.revuemusicale.ch\/service\/2026\/04\/le-gorgier-music-festival-fait-ses-debuts","url":"https:\/\/www.revuemusicale.ch\/service\/2026\/04\/le-gorgier-music-festival-fait-ses-debuts","name":"Le Gorgier Music Festival fait ses d\u00e9buts - Revue Musicale Suisse","isPartOf":{"@id":"https:\/\/www.revuemusicale.ch\/#website"},"primaryImageOfPage":{"@id":"https:\/\/www.revuemusicale.ch\/service\/2026\/04\/le-gorgier-music-festival-fait-ses-debuts#primaryimage"},"image":{"@id":"https:\/\/www.revuemusicale.ch\/service\/2026\/04\/le-gorgier-music-festival-fait-ses-debuts#primaryimage"},"thumbnailUrl":"https:\/\/www.revuemusicale.ch\/wp-content\/uploads\/2026\/04\/03_Echo_News_Gorgier_6.jpg","datePublished":"2026-04-28T07:37:54+00:00","description":"Du 28 mai au 1er juin 2026, le Ch\u00e2teau de Gorgier accueille pour la premi\u00e8re fois un festival de musique de chambre. Le ch\u00e2teau, r\u00e9sidence priv\u00e9e, ouvre ses portes pour cinq soir\u00e9es de concerts.","breadcrumb":{"@id":"https:\/\/www.revuemusicale.ch\/service\/2026\/04\/le-gorgier-music-festival-fait-ses-debuts#breadcrumb"},"inLanguage":"it-IT","potentialAction":[{"@type":"ReadAction","target":["https:\/\/www.revuemusicale.ch\/service\/2026\/04\/le-gorgier-music-festival-fait-ses-debuts"]}]},{"@type":"ImageObject","inLanguage":"it-IT","@id":"https:\/\/www.revuemusicale.ch\/service\/2026\/04\/le-gorgier-music-festival-fait-ses-debuts#primaryimage","url":"https:\/\/www.revuemusicale.ch\/wp-content\/uploads\/2026\/04\/03_Echo_News_Gorgier_6.jpg","contentUrl":"https:\/\/www.revuemusicale.ch\/wp-content\/uploads\/2026\/04\/03_Echo_News_Gorgier_6.jpg","width":1333,"height":1000},{"@type":"BreadcrumbList","@id":"https:\/\/www.revuemusicale.ch\/service\/2026\/04\/le-gorgier-music-festival-fait-ses-debuts#breadcrumb","itemListElement":[{"@type":"ListItem","position":1,"name":"Home","item":"https:\/\/www.revuemusicale.ch\/"},{"@type":"ListItem","position":2,"name":"Le Gorgier Music Festival fait ses d\u00e9buts"}]},{"@type":"WebSite","@id":"https:\/\/www.revuemusicale.ch\/#website","url":"https:\/\/www.revuemusicale.ch\/","name":"Rassegna musicale svizzera","description":"","publisher":{"@id":"https:\/\/www.revuemusicale.ch\/#organization"},"potentialAction":[{"@type":"SearchAction","target":{"@type":"EntryPoint","urlTemplate":"https:\/\/www.revuemusicale.ch\/?s={search_term_string}"},"query-input":{"@type":"PropertyValueSpecification","valueRequired":true,"valueName":"search_term_string"}}],"inLanguage":"it-IT"},{"@type":"Organization","@id":"https:\/\/www.revuemusicale.ch\/#organization","name":"Rassegna musicale svizzera","url":"https:\/\/www.revuemusicale.ch\/","logo":{"@type":"ImageObject","inLanguage":"it-IT","@id":"https:\/\/www.revuemusicale.ch\/#\/schema\/logo\/image\/","url":"https:\/\/www.revuemusicale.ch\/wp-content\/uploads\/2023\/01\/logo_revuemusicale_musikzeitung.jpg","contentUrl":"https:\/\/www.revuemusicale.ch\/wp-content\/uploads\/2023\/01\/logo_revuemusicale_musikzeitung.jpg","width":1200,"height":243,"caption":"Revue Musicale Suisse"},"image":{"@id":"https:\/\/www.revuemusicale.ch\/#\/schema\/logo\/image\/"},"sameAs":["https:\/\/www.facebook.com\/SchweizerMusikzeitung\/","https:\/\/x.com\/smusikzeitung","https:\/\/www.instagram.com\/musikzeitung.ch\/?hl=de"]},{"@type":"Person","@id":"https:\/\/www.revuemusicale.ch\/#\/schema\/person\/fbefa1fc622f359a1dfc9e8c630568fe","name":"Katrin Spelinova","image":{"@type":"ImageObject","inLanguage":"it-IT","@id":"https:\/\/secure.gravatar.com\/avatar\/2a2c2956e074ebca9bf65620496cd2e317d90b8c76450e9dd04d7cebf95eeada?s=96&d=mm&r=g","url":"https:\/\/secure.gravatar.com\/avatar\/2a2c2956e074ebca9bf65620496cd2e317d90b8c76450e9dd04d7cebf95eeada?s=96&d=mm&r=g","contentUrl":"https:\/\/secure.gravatar.com\/avatar\/2a2c2956e074ebca9bf65620496cd2e317d90b8c76450e9dd04d7cebf95eeada?s=96&d=mm&r=g","caption":"Katrin Spelinova"},"url":"https:\/\/www.revuemusicale.ch\/it\/author\/spelkat"}]}},"publishpress_future_action":{"enabled":false,"date":"1970-01-01 01:00:00","action":"change-status","newStatus":"draft","terms":[],"taxonomy":"category","extraData":[]},"publishpress_future_workflow_manual_trigger":{"enabledWorkflows":[]},"_links":{"self":[{"href":"https:\/\/www.revuemusicale.ch\/it\/wp-json\/wp\/v2\/posts\/34392","targetHints":{"allow":["GET"]}}],"collection":[{"href":"https:\/\/www.revuemusicale.ch\/it\/wp-json\/wp\/v2\/posts"}],"about":[{"href":"https:\/\/www.revuemusicale.ch\/it\/wp-json\/wp\/v2\/types\/post"}],"author":[{"embeddable":true,"href":"https:\/\/www.revuemusicale.ch\/it\/wp-json\/wp\/v2\/users\/36251"}],"replies":[{"embeddable":true,"href":"https:\/\/www.revuemusicale.ch\/it\/wp-json\/wp\/v2\/comments?post=34392"}],"version-history":[{"count":2,"href":"https:\/\/www.revuemusicale.ch\/it\/wp-json\/wp\/v2\/posts\/34392\/revisions"}],"predecessor-version":[{"id":34398,"href":"https:\/\/www.revuemusicale.ch\/it\/wp-json\/wp\/v2\/posts\/34392\/revisions\/34398"}],"wp:featuredmedia":[{"embeddable":true,"href":"https:\/\/www.revuemusicale.ch\/it\/wp-json\/wp\/v2\/media\/34393"}],"wp:attachment":[{"href":"https:\/\/www.revuemusicale.ch\/it\/wp-json\/wp\/v2\/media?parent=34392"}],"wp:term":[{"taxonomy":"category","embeddable":true,"href":"https:\/\/www.revuemusicale.ch\/it\/wp-json\/wp\/v2\/categories?post=34392"},{"taxonomy":"post_tag","embeddable":true,"href":"https:\/\/www.revuemusicale.ch\/it\/wp-json\/wp\/v2\/tags?post=34392"}],"curies":[{"name":"wp","href":"https:\/\/api.w.org\/{rel}","templated":true}]}}