{"id":34399,"date":"2026-04-30T08:41:11","date_gmt":"2026-04-30T06:41:11","guid":{"rendered":"https:\/\/www.revuemusicale.ch\/?p=34399"},"modified":"2026-04-30T08:41:11","modified_gmt":"2026-04-30T06:41:11","slug":"le-conseil-de-la-musique-sinquiete-pour-les-radios-culturelles-de-la-ssr","status":"publish","type":"post","link":"https:\/\/www.revuemusicale.ch\/it\/news\/2026\/04\/le-conseil-de-la-musique-sinquiete-pour-les-radios-culturelles-de-la-ssr","title":{"rendered":"Il Consiglio della Musica \u00e8 preoccupato per le stazioni radiofoniche culturali della SSR."},"content":{"rendered":"<figure id=\"attachment_34400\" aria-describedby=\"caption-attachment-34400\" style=\"width: 1024px\" class=\"wp-caption alignnone\"><img loading=\"lazy\" decoding=\"async\" class=\"wp-image-34400 size-full\" src=\"https:\/\/www.revuemusicale.ch\/wp-content\/uploads\/2026\/04\/230810srg.jpg\" alt=\"\" width=\"1024\" height=\"683\" srcset=\"https:\/\/www.revuemusicale.ch\/wp-content\/uploads\/2026\/04\/230810srg.jpg 1024w, https:\/\/www.revuemusicale.ch\/wp-content\/uploads\/2026\/04\/230810srg-300x200.jpg 300w, https:\/\/www.revuemusicale.ch\/wp-content\/uploads\/2026\/04\/230810srg-600x400.jpg 600w, https:\/\/www.revuemusicale.ch\/wp-content\/uploads\/2026\/04\/230810srg-768x512.jpg 768w, https:\/\/www.revuemusicale.ch\/wp-content\/uploads\/2026\/04\/230810srg-18x12.jpg 18w, https:\/\/www.revuemusicale.ch\/wp-content\/uploads\/2026\/04\/230810srg-262x175.jpg 262w, https:\/\/www.revuemusicale.ch\/wp-content\/uploads\/2026\/04\/230810srg-525x350.jpg 525w, https:\/\/www.revuemusicale.ch\/wp-content\/uploads\/2026\/04\/230810srg-920x614.jpg 920w\" sizes=\"auto, (max-width: 1024px) 100vw, 1024px\" \/><figcaption id=\"caption-attachment-34400\" class=\"wp-caption-text\">Si\u00e8ge de la SSR \u00e0 Leutschenbach Z\u00fcrich (photo : DR)<\/figcaption><\/figure>\n<p>Dans une prise de position officielle, le Conseil de la musique attend que la culture \u2013 et en particulier la couverture culturelle \u2013 reste une mission fondamentale de la SSR. Le d\u00e9bat actuel sur l\u2019avenir de SRF 2 Kultur, Espace 2 et Rete Due est d\u00e9concertant et intervient \u00e0 un moment d\u00e9licat. L\u2019initiative visant \u00e0 r\u00e9duire de moiti\u00e9 le budget de la SSR a \u00e9t\u00e9 clairement rejet\u00e9e par la population. Ce r\u00e9sultat t\u00e9moigne \u00e9galement d\u2019un engagement clair en faveur de l\u2019importance de la culture, de l\u2019information et de la formation dans le service public.<\/p>\n<p>Le Conseil suisse de la musique affirme qu\u2019une r\u00e9duction des moyens dans le domaine culturel \u2013 en particulier pour des cha\u00eenes phares telles que SRF 2 Kultur, Espace 2 et Rete Due \u2013 affaiblirait consid\u00e9rablement l\u2019infrastructure culturelle de la Suisse et irait \u00e0 l\u2019encontre du r\u00e9sultat clair du vote. Espace 2 est une sc\u00e8ne m\u00e9diatique centrale pour la musique et la culture en Suisse \u2013 pour la production artistique, la m\u00e9diation, l\u2019analyse critique et le d\u00e9bat public. La cha\u00eene remplit une fonction indispensable, en particulier pour les domaines qui trouvent difficilement leur place dans le milieu commercial.<\/p>\n<p>Le Conseil de la musique consid\u00e8re la culture comme faisant partie du service public, avec une mission sociale claire : elle offre des rep\u00e8res, permet la r\u00e9flexion et contribue de mani\u00e8re d\u00e9terminante \u00e0 l\u2019identit\u00e9 culturelle d\u2019un pays. Cela vaut en particulier pour les minorit\u00e9s, pour les formats exigeants et pour les voix qui, sans cela, ne seraient gu\u00e8re entendues.<\/p>\n<p><a href=\"https:\/\/www.musikrat.ch\/fr\" target=\"_blank\" rel=\"noopener\">https:\/\/www.musikrat.ch\/fr<\/a><\/p>","protected":false},"excerpt":{"rendered":"<p>Le Conseil de la musique suisse prend connaissance avec une grande inqui\u00e9tude des projets pr\u00e9sum\u00e9s de la SSR visant \u00e0 supprimer les stations culturelles SRF 2 Kultur, Espace 2 et Rete Due.<\/p>","protected":false},"author":36251,"featured_media":34400,"comment_status":"closed","ping_status":"closed","sticky":false,"template":"","format":"standard","meta":{"_acf_changed":false,"_relevanssi_hide_post":"","_relevanssi_hide_content":"","_relevanssi_pin_for_all":"","_relevanssi_pin_keywords":"","_relevanssi_unpin_keywords":"","_relevanssi_related_keywords":"","_relevanssi_related_include_ids":"","_relevanssi_related_exclude_ids":"","_relevanssi_related_no_append":"","_relevanssi_related_not_related":"","_relevanssi_related_posts":"","_relevanssi_noindex_reason":"","pgc_sgb_lightbox_settings":"","footnotes":""},"categories":[27],"tags":[2223,2311,2134,2309],"class_list":["post-34399","post","type-post","status-publish","format-standard","has-post-thumbnail","hentry","category-news","tag-conseil-suisse-de-musique","tag-initiative-200-francs-ca-suffit","tag-rts-espace-2","tag-ssr"],"acf":[],"yoast_head":"<!-- This site is optimized with the Yoast SEO plugin v27.3 - https:\/\/yoast.com\/product\/yoast-seo-wordpress\/ -->\n<title>Le Conseil de la musique s&#039;inqui\u00e8te pour les radios culturelles de la SSR - Revue Musicale Suisse<\/title>\n<meta name=\"description\" content=\"Le Conseil de la musique suisse prend connaissance avec une grande inqui\u00e9tude des projets pr\u00e9sum\u00e9s de la SSR.\" \/>\n<meta name=\"robots\" content=\"index, follow, max-snippet:-1, max-image-preview:large, max-video-preview:-1\" \/>\n<link rel=\"canonical\" href=\"https:\/\/www.revuemusicale.ch\/it\/news\/2026\/04\/le-conseil-de-la-musique-sinquiete-pour-les-radios-culturelles-de-la-ssr\/\" \/>\n<meta property=\"og:locale\" content=\"it_IT\" \/>\n<meta property=\"og:type\" content=\"article\" \/>\n<meta property=\"og:title\" content=\"Le Conseil de la musique s&#039;inqui\u00e8te pour les radios culturelles de la SSR - Revue Musicale Suisse\" \/>\n<meta property=\"og:description\" content=\"Le Conseil de la musique suisse prend connaissance avec une grande inqui\u00e9tude des projets pr\u00e9sum\u00e9s de la SSR.\" \/>\n<meta property=\"og:url\" content=\"https:\/\/www.revuemusicale.ch\/it\/news\/2026\/04\/le-conseil-de-la-musique-sinquiete-pour-les-radios-culturelles-de-la-ssr\/\" \/>\n<meta property=\"og:site_name\" content=\"Revue Musicale Suisse\" \/>\n<meta property=\"article:publisher\" content=\"https:\/\/www.facebook.com\/SchweizerMusikzeitung\/\" \/>\n<meta property=\"article:published_time\" content=\"2026-04-30T06:41:11+00:00\" \/>\n<meta property=\"og:image\" content=\"https:\/\/www.revuemusicale.ch\/wp-content\/uploads\/2026\/04\/230810srg.jpg\" \/>\n\t<meta property=\"og:image:width\" content=\"1024\" \/>\n\t<meta property=\"og:image:height\" content=\"683\" \/>\n\t<meta property=\"og:image:type\" content=\"image\/jpeg\" \/>\n<meta name=\"author\" content=\"Katrin Spelinova\" \/>\n<meta name=\"twitter:card\" content=\"summary_large_image\" \/>\n<meta name=\"twitter:creator\" content=\"@smusikzeitung\" \/>\n<meta name=\"twitter:site\" content=\"@smusikzeitung\" \/>\n<meta name=\"twitter:label1\" content=\"Scritto da\" \/>\n\t<meta name=\"twitter:data1\" content=\"Katrin Spelinova\" \/>\n\t<meta name=\"twitter:label2\" content=\"Tempo di lettura stimato\" \/>\n\t<meta name=\"twitter:data2\" content=\"2 minuti\" \/>\n<script type=\"application\/ld+json\" class=\"yoast-schema-graph\">{\"@context\":\"https:\\\/\\\/schema.org\",\"@graph\":[{\"@type\":\"Article\",\"@id\":\"https:\\\/\\\/www.revuemusicale.ch\\\/news\\\/2026\\\/04\\\/le-conseil-de-la-musique-sinquiete-pour-les-radios-culturelles-de-la-ssr#article\",\"isPartOf\":{\"@id\":\"https:\\\/\\\/www.revuemusicale.ch\\\/news\\\/2026\\\/04\\\/le-conseil-de-la-musique-sinquiete-pour-les-radios-culturelles-de-la-ssr\"},\"author\":{\"name\":\"Katrin Spelinova\",\"@id\":\"https:\\\/\\\/www.revuemusicale.ch\\\/#\\\/schema\\\/person\\\/fbefa1fc622f359a1dfc9e8c630568fe\"},\"headline\":\"Le Conseil de la musique s&rsquo;inqui\u00e8te pour les radios culturelles de la SSR\",\"datePublished\":\"2026-04-30T06:41:11+00:00\",\"mainEntityOfPage\":{\"@id\":\"https:\\\/\\\/www.revuemusicale.ch\\\/news\\\/2026\\\/04\\\/le-conseil-de-la-musique-sinquiete-pour-les-radios-culturelles-de-la-ssr\"},\"wordCount\":305,\"publisher\":{\"@id\":\"https:\\\/\\\/www.revuemusicale.ch\\\/#organization\"},\"image\":{\"@id\":\"https:\\\/\\\/www.revuemusicale.ch\\\/news\\\/2026\\\/04\\\/le-conseil-de-la-musique-sinquiete-pour-les-radios-culturelles-de-la-ssr#primaryimage\"},\"thumbnailUrl\":\"https:\\\/\\\/www.revuemusicale.ch\\\/wp-content\\\/uploads\\\/2026\\\/04\\\/230810srg.jpg\",\"keywords\":[\"Conseil Suisse de la Musique\",\"Initiative \u00ab 200 francs \u00e7a suffit \u00bb\",\"RTS Espace 2\",\"SSR\"],\"articleSection\":[\"News\"],\"inLanguage\":\"it-IT\"},{\"@type\":\"WebPage\",\"@id\":\"https:\\\/\\\/www.revuemusicale.ch\\\/news\\\/2026\\\/04\\\/le-conseil-de-la-musique-sinquiete-pour-les-radios-culturelles-de-la-ssr\",\"url\":\"https:\\\/\\\/www.revuemusicale.ch\\\/news\\\/2026\\\/04\\\/le-conseil-de-la-musique-sinquiete-pour-les-radios-culturelles-de-la-ssr\",\"name\":\"Le Conseil de la musique s'inqui\u00e8te pour les radios culturelles de la SSR - Revue Musicale Suisse\",\"isPartOf\":{\"@id\":\"https:\\\/\\\/www.revuemusicale.ch\\\/#website\"},\"primaryImageOfPage\":{\"@id\":\"https:\\\/\\\/www.revuemusicale.ch\\\/news\\\/2026\\\/04\\\/le-conseil-de-la-musique-sinquiete-pour-les-radios-culturelles-de-la-ssr#primaryimage\"},\"image\":{\"@id\":\"https:\\\/\\\/www.revuemusicale.ch\\\/news\\\/2026\\\/04\\\/le-conseil-de-la-musique-sinquiete-pour-les-radios-culturelles-de-la-ssr#primaryimage\"},\"thumbnailUrl\":\"https:\\\/\\\/www.revuemusicale.ch\\\/wp-content\\\/uploads\\\/2026\\\/04\\\/230810srg.jpg\",\"datePublished\":\"2026-04-30T06:41:11+00:00\",\"description\":\"Le Conseil de la musique suisse prend connaissance avec une grande inqui\u00e9tude des projets pr\u00e9sum\u00e9s de la SSR.\",\"breadcrumb\":{\"@id\":\"https:\\\/\\\/www.revuemusicale.ch\\\/news\\\/2026\\\/04\\\/le-conseil-de-la-musique-sinquiete-pour-les-radios-culturelles-de-la-ssr#breadcrumb\"},\"inLanguage\":\"it-IT\",\"potentialAction\":[{\"@type\":\"ReadAction\",\"target\":[\"https:\\\/\\\/www.revuemusicale.ch\\\/news\\\/2026\\\/04\\\/le-conseil-de-la-musique-sinquiete-pour-les-radios-culturelles-de-la-ssr\"]}]},{\"@type\":\"ImageObject\",\"inLanguage\":\"it-IT\",\"@id\":\"https:\\\/\\\/www.revuemusicale.ch\\\/news\\\/2026\\\/04\\\/le-conseil-de-la-musique-sinquiete-pour-les-radios-culturelles-de-la-ssr#primaryimage\",\"url\":\"https:\\\/\\\/www.revuemusicale.ch\\\/wp-content\\\/uploads\\\/2026\\\/04\\\/230810srg.jpg\",\"contentUrl\":\"https:\\\/\\\/www.revuemusicale.ch\\\/wp-content\\\/uploads\\\/2026\\\/04\\\/230810srg.jpg\",\"width\":1024,\"height\":683},{\"@type\":\"BreadcrumbList\",\"@id\":\"https:\\\/\\\/www.revuemusicale.ch\\\/news\\\/2026\\\/04\\\/le-conseil-de-la-musique-sinquiete-pour-les-radios-culturelles-de-la-ssr#breadcrumb\",\"itemListElement\":[{\"@type\":\"ListItem\",\"position\":1,\"name\":\"Home\",\"item\":\"https:\\\/\\\/www.revuemusicale.ch\\\/\"},{\"@type\":\"ListItem\",\"position\":2,\"name\":\"Le Conseil de la musique s&rsquo;inqui\u00e8te pour les radios culturelles de la SSR\"}]},{\"@type\":\"WebSite\",\"@id\":\"https:\\\/\\\/www.revuemusicale.ch\\\/#website\",\"url\":\"https:\\\/\\\/www.revuemusicale.ch\\\/\",\"name\":\"Revue Musicale Suisse\",\"description\":\"\",\"publisher\":{\"@id\":\"https:\\\/\\\/www.revuemusicale.ch\\\/#organization\"},\"potentialAction\":[{\"@type\":\"SearchAction\",\"target\":{\"@type\":\"EntryPoint\",\"urlTemplate\":\"https:\\\/\\\/www.revuemusicale.ch\\\/?s={search_term_string}\"},\"query-input\":{\"@type\":\"PropertyValueSpecification\",\"valueRequired\":true,\"valueName\":\"search_term_string\"}}],\"inLanguage\":\"it-IT\"},{\"@type\":\"Organization\",\"@id\":\"https:\\\/\\\/www.revuemusicale.ch\\\/#organization\",\"name\":\"Revue Musicale Suisse\",\"url\":\"https:\\\/\\\/www.revuemusicale.ch\\\/\",\"logo\":{\"@type\":\"ImageObject\",\"inLanguage\":\"it-IT\",\"@id\":\"https:\\\/\\\/www.revuemusicale.ch\\\/#\\\/schema\\\/logo\\\/image\\\/\",\"url\":\"https:\\\/\\\/www.revuemusicale.ch\\\/wp-content\\\/uploads\\\/2023\\\/01\\\/logo_revuemusicale_musikzeitung.jpg\",\"contentUrl\":\"https:\\\/\\\/www.revuemusicale.ch\\\/wp-content\\\/uploads\\\/2023\\\/01\\\/logo_revuemusicale_musikzeitung.jpg\",\"width\":1200,\"height\":243,\"caption\":\"Revue Musicale Suisse\"},\"image\":{\"@id\":\"https:\\\/\\\/www.revuemusicale.ch\\\/#\\\/schema\\\/logo\\\/image\\\/\"},\"sameAs\":[\"https:\\\/\\\/www.facebook.com\\\/SchweizerMusikzeitung\\\/\",\"https:\\\/\\\/x.com\\\/smusikzeitung\",\"https:\\\/\\\/www.instagram.com\\\/musikzeitung.ch\\\/?hl=de\"]},{\"@type\":\"Person\",\"@id\":\"https:\\\/\\\/www.revuemusicale.ch\\\/#\\\/schema\\\/person\\\/fbefa1fc622f359a1dfc9e8c630568fe\",\"name\":\"Katrin Spelinova\",\"image\":{\"@type\":\"ImageObject\",\"inLanguage\":\"it-IT\",\"@id\":\"https:\\\/\\\/secure.gravatar.com\\\/avatar\\\/2a2c2956e074ebca9bf65620496cd2e317d90b8c76450e9dd04d7cebf95eeada?s=96&d=mm&r=g\",\"url\":\"https:\\\/\\\/secure.gravatar.com\\\/avatar\\\/2a2c2956e074ebca9bf65620496cd2e317d90b8c76450e9dd04d7cebf95eeada?s=96&d=mm&r=g\",\"contentUrl\":\"https:\\\/\\\/secure.gravatar.com\\\/avatar\\\/2a2c2956e074ebca9bf65620496cd2e317d90b8c76450e9dd04d7cebf95eeada?s=96&d=mm&r=g\",\"caption\":\"Katrin Spelinova\"},\"url\":\"https:\\\/\\\/www.revuemusicale.ch\\\/it\\\/author\\\/spelkat\"}]}<\/script>\n<!-- \/ Yoast SEO plugin. -->","yoast_head_json":{"title":"Le Conseil de la musique s'inqui\u00e8te pour les radios culturelles de la SSR - Revue Musicale Suisse","description":"Le Conseil de la musique suisse prend connaissance avec une grande inqui\u00e9tude des projets pr\u00e9sum\u00e9s de la SSR.","robots":{"index":"index","follow":"follow","max-snippet":"max-snippet:-1","max-image-preview":"max-image-preview:large","max-video-preview":"max-video-preview:-1"},"canonical":"https:\/\/www.revuemusicale.ch\/it\/news\/2026\/04\/le-conseil-de-la-musique-sinquiete-pour-les-radios-culturelles-de-la-ssr\/","og_locale":"it_IT","og_type":"article","og_title":"Le Conseil de la musique s'inqui\u00e8te pour les radios culturelles de la SSR - Revue Musicale Suisse","og_description":"Le Conseil de la musique suisse prend connaissance avec une grande inqui\u00e9tude des projets pr\u00e9sum\u00e9s de la SSR.","og_url":"https:\/\/www.revuemusicale.ch\/it\/news\/2026\/04\/le-conseil-de-la-musique-sinquiete-pour-les-radios-culturelles-de-la-ssr\/","og_site_name":"Revue Musicale Suisse","article_publisher":"https:\/\/www.facebook.com\/SchweizerMusikzeitung\/","article_published_time":"2026-04-30T06:41:11+00:00","og_image":[{"width":1024,"height":683,"url":"https:\/\/www.revuemusicale.ch\/wp-content\/uploads\/2026\/04\/230810srg.jpg","type":"image\/jpeg"}],"author":"Katrin Spelinova","twitter_card":"summary_large_image","twitter_creator":"@smusikzeitung","twitter_site":"@smusikzeitung","twitter_misc":{"Scritto da":"Katrin Spelinova","Tempo di lettura stimato":"2 minuti"},"schema":{"@context":"https:\/\/schema.org","@graph":[{"@type":"Article","@id":"https:\/\/www.revuemusicale.ch\/news\/2026\/04\/le-conseil-de-la-musique-sinquiete-pour-les-radios-culturelles-de-la-ssr#article","isPartOf":{"@id":"https:\/\/www.revuemusicale.ch\/news\/2026\/04\/le-conseil-de-la-musique-sinquiete-pour-les-radios-culturelles-de-la-ssr"},"author":{"name":"Katrin Spelinova","@id":"https:\/\/www.revuemusicale.ch\/#\/schema\/person\/fbefa1fc622f359a1dfc9e8c630568fe"},"headline":"Le Conseil de la musique s&rsquo;inqui\u00e8te pour les radios culturelles de la SSR","datePublished":"2026-04-30T06:41:11+00:00","mainEntityOfPage":{"@id":"https:\/\/www.revuemusicale.ch\/news\/2026\/04\/le-conseil-de-la-musique-sinquiete-pour-les-radios-culturelles-de-la-ssr"},"wordCount":305,"publisher":{"@id":"https:\/\/www.revuemusicale.ch\/#organization"},"image":{"@id":"https:\/\/www.revuemusicale.ch\/news\/2026\/04\/le-conseil-de-la-musique-sinquiete-pour-les-radios-culturelles-de-la-ssr#primaryimage"},"thumbnailUrl":"https:\/\/www.revuemusicale.ch\/wp-content\/uploads\/2026\/04\/230810srg.jpg","keywords":["Conseil Suisse de la Musique","Initiative \u00ab 200 francs \u00e7a suffit \u00bb","RTS Espace 2","SSR"],"articleSection":["News"],"inLanguage":"it-IT"},{"@type":"WebPage","@id":"https:\/\/www.revuemusicale.ch\/news\/2026\/04\/le-conseil-de-la-musique-sinquiete-pour-les-radios-culturelles-de-la-ssr","url":"https:\/\/www.revuemusicale.ch\/news\/2026\/04\/le-conseil-de-la-musique-sinquiete-pour-les-radios-culturelles-de-la-ssr","name":"Le Conseil de la musique s'inqui\u00e8te pour les radios culturelles de la SSR - Revue Musicale Suisse","isPartOf":{"@id":"https:\/\/www.revuemusicale.ch\/#website"},"primaryImageOfPage":{"@id":"https:\/\/www.revuemusicale.ch\/news\/2026\/04\/le-conseil-de-la-musique-sinquiete-pour-les-radios-culturelles-de-la-ssr#primaryimage"},"image":{"@id":"https:\/\/www.revuemusicale.ch\/news\/2026\/04\/le-conseil-de-la-musique-sinquiete-pour-les-radios-culturelles-de-la-ssr#primaryimage"},"thumbnailUrl":"https:\/\/www.revuemusicale.ch\/wp-content\/uploads\/2026\/04\/230810srg.jpg","datePublished":"2026-04-30T06:41:11+00:00","description":"Le Conseil de la musique suisse prend connaissance avec une grande inqui\u00e9tude des projets pr\u00e9sum\u00e9s de la SSR.","breadcrumb":{"@id":"https:\/\/www.revuemusicale.ch\/news\/2026\/04\/le-conseil-de-la-musique-sinquiete-pour-les-radios-culturelles-de-la-ssr#breadcrumb"},"inLanguage":"it-IT","potentialAction":[{"@type":"ReadAction","target":["https:\/\/www.revuemusicale.ch\/news\/2026\/04\/le-conseil-de-la-musique-sinquiete-pour-les-radios-culturelles-de-la-ssr"]}]},{"@type":"ImageObject","inLanguage":"it-IT","@id":"https:\/\/www.revuemusicale.ch\/news\/2026\/04\/le-conseil-de-la-musique-sinquiete-pour-les-radios-culturelles-de-la-ssr#primaryimage","url":"https:\/\/www.revuemusicale.ch\/wp-content\/uploads\/2026\/04\/230810srg.jpg","contentUrl":"https:\/\/www.revuemusicale.ch\/wp-content\/uploads\/2026\/04\/230810srg.jpg","width":1024,"height":683},{"@type":"BreadcrumbList","@id":"https:\/\/www.revuemusicale.ch\/news\/2026\/04\/le-conseil-de-la-musique-sinquiete-pour-les-radios-culturelles-de-la-ssr#breadcrumb","itemListElement":[{"@type":"ListItem","position":1,"name":"Home","item":"https:\/\/www.revuemusicale.ch\/"},{"@type":"ListItem","position":2,"name":"Le Conseil de la musique s&rsquo;inqui\u00e8te pour les radios culturelles de la SSR"}]},{"@type":"WebSite","@id":"https:\/\/www.revuemusicale.ch\/#website","url":"https:\/\/www.revuemusicale.ch\/","name":"Rassegna musicale svizzera","description":"","publisher":{"@id":"https:\/\/www.revuemusicale.ch\/#organization"},"potentialAction":[{"@type":"SearchAction","target":{"@type":"EntryPoint","urlTemplate":"https:\/\/www.revuemusicale.ch\/?s={search_term_string}"},"query-input":{"@type":"PropertyValueSpecification","valueRequired":true,"valueName":"search_term_string"}}],"inLanguage":"it-IT"},{"@type":"Organization","@id":"https:\/\/www.revuemusicale.ch\/#organization","name":"Rassegna musicale svizzera","url":"https:\/\/www.revuemusicale.ch\/","logo":{"@type":"ImageObject","inLanguage":"it-IT","@id":"https:\/\/www.revuemusicale.ch\/#\/schema\/logo\/image\/","url":"https:\/\/www.revuemusicale.ch\/wp-content\/uploads\/2023\/01\/logo_revuemusicale_musikzeitung.jpg","contentUrl":"https:\/\/www.revuemusicale.ch\/wp-content\/uploads\/2023\/01\/logo_revuemusicale_musikzeitung.jpg","width":1200,"height":243,"caption":"Revue Musicale Suisse"},"image":{"@id":"https:\/\/www.revuemusicale.ch\/#\/schema\/logo\/image\/"},"sameAs":["https:\/\/www.facebook.com\/SchweizerMusikzeitung\/","https:\/\/x.com\/smusikzeitung","https:\/\/www.instagram.com\/musikzeitung.ch\/?hl=de"]},{"@type":"Person","@id":"https:\/\/www.revuemusicale.ch\/#\/schema\/person\/fbefa1fc622f359a1dfc9e8c630568fe","name":"Katrin Spelinova","image":{"@type":"ImageObject","inLanguage":"it-IT","@id":"https:\/\/secure.gravatar.com\/avatar\/2a2c2956e074ebca9bf65620496cd2e317d90b8c76450e9dd04d7cebf95eeada?s=96&d=mm&r=g","url":"https:\/\/secure.gravatar.com\/avatar\/2a2c2956e074ebca9bf65620496cd2e317d90b8c76450e9dd04d7cebf95eeada?s=96&d=mm&r=g","contentUrl":"https:\/\/secure.gravatar.com\/avatar\/2a2c2956e074ebca9bf65620496cd2e317d90b8c76450e9dd04d7cebf95eeada?s=96&d=mm&r=g","caption":"Katrin Spelinova"},"url":"https:\/\/www.revuemusicale.ch\/it\/author\/spelkat"}]}},"publishpress_future_action":{"enabled":false,"date":"1970-01-01 01:00:00","action":"change-status","newStatus":"draft","terms":[],"taxonomy":"category","extraData":[]},"publishpress_future_workflow_manual_trigger":{"enabledWorkflows":[]},"_links":{"self":[{"href":"https:\/\/www.revuemusicale.ch\/it\/wp-json\/wp\/v2\/posts\/34399","targetHints":{"allow":["GET"]}}],"collection":[{"href":"https:\/\/www.revuemusicale.ch\/it\/wp-json\/wp\/v2\/posts"}],"about":[{"href":"https:\/\/www.revuemusicale.ch\/it\/wp-json\/wp\/v2\/types\/post"}],"author":[{"embeddable":true,"href":"https:\/\/www.revuemusicale.ch\/it\/wp-json\/wp\/v2\/users\/36251"}],"replies":[{"embeddable":true,"href":"https:\/\/www.revuemusicale.ch\/it\/wp-json\/wp\/v2\/comments?post=34399"}],"version-history":[{"count":1,"href":"https:\/\/www.revuemusicale.ch\/it\/wp-json\/wp\/v2\/posts\/34399\/revisions"}],"predecessor-version":[{"id":34401,"href":"https:\/\/www.revuemusicale.ch\/it\/wp-json\/wp\/v2\/posts\/34399\/revisions\/34401"}],"wp:featuredmedia":[{"embeddable":true,"href":"https:\/\/www.revuemusicale.ch\/it\/wp-json\/wp\/v2\/media\/34400"}],"wp:attachment":[{"href":"https:\/\/www.revuemusicale.ch\/it\/wp-json\/wp\/v2\/media?parent=34399"}],"wp:term":[{"taxonomy":"category","embeddable":true,"href":"https:\/\/www.revuemusicale.ch\/it\/wp-json\/wp\/v2\/categories?post=34399"},{"taxonomy":"post_tag","embeddable":true,"href":"https:\/\/www.revuemusicale.ch\/it\/wp-json\/wp\/v2\/tags?post=34399"}],"curies":[{"name":"wp","href":"https:\/\/api.w.org\/{rel}","templated":true}]}}