{"id":34624,"date":"2026-08-31T04:36:11","date_gmt":"2026-08-31T02:36:11","guid":{"rendered":"https:\/\/www.revuemusicale.ch\/?p=34624"},"modified":"2026-08-31T04:36:11","modified_gmt":"2026-08-31T02:36:11","slug":"un-nouveau-secretaire-central-pour-lusdam","status":"publish","type":"post","link":"https:\/\/www.revuemusicale.ch\/it\/basis\/usdam\/2026\/08\/un-nouveau-secretaire-central-pour-lusdam","title":{"rendered":"Un nuovo segretario centrale per l\u2019USDAM"},"content":{"rendered":"<p>L\u2019assembl\u00e9e annuelle des d\u00e9l\u00e9gu\u00e9s de l\u2019USDAM s\u2019est tenue \u00e0 Bienne, sous une accablante temp\u00e9rature caniculaire. La r\u00e9union a eu lieu \u00e0 la Salle Farel, ic\u00f4ne architecturale de la fin des ann\u00e9es 50. Con\u00e7ue \u00e0 l\u2019origine comme maison de paroisse pour l\u2019\u00e9glise r\u00e9form\u00e9e, elle est depuis 10 ans un centre culturel dot\u00e9 d\u2019un sympathique bistro et d\u2019une salle dans laquelle se d\u00e9roulent une grande vari\u00e9t\u00e9 d\u2019\u00e9v\u00e9nements.<\/p>\n<p>L\u2019assembl\u00e9e d\u00e9buta par l\u2019audition de <em>La chemin\u00e9e du roi Ren\u00e9 <\/em>de Darius Milhaud, interpr\u00e9t\u00e9e avec beaucoup de finesse et une magnifique sonorit\u00e9 par un quintette \u00e0 vents issu de l\u2019Orchestre Symphonique Bienne Soleure.<\/p>\n<p>Lors de son discours de bienvenue, le co-pr\u00e9sident central Davide J\u00e4ger a d\u00e9clar\u00e9 que de mani\u00e8re g\u00e9n\u00e9rale, l\u2019USDAM est principalement associ\u00e9e aux \u00ab\u00a0tarifs\u00a0\u00bb. Les feux tarifaires r\u00e9cemment publi\u00e9s, documentant dans quels orchestres professionnels le tarif minimal de l\u2019USDAM est respect\u00e9 et dans lesquels il ne l\u2019est pas, montrent o\u00f9 nous en sommes aujourd\u2019hui. Malgr\u00e9 les tr\u00e8s nombreuses pressions en faveur d&rsquo;une r\u00e9duction des co\u00fbts, on ne devrait m\u00eame pas en discuter\u00a0; ce devrait bien plut\u00f4t \u00eatre \u00e0 l\u2019\u00c9tat de soutenir la culture plus g\u00e9n\u00e9reusement. Les programmes d\u2019armement ont la priorit\u00e9, en d\u00e9pit du fait que les projets culturels reviennent beaucoup moins chers. En conclusion, Davide J\u00e4ger d\u00e9clara que la sensibilisation au salaire minimum devait encore progresser.<\/p>\n<p>La co-pr\u00e9sidente centrale Muriel Noble a relev\u00e9 que la reconnaissance du m\u00e9tier de musicien est \u00e9galement encore en partie peu d\u00e9velopp\u00e9e, lorsque m\u00eame des abonn\u00e9(e)s de l\u2019Orchestre de la Suisse Romande ne sont pas au courant qu\u2019il s\u2019agit d\u2019un orchestre professionnel. Ce que co\u00fbte la formation de musicien, sans parler des instruments on\u00e9reux, est compl\u00e8tement occult\u00e9. Muriel Noble rappela encore la grande importance de la solidarit\u00e9 des musiciens permanents envers les intermittents.<\/p>\n<p>Sophie Laville, pr\u00e9sidente de la section de Bienne de l\u2019USDAM, salua \u00e9galement les d\u00e9l\u00e9gu\u00e9s et tra\u00e7a un parall\u00e8le entre son orchestre, qui cherche une nouvelle direction artistique d\u00e8s la saison 2027\/28, et l\u2019USDAM, qui aura bient\u00f4t un nouveau secr\u00e9taire central \u00e0 sa t\u00eate. Une p\u00e9riode de changements\u2026<\/p>\n<p>Cristian Vasile, de Gen\u00e8ve, quitte le comit\u00e9 central apr\u00e8s y avoir si\u00e9g\u00e9 22 ans. Muriel Noble a rendu hommage \u00e0 ses m\u00e9rites (sur lesquels nous reviendrons plus en d\u00e9tail) et le d\u00e9crivit comme un homme qui, tout en suivant sa propre voie, s&rsquo;est toutefois engag\u00e9 pour la collectivit\u00e9.<\/p>\n<p>Ayant atteint l\u2019\u00e2ge de la retraite, Beat Santschi a lui aussi d\u00e9missionn\u00e9 de son poste de secr\u00e9taire central de l\u2019USDAM (voir l\u2019article s\u00e9par\u00e9 rappelant ses activit\u00e9s au sein de l\u2019USDAM ainsi que son interview). Toni Krein, pr\u00e9sident d\u2019orchester.ch, l\u2019organisation fa\u00eeti\u00e8re des orchestres professionnels suisses, a soulign\u00e9 que sa relation avec Beat Santschi avait toujours \u00e9t\u00e9 caract\u00e9ris\u00e9e par le respect et la confiance r\u00e9ciproque, ce qui n\u2019est jamais une \u00e9vidence. Davide J\u00e4ger a d\u00e9clar\u00e9 que Beat Santschi \u00e9tait pratiquement devenu la personnification de l\u2019USDAM, en tant qu\u2019ancien membre du comit\u00e9 central, puis pr\u00e9sident central et enfin secr\u00e9taire central. Il lui a toujours tenu \u00e0 c\u0153ur que les ind\u00e9pendants et les salari\u00e9s tirent \u00e0 la m\u00eame corde. Le titre de membre d\u2019honneur de l\u2019USDAM a \u00e9t\u00e9 d\u00e9cern\u00e9 \u00e0 Beat Santschi, qui a exprim\u00e9 sa gratitude pour cette distinction. Il fut actif durant 28 ans dans les instances de l\u2019USDAM et le premier ind\u00e9pendant \u00e0 devenir pr\u00e9sident central. La pand\u00e9mie a \u00e9t\u00e9 la p\u00e9riode la plus difficile de sa vie professionnelle, mais la Taskforce culture s\u2019est r\u00e9v\u00e9l\u00e9e tr\u00e8s utile. Comme v\u0153ux pour l\u2019avenir, il a mentionn\u00e9 des salaires \u00e9quitables et une protection sociale pour les salari\u00e9s et pour les ind\u00e9pendants. On se trouverait sur la bonne voie, mais celle-ci resterait sem\u00e9e d&#8217;emb\u00fbches. Il faudrait encore travailler \u00e0 am\u00e9liorer l\u2019image du m\u00e9tier de musicien. Il esp\u00e8re que la bataille pour des indemnit\u00e9s li\u00e9es \u00e0 l&rsquo;utilisation par l\u2019AI de prestations des musiciennes et musiciens puisse \u00eatre gagn\u00e9e. La solidarit\u00e9 internationale est importante. Au niveau suisse \u00e9galement, diff\u00e9rentes associations professionnelles devraient s\u2019unir.<\/p>\n<p>Carlo Mathieu, candidat au poste de secr\u00e9taire central de l\u2019USDAM, s\u2019est ensuite pr\u00e9sent\u00e9. Un article s\u00e9par\u00e9 du prochain num\u00e9ro lui sera consacr\u00e9. Il a \u00e9t\u00e9 \u00e9lu \u00e0 l\u2019unanimit\u00e9 pour succ\u00e9der \u00e0 Beat Santschi. Ma\u00ebl Graa, un t\u00e9nor professionnel de Suisse romande, qui s&rsquo;engage depuis longtemps d\u00e9j\u00e0 en faveur de l&rsquo;am\u00e9lioration des conditions de travail des chanteuses et chanteurs ind\u00e9pendants dans les cantons francophones, a \u00e9t\u00e9 \u00e9lu en tant que successeur de Cristian Vasile au comit\u00e9 central (voir l\u2019article avec une interview).<\/p>\n<p>Comme convenu lors de l\u2019AD 2025, les groupes de travail \u00ab\u00a0Concilier soins et travail\u00a0\u00bb et \u00ab\u00a0Plateforme Sant\u00e9 et s\u00e9curit\u00e9\u00a0\u00bb ont rendu compte de leurs activit\u00e9s. Choisir quel groupe de travail devait poursuivre ses travaux a fait l\u2019objet d\u2019un long d\u00e9bat controvers\u00e9. Alors que la pr\u00e9sidence centrale vise et privil\u00e9gie une solution globale, dans laquelle non seulement les probl\u00e8mes de sant\u00e9, mais aussi le mobbing ou la conciliation entre vie professionnelle et garde d&rsquo;enfants repr\u00e9sentent les diff\u00e9rentes facettes d&rsquo;une strat\u00e9gie globale en mati\u00e8re de sant\u00e9, une majorit\u00e9 des d\u00e9l\u00e9gu\u00e9s \u00e9tait favorable \u00e0 ce que soit privil\u00e9gi\u00e9 pour le moment le groupe de travail \u00ab\u00a0Soins et travail\u00a0\u00bb, qui s&rsquo;occupe concr\u00e8tement des probl\u00e8mes quotidiens des femmes enceintes et des jeunes parents. \u00ab\u00a0Sant\u00e9 et s\u00e9curit\u00e9\u00a0\u00bb sera approfondi et d\u00e9velopp\u00e9 par Muriel Noble en collaboration avec la physioth\u00e9rapeute Jody Karoubi.<\/p>\n<p>Il a \u00e9t\u00e9 pris note d\u2019une motion de la section de Zurich demandant que la d\u00e9signation des d\u00e9l\u00e9gu\u00e9s aux assembl\u00e9es syndicales nationales et internationales soit rendue plus transparente.<\/p>\n<p>Avec le d\u00e9part de Beat Santschi et l\u2019\u00e9lection de Carlo Mathieu, l\u2019assembl\u00e9e des d\u00e9l\u00e9gu\u00e9s de Bienne avait presque rev\u00eatu une signification historique, mais les d\u00e9bats anim\u00e9s et la temp\u00e9rature ext\u00e9rieure record resteront sans doute \u00e9galement grav\u00e9s dans les m\u00e9moires.<\/p>\n<p><em>Il verbale di questa riunione sar\u00e0 pubblicato sul sito web dell'USDAM e sar\u00e0 disponibile per la consultazione presso il Segretariato centrale.<\/em><\/p>","protected":false},"excerpt":{"rendered":"<p>Le 25 juin dernier, les d\u00e9l\u00e9gu\u00e9s de l\u2019USDAM ont \u00e9lu Carlo Mathieu en tant que nouveau secr\u00e9taire central. Il succ\u00e8de \u00e0 Beat Santschi, qui a su guider l\u2019USDAM avec succ\u00e8s au cours de p\u00e9riodes difficiles.<\/p>","protected":false},"author":21897,"featured_media":34626,"comment_status":"closed","ping_status":"closed","sticky":false,"template":"","format":"standard","meta":{"_acf_changed":false,"_relevanssi_hide_post":"","_relevanssi_hide_content":"","_relevanssi_pin_for_all":"","_relevanssi_pin_keywords":"","_relevanssi_unpin_keywords":"","_relevanssi_related_keywords":"","_relevanssi_related_include_ids":"","_relevanssi_related_exclude_ids":"","_relevanssi_related_no_append":"","_relevanssi_related_not_related":"","_relevanssi_related_posts":"","_relevanssi_noindex_reason":"","pgc_sgb_lightbox_settings":"","footnotes":""},"categories":[53],"tags":[1792,1674],"class_list":["post-34624","post","type-post","status-publish","format-standard","has-post-thumbnail","hentry","category-usdam","tag-assemblee-des-delegues","tag-usdam"],"acf":[],"yoast_head":"<!-- This site is optimized with the Yoast SEO plugin v28.3 - https:\/\/yoast.com\/product\/yoast-seo-wordpress\/ -->\n<title>Un nouveau secr\u00e9taire central pour l\u2019USDAM - Revue Musicale Suisse<\/title>\n<meta name=\"robots\" content=\"index, follow, max-snippet:-1, max-image-preview:large, max-video-preview:-1\" \/>\n<link rel=\"canonical\" href=\"https:\/\/www.revuemusicale.ch\/it\/basis\/usdam\/2026\/08\/un-nouveau-secretaire-central-pour-lusdam\/\" \/>\n<meta property=\"og:locale\" content=\"it_IT\" \/>\n<meta property=\"og:type\" content=\"article\" \/>\n<meta property=\"og:title\" content=\"Un nouveau secr\u00e9taire central pour l\u2019USDAM - Revue Musicale Suisse\" \/>\n<meta property=\"og:description\" content=\"Le 25 juin dernier, les d\u00e9l\u00e9gu\u00e9s de l\u2019USDAM ont \u00e9lu Carlo Mathieu en tant que nouveau secr\u00e9taire central. Il succ\u00e8de \u00e0 Beat Santschi, qui a su guider l\u2019USDAM avec succ\u00e8s au cours de p\u00e9riodes difficiles.\" \/>\n<meta property=\"og:url\" content=\"https:\/\/www.revuemusicale.ch\/it\/basis\/usdam\/2026\/08\/un-nouveau-secretaire-central-pour-lusdam\/\" \/>\n<meta property=\"og:site_name\" content=\"Revue Musicale Suisse\" \/>\n<meta property=\"article:publisher\" content=\"https:\/\/www.facebook.com\/SchweizerMusikzeitung\/\" \/>\n<meta property=\"article:published_time\" content=\"2026-08-31T02:36:11+00:00\" \/>\n<meta property=\"og:image\" content=\"https:\/\/www.revuemusicale.ch\/wp-content\/uploads\/2026\/08\/Bienne-AD-2026.jpeg\" \/>\n\t<meta property=\"og:image:width\" content=\"1166\" \/>\n\t<meta property=\"og:image:height\" content=\"794\" \/>\n\t<meta property=\"og:image:type\" content=\"image\/jpeg\" \/>\n<meta name=\"author\" content=\"Laurent Mettraux\" \/>\n<meta name=\"twitter:card\" content=\"summary_large_image\" \/>\n<meta name=\"twitter:creator\" content=\"@smusikzeitung\" \/>\n<meta name=\"twitter:site\" content=\"@smusikzeitung\" \/>\n<meta name=\"twitter:label1\" content=\"Scritto da\" \/>\n\t<meta name=\"twitter:data1\" content=\"Laurent Mettraux\" \/>\n\t<meta name=\"twitter:label2\" content=\"Tempo di lettura stimato\" \/>\n\t<meta name=\"twitter:data2\" content=\"6 minuti\" \/>\n<script type=\"application\/ld+json\" class=\"yoast-schema-graph\">{\"@context\":\"https:\\\/\\\/schema.org\",\"@graph\":[{\"@type\":\"Article\",\"@id\":\"https:\\\/\\\/www.revuemusicale.ch\\\/basis\\\/usdam\\\/2026\\\/08\\\/un-nouveau-secretaire-central-pour-lusdam#article\",\"isPartOf\":{\"@id\":\"https:\\\/\\\/www.revuemusicale.ch\\\/basis\\\/usdam\\\/2026\\\/08\\\/un-nouveau-secretaire-central-pour-lusdam\"},\"author\":{\"name\":\"Laurent Mettraux\",\"@id\":\"https:\\\/\\\/www.revuemusicale.ch\\\/#\\\/schema\\\/person\\\/fb6400330a942eecc4b494064fce59be\"},\"headline\":\"Un nouveau secr\u00e9taire central pour l\u2019USDAM\",\"datePublished\":\"2026-08-31T02:36:11+00:00\",\"mainEntityOfPage\":{\"@id\":\"https:\\\/\\\/www.revuemusicale.ch\\\/basis\\\/usdam\\\/2026\\\/08\\\/un-nouveau-secretaire-central-pour-lusdam\"},\"wordCount\":1140,\"publisher\":{\"@id\":\"https:\\\/\\\/www.revuemusicale.ch\\\/#organization\"},\"image\":{\"@id\":\"https:\\\/\\\/www.revuemusicale.ch\\\/basis\\\/usdam\\\/2026\\\/08\\\/un-nouveau-secretaire-central-pour-lusdam#primaryimage\"},\"thumbnailUrl\":\"https:\\\/\\\/www.revuemusicale.ch\\\/wp-content\\\/uploads\\\/2026\\\/08\\\/Bienne-AD-2026.jpeg\",\"keywords\":[\"Assembl\u00e9e des d\u00e9l\u00e9gu\u00e9s\",\"usdam\"],\"articleSection\":[\"USDAM\"],\"inLanguage\":\"it-IT\"},{\"@type\":\"WebPage\",\"@id\":\"https:\\\/\\\/www.revuemusicale.ch\\\/basis\\\/usdam\\\/2026\\\/08\\\/un-nouveau-secretaire-central-pour-lusdam\",\"url\":\"https:\\\/\\\/www.revuemusicale.ch\\\/basis\\\/usdam\\\/2026\\\/08\\\/un-nouveau-secretaire-central-pour-lusdam\",\"name\":\"Un nouveau secr\u00e9taire central pour l\u2019USDAM - Revue Musicale Suisse\",\"isPartOf\":{\"@id\":\"https:\\\/\\\/www.revuemusicale.ch\\\/#website\"},\"primaryImageOfPage\":{\"@id\":\"https:\\\/\\\/www.revuemusicale.ch\\\/basis\\\/usdam\\\/2026\\\/08\\\/un-nouveau-secretaire-central-pour-lusdam#primaryimage\"},\"image\":{\"@id\":\"https:\\\/\\\/www.revuemusicale.ch\\\/basis\\\/usdam\\\/2026\\\/08\\\/un-nouveau-secretaire-central-pour-lusdam#primaryimage\"},\"thumbnailUrl\":\"https:\\\/\\\/www.revuemusicale.ch\\\/wp-content\\\/uploads\\\/2026\\\/08\\\/Bienne-AD-2026.jpeg\",\"datePublished\":\"2026-08-31T02:36:11+00:00\",\"breadcrumb\":{\"@id\":\"https:\\\/\\\/www.revuemusicale.ch\\\/basis\\\/usdam\\\/2026\\\/08\\\/un-nouveau-secretaire-central-pour-lusdam#breadcrumb\"},\"inLanguage\":\"it-IT\",\"potentialAction\":[{\"@type\":\"ReadAction\",\"target\":[\"https:\\\/\\\/www.revuemusicale.ch\\\/basis\\\/usdam\\\/2026\\\/08\\\/un-nouveau-secretaire-central-pour-lusdam\"]}]},{\"@type\":\"ImageObject\",\"inLanguage\":\"it-IT\",\"@id\":\"https:\\\/\\\/www.revuemusicale.ch\\\/basis\\\/usdam\\\/2026\\\/08\\\/un-nouveau-secretaire-central-pour-lusdam#primaryimage\",\"url\":\"https:\\\/\\\/www.revuemusicale.ch\\\/wp-content\\\/uploads\\\/2026\\\/08\\\/Bienne-AD-2026.jpeg\",\"contentUrl\":\"https:\\\/\\\/www.revuemusicale.ch\\\/wp-content\\\/uploads\\\/2026\\\/08\\\/Bienne-AD-2026.jpeg\",\"width\":1166,\"height\":794},{\"@type\":\"BreadcrumbList\",\"@id\":\"https:\\\/\\\/www.revuemusicale.ch\\\/basis\\\/usdam\\\/2026\\\/08\\\/un-nouveau-secretaire-central-pour-lusdam#breadcrumb\",\"itemListElement\":[{\"@type\":\"ListItem\",\"position\":1,\"name\":\"Home\",\"item\":\"https:\\\/\\\/www.revuemusicale.ch\\\/\"},{\"@type\":\"ListItem\",\"position\":2,\"name\":\"Un nouveau secr\u00e9taire central pour l\u2019USDAM\"}]},{\"@type\":\"WebSite\",\"@id\":\"https:\\\/\\\/www.revuemusicale.ch\\\/#website\",\"url\":\"https:\\\/\\\/www.revuemusicale.ch\\\/\",\"name\":\"Revue Musicale Suisse\",\"description\":\"\",\"publisher\":{\"@id\":\"https:\\\/\\\/www.revuemusicale.ch\\\/#organization\"},\"potentialAction\":[{\"@type\":\"SearchAction\",\"target\":{\"@type\":\"EntryPoint\",\"urlTemplate\":\"https:\\\/\\\/www.revuemusicale.ch\\\/?s={search_term_string}\"},\"query-input\":{\"@type\":\"PropertyValueSpecification\",\"valueRequired\":true,\"valueName\":\"search_term_string\"}}],\"inLanguage\":\"it-IT\"},{\"@type\":\"Organization\",\"@id\":\"https:\\\/\\\/www.revuemusicale.ch\\\/#organization\",\"name\":\"Revue Musicale Suisse\",\"url\":\"https:\\\/\\\/www.revuemusicale.ch\\\/\",\"logo\":{\"@type\":\"ImageObject\",\"inLanguage\":\"it-IT\",\"@id\":\"https:\\\/\\\/www.revuemusicale.ch\\\/#\\\/schema\\\/logo\\\/image\\\/\",\"url\":\"https:\\\/\\\/www.revuemusicale.ch\\\/wp-content\\\/uploads\\\/2023\\\/01\\\/logo_revuemusicale_musikzeitung.jpg\",\"contentUrl\":\"https:\\\/\\\/www.revuemusicale.ch\\\/wp-content\\\/uploads\\\/2023\\\/01\\\/logo_revuemusicale_musikzeitung.jpg\",\"width\":1200,\"height\":243,\"caption\":\"Revue Musicale Suisse\"},\"image\":{\"@id\":\"https:\\\/\\\/www.revuemusicale.ch\\\/#\\\/schema\\\/logo\\\/image\\\/\"},\"sameAs\":[\"https:\\\/\\\/www.facebook.com\\\/SchweizerMusikzeitung\\\/\",\"https:\\\/\\\/x.com\\\/smusikzeitung\",\"https:\\\/\\\/www.instagram.com\\\/musikzeitung.ch\\\/?hl=de\"]},{\"@type\":\"Person\",\"@id\":\"https:\\\/\\\/www.revuemusicale.ch\\\/#\\\/schema\\\/person\\\/fb6400330a942eecc4b494064fce59be\",\"name\":\"Laurent Mettraux\",\"image\":{\"@type\":\"ImageObject\",\"inLanguage\":\"it-IT\",\"@id\":\"https:\\\/\\\/secure.gravatar.com\\\/avatar\\\/0ff4c55a3beaca23cf8ac030f6a4d207c5c42f40aa03f3accbc97af09da0d956?s=96&d=mm&r=g\",\"url\":\"https:\\\/\\\/secure.gravatar.com\\\/avatar\\\/0ff4c55a3beaca23cf8ac030f6a4d207c5c42f40aa03f3accbc97af09da0d956?s=96&d=mm&r=g\",\"contentUrl\":\"https:\\\/\\\/secure.gravatar.com\\\/avatar\\\/0ff4c55a3beaca23cf8ac030f6a4d207c5c42f40aa03f3accbc97af09da0d956?s=96&d=mm&r=g\",\"caption\":\"Laurent Mettraux\"},\"url\":\"https:\\\/\\\/www.revuemusicale.ch\\\/it\\\/author\\\/laurent-mettraux\"}]}<\/script>\n<!-- \/ Yoast SEO plugin. -->","yoast_head_json":{"title":"Un nouveau secr\u00e9taire central pour l\u2019USDAM - Revue Musicale Suisse","robots":{"index":"index","follow":"follow","max-snippet":"max-snippet:-1","max-image-preview":"max-image-preview:large","max-video-preview":"max-video-preview:-1"},"canonical":"https:\/\/www.revuemusicale.ch\/it\/basis\/usdam\/2026\/08\/un-nouveau-secretaire-central-pour-lusdam\/","og_locale":"it_IT","og_type":"article","og_title":"Un nouveau secr\u00e9taire central pour l\u2019USDAM - Revue Musicale Suisse","og_description":"Le 25 juin dernier, les d\u00e9l\u00e9gu\u00e9s de l\u2019USDAM ont \u00e9lu Carlo Mathieu en tant que nouveau secr\u00e9taire central. Il succ\u00e8de \u00e0 Beat Santschi, qui a su guider l\u2019USDAM avec succ\u00e8s au cours de p\u00e9riodes difficiles.","og_url":"https:\/\/www.revuemusicale.ch\/it\/basis\/usdam\/2026\/08\/un-nouveau-secretaire-central-pour-lusdam\/","og_site_name":"Revue Musicale Suisse","article_publisher":"https:\/\/www.facebook.com\/SchweizerMusikzeitung\/","article_published_time":"2026-08-31T02:36:11+00:00","og_image":[{"width":1166,"height":794,"url":"https:\/\/www.revuemusicale.ch\/wp-content\/uploads\/2026\/08\/Bienne-AD-2026.jpeg","type":"image\/jpeg"}],"author":"Laurent Mettraux","twitter_card":"summary_large_image","twitter_creator":"@smusikzeitung","twitter_site":"@smusikzeitung","twitter_misc":{"Scritto da":"Laurent Mettraux","Tempo di lettura stimato":"6 minuti"},"schema":{"@context":"https:\/\/schema.org","@graph":[{"@type":"Article","@id":"https:\/\/www.revuemusicale.ch\/basis\/usdam\/2026\/08\/un-nouveau-secretaire-central-pour-lusdam#article","isPartOf":{"@id":"https:\/\/www.revuemusicale.ch\/basis\/usdam\/2026\/08\/un-nouveau-secretaire-central-pour-lusdam"},"author":{"name":"Laurent Mettraux","@id":"https:\/\/www.revuemusicale.ch\/#\/schema\/person\/fb6400330a942eecc4b494064fce59be"},"headline":"Un nouveau secr\u00e9taire central pour l\u2019USDAM","datePublished":"2026-08-31T02:36:11+00:00","mainEntityOfPage":{"@id":"https:\/\/www.revuemusicale.ch\/basis\/usdam\/2026\/08\/un-nouveau-secretaire-central-pour-lusdam"},"wordCount":1140,"publisher":{"@id":"https:\/\/www.revuemusicale.ch\/#organization"},"image":{"@id":"https:\/\/www.revuemusicale.ch\/basis\/usdam\/2026\/08\/un-nouveau-secretaire-central-pour-lusdam#primaryimage"},"thumbnailUrl":"https:\/\/www.revuemusicale.ch\/wp-content\/uploads\/2026\/08\/Bienne-AD-2026.jpeg","keywords":["Assembl\u00e9e des d\u00e9l\u00e9gu\u00e9s","usdam"],"articleSection":["USDAM"],"inLanguage":"it-IT"},{"@type":"WebPage","@id":"https:\/\/www.revuemusicale.ch\/basis\/usdam\/2026\/08\/un-nouveau-secretaire-central-pour-lusdam","url":"https:\/\/www.revuemusicale.ch\/basis\/usdam\/2026\/08\/un-nouveau-secretaire-central-pour-lusdam","name":"Un nouveau secr\u00e9taire central pour l\u2019USDAM - Revue Musicale Suisse","isPartOf":{"@id":"https:\/\/www.revuemusicale.ch\/#website"},"primaryImageOfPage":{"@id":"https:\/\/www.revuemusicale.ch\/basis\/usdam\/2026\/08\/un-nouveau-secretaire-central-pour-lusdam#primaryimage"},"image":{"@id":"https:\/\/www.revuemusicale.ch\/basis\/usdam\/2026\/08\/un-nouveau-secretaire-central-pour-lusdam#primaryimage"},"thumbnailUrl":"https:\/\/www.revuemusicale.ch\/wp-content\/uploads\/2026\/08\/Bienne-AD-2026.jpeg","datePublished":"2026-08-31T02:36:11+00:00","breadcrumb":{"@id":"https:\/\/www.revuemusicale.ch\/basis\/usdam\/2026\/08\/un-nouveau-secretaire-central-pour-lusdam#breadcrumb"},"inLanguage":"it-IT","potentialAction":[{"@type":"ReadAction","target":["https:\/\/www.revuemusicale.ch\/basis\/usdam\/2026\/08\/un-nouveau-secretaire-central-pour-lusdam"]}]},{"@type":"ImageObject","inLanguage":"it-IT","@id":"https:\/\/www.revuemusicale.ch\/basis\/usdam\/2026\/08\/un-nouveau-secretaire-central-pour-lusdam#primaryimage","url":"https:\/\/www.revuemusicale.ch\/wp-content\/uploads\/2026\/08\/Bienne-AD-2026.jpeg","contentUrl":"https:\/\/www.revuemusicale.ch\/wp-content\/uploads\/2026\/08\/Bienne-AD-2026.jpeg","width":1166,"height":794},{"@type":"BreadcrumbList","@id":"https:\/\/www.revuemusicale.ch\/basis\/usdam\/2026\/08\/un-nouveau-secretaire-central-pour-lusdam#breadcrumb","itemListElement":[{"@type":"ListItem","position":1,"name":"Home","item":"https:\/\/www.revuemusicale.ch\/"},{"@type":"ListItem","position":2,"name":"Un nouveau secr\u00e9taire central pour l\u2019USDAM"}]},{"@type":"WebSite","@id":"https:\/\/www.revuemusicale.ch\/#website","url":"https:\/\/www.revuemusicale.ch\/","name":"Rassegna musicale svizzera","description":"","publisher":{"@id":"https:\/\/www.revuemusicale.ch\/#organization"},"potentialAction":[{"@type":"SearchAction","target":{"@type":"EntryPoint","urlTemplate":"https:\/\/www.revuemusicale.ch\/?s={search_term_string}"},"query-input":{"@type":"PropertyValueSpecification","valueRequired":true,"valueName":"search_term_string"}}],"inLanguage":"it-IT"},{"@type":"Organization","@id":"https:\/\/www.revuemusicale.ch\/#organization","name":"Rassegna musicale svizzera","url":"https:\/\/www.revuemusicale.ch\/","logo":{"@type":"ImageObject","inLanguage":"it-IT","@id":"https:\/\/www.revuemusicale.ch\/#\/schema\/logo\/image\/","url":"https:\/\/www.revuemusicale.ch\/wp-content\/uploads\/2023\/01\/logo_revuemusicale_musikzeitung.jpg","contentUrl":"https:\/\/www.revuemusicale.ch\/wp-content\/uploads\/2023\/01\/logo_revuemusicale_musikzeitung.jpg","width":1200,"height":243,"caption":"Revue Musicale Suisse"},"image":{"@id":"https:\/\/www.revuemusicale.ch\/#\/schema\/logo\/image\/"},"sameAs":["https:\/\/www.facebook.com\/SchweizerMusikzeitung\/","https:\/\/x.com\/smusikzeitung","https:\/\/www.instagram.com\/musikzeitung.ch\/?hl=de"]},{"@type":"Person","@id":"https:\/\/www.revuemusicale.ch\/#\/schema\/person\/fb6400330a942eecc4b494064fce59be","name":"Laurent Mettraux","image":{"@type":"ImageObject","inLanguage":"it-IT","@id":"https:\/\/secure.gravatar.com\/avatar\/0ff4c55a3beaca23cf8ac030f6a4d207c5c42f40aa03f3accbc97af09da0d956?s=96&d=mm&r=g","url":"https:\/\/secure.gravatar.com\/avatar\/0ff4c55a3beaca23cf8ac030f6a4d207c5c42f40aa03f3accbc97af09da0d956?s=96&d=mm&r=g","contentUrl":"https:\/\/secure.gravatar.com\/avatar\/0ff4c55a3beaca23cf8ac030f6a4d207c5c42f40aa03f3accbc97af09da0d956?s=96&d=mm&r=g","caption":"Laurent Mettraux"},"url":"https:\/\/www.revuemusicale.ch\/it\/author\/laurent-mettraux"}]}},"publishpress_future_action":{"enabled":false,"date":"1970-01-01 01:00:00","action":"change-status","newStatus":"draft","terms":[],"taxonomy":"category","extraData":[]},"publishpress_future_workflow_manual_trigger":{"enabledWorkflows":[]},"_links":{"self":[{"href":"https:\/\/www.revuemusicale.ch\/it\/wp-json\/wp\/v2\/posts\/34624","targetHints":{"allow":["GET"]}}],"collection":[{"href":"https:\/\/www.revuemusicale.ch\/it\/wp-json\/wp\/v2\/posts"}],"about":[{"href":"https:\/\/www.revuemusicale.ch\/it\/wp-json\/wp\/v2\/types\/post"}],"author":[{"embeddable":true,"href":"https:\/\/www.revuemusicale.ch\/it\/wp-json\/wp\/v2\/users\/21897"}],"replies":[{"embeddable":true,"href":"https:\/\/www.revuemusicale.ch\/it\/wp-json\/wp\/v2\/comments?post=34624"}],"version-history":[{"count":1,"href":"https:\/\/www.revuemusicale.ch\/it\/wp-json\/wp\/v2\/posts\/34624\/revisions"}],"predecessor-version":[{"id":34625,"href":"https:\/\/www.revuemusicale.ch\/it\/wp-json\/wp\/v2\/posts\/34624\/revisions\/34625"}],"wp:featuredmedia":[{"embeddable":true,"href":"https:\/\/www.revuemusicale.ch\/it\/wp-json\/wp\/v2\/media\/34626"}],"wp:attachment":[{"href":"https:\/\/www.revuemusicale.ch\/it\/wp-json\/wp\/v2\/media?parent=34624"}],"wp:term":[{"taxonomy":"category","embeddable":true,"href":"https:\/\/www.revuemusicale.ch\/it\/wp-json\/wp\/v2\/categories?post=34624"},{"taxonomy":"post_tag","embeddable":true,"href":"https:\/\/www.revuemusicale.ch\/it\/wp-json\/wp\/v2\/tags?post=34624"}],"curies":[{"name":"wp","href":"https:\/\/api.w.org\/{rel}","templated":true}]}}