{"id":34627,"date":"2026-08-31T04:40:39","date_gmt":"2026-08-31T02:40:39","guid":{"rendered":"https:\/\/www.revuemusicale.ch\/?p=34627"},"modified":"2026-08-31T04:40:39","modified_gmt":"2026-08-31T02:40:39","slug":"changement-au-comite-central","status":"publish","type":"post","link":"https:\/\/www.revuemusicale.ch\/it\/basis\/usdam\/2026\/08\/changement-au-comite-central","title":{"rendered":"Cambiamenti nel comitato centrale"},"content":{"rendered":"<p>T\u00e9nor professionnel r\u00e9sidant au pied du Jura vaudois, Ma\u00ebl Graa est titulaire d\u2019un Master en Lettres de l\u2019Universit\u00e9 de Lausanne (2021) et d\u2019un Master en chant lyrique de la Haute \u00c9cole de Musique de Lausanne (2025). Il m\u00e8ne une activit\u00e9 de choriste et de soliste au sein de plusieurs ensembles de r\u00e9f\u00e9rence en Suisse romande, notamment l\u2019Ensemble Vocal de Lausanne, l\u2019Acad\u00e9mie vocale de Suisse romande, ainsi que les ch\u0153urs de l\u2019Op\u00e9ra de Lausanne et du Grand Th\u00e9\u00e2tre de Gen\u00e8ve. Parall\u00e8lement \u00e0 son activit\u00e9 artistique, il exerce comme coordinateur du r\u00e9seau des anciens \u00e9l\u00e8ves de la HEM Gen\u00e8ve et s\u2019investit pour le d\u00e9veloppement de la profession. Cofondateur et secr\u00e9taire de l\u2019Association romande des choristes et solistes (ARCS), il contribue aux r\u00e9flexions et aux actions en faveur des conditions de travail des chanteuses et chanteurs professionnels en Suisse romande.<\/p>\n<p><em>Ma\u00ebl, qu\u2019est-ce qui te motive \u00e0 travailler au sein du comit\u00e9 central ? <\/em><\/p>\n<p>J\u2019aimerais mettre mon exp\u00e9rience des milieux artistique et associatif au service de mes coll\u00e8gues. C\u2019est tr\u00e8s important pour moi de porter leurs voix, en particulier celles des plus pr\u00e9caires, en prenant part \u00e0 un dialogue constructif entre les diff\u00e9rents acteurs du milieu de la musique.<\/p>\n<p><em>Par rapport aux instrumentistes, quels sont les d\u00e9fis sp\u00e9cifiques que doivent relever les chanteuses et chanteurs ind\u00e9pendants ? <\/em><\/p>\n<p>Globalement, alors que les chanteuses et chanteurs ont le m\u00eame dipl\u00f4me et font (\u00e0 peu pr\u00e8s) le m\u00eame m\u00e9tier que les instrumentistes, leur statut est souvent moins bien consid\u00e9r\u00e9, leurs conditions de travail sont moins favorables, sachant que les places de \u00ab\u00a0titulaires\u00a0\u00bb sont extr\u00eamement rares. Pour moi, cela s\u2019explique en partie par une tradition du chant choral amateur, de tr\u00e8s bon niveau, en Suisse. On nous demande tr\u00e8s souvent quel est notre vrai m\u00e9tier (je sais que certains instrumentistes entendent aussi cela), ou si l\u2019on joue d\u2019un instrument. Par ailleurs, certaines r\u00e9alit\u00e9s propres \u00e0 l\u2019activit\u00e9 vocale professionnelle, comme la sant\u00e9, le temps de r\u00e9cup\u00e9ration ou le rapport \u00e0 la sc\u00e8ne m\u00e9ritent d\u2019\u00eatre mises en lumi\u00e8re, au m\u00eame titre que les enjeux communs \u00e0 l\u2019ensemble des musiciennes et musiciens.<\/p>\n<p><em>Cosa pu\u00f2 fare ancora l'USDAM per sostenere i lavoratori autonomi?<\/em><\/p>\n<p>L\u2019USDAM joue d\u00e9j\u00e0 un r\u00f4le essentiel de repr\u00e9sentation et d\u2019information. Elle peut continuer \u00e0 d\u00e9velopper l\u2019accompagnement sur les questions de statut, de r\u00e9mun\u00e9ration et de protection sociale, et poursuivre son travail de sensibilisation aupr\u00e8s des partenaires culturels, afin de mieux faire conna\u00eetre les r\u00e9alit\u00e9s du travail freelance, qui concernent une grande partie des musiciennes et musiciens professionnels en Suisse.<\/p>","protected":false},"excerpt":{"rendered":"<p>Dans le prochain num\u00e9ro, nous consacrerons un article \u00e0 Cristian Vasile, qui, apr\u00e8s 22 ann\u00e9es au comit\u00e9 central, a laiss\u00e9 sa place \u00e0 Ma\u00ebl Graa, que nous pr\u00e9sentons ici.<\/p>","protected":false},"author":21897,"featured_media":34628,"comment_status":"closed","ping_status":"closed","sticky":false,"template":"","format":"standard","meta":{"_acf_changed":false,"_relevanssi_hide_post":"","_relevanssi_hide_content":"","_relevanssi_pin_for_all":"","_relevanssi_pin_keywords":"","_relevanssi_unpin_keywords":"","_relevanssi_related_keywords":"","_relevanssi_related_include_ids":"","_relevanssi_related_exclude_ids":"","_relevanssi_related_no_append":"","_relevanssi_related_not_related":"","_relevanssi_related_posts":"","_relevanssi_noindex_reason":"","pgc_sgb_lightbox_settings":"","footnotes":""},"categories":[53],"tags":[2418,2419],"class_list":["post-34627","post","type-post","status-publish","format-standard","has-post-thumbnail","hentry","category-usdam","tag-mael-graa","tag-nouveau-membre-du-comite-central"],"acf":[],"yoast_head":"<!-- This site is optimized with the Yoast SEO plugin v28.3 - https:\/\/yoast.com\/product\/yoast-seo-wordpress\/ -->\n<title>Changement au comit\u00e9 central - Revue Musicale Suisse<\/title>\n<meta name=\"robots\" content=\"index, follow, max-snippet:-1, max-image-preview:large, max-video-preview:-1\" \/>\n<link rel=\"canonical\" href=\"https:\/\/www.revuemusicale.ch\/it\/basis\/usdam\/2026\/08\/changement-au-comite-central\/\" \/>\n<meta property=\"og:locale\" content=\"it_IT\" \/>\n<meta property=\"og:type\" content=\"article\" \/>\n<meta property=\"og:title\" content=\"Changement au comit\u00e9 central - Revue Musicale Suisse\" \/>\n<meta property=\"og:description\" content=\"Dans le prochain num\u00e9ro, nous consacrerons un article \u00e0 Cristian Vasile, qui, apr\u00e8s 22 ann\u00e9es au comit\u00e9 central, a laiss\u00e9 sa place \u00e0 Ma\u00ebl Graa, que nous pr\u00e9sentons ici.\" \/>\n<meta property=\"og:url\" content=\"https:\/\/www.revuemusicale.ch\/it\/basis\/usdam\/2026\/08\/changement-au-comite-central\/\" \/>\n<meta property=\"og:site_name\" content=\"Revue Musicale Suisse\" \/>\n<meta property=\"article:publisher\" content=\"https:\/\/www.facebook.com\/SchweizerMusikzeitung\/\" \/>\n<meta property=\"article:published_time\" content=\"2026-08-31T02:40:39+00:00\" \/>\n<meta property=\"og:image\" content=\"https:\/\/www.revuemusicale.ch\/wp-content\/uploads\/2026\/08\/4a-Mael-Graa-1-Credit-Augustin-Laudet-jpg.jpg\" \/>\n\t<meta property=\"og:image:width\" content=\"1366\" \/>\n\t<meta property=\"og:image:height\" content=\"988\" \/>\n\t<meta property=\"og:image:type\" content=\"image\/jpeg\" \/>\n<meta name=\"author\" content=\"Laurent Mettraux\" \/>\n<meta name=\"twitter:card\" content=\"summary_large_image\" \/>\n<meta name=\"twitter:creator\" content=\"@smusikzeitung\" \/>\n<meta name=\"twitter:site\" content=\"@smusikzeitung\" \/>\n<meta name=\"twitter:label1\" content=\"Scritto da\" \/>\n\t<meta name=\"twitter:data1\" content=\"Laurent Mettraux\" \/>\n\t<meta name=\"twitter:label2\" content=\"Tempo di lettura stimato\" \/>\n\t<meta name=\"twitter:data2\" content=\"3 minuti\" \/>\n<script type=\"application\/ld+json\" class=\"yoast-schema-graph\">{\"@context\":\"https:\\\/\\\/schema.org\",\"@graph\":[{\"@type\":\"Article\",\"@id\":\"https:\\\/\\\/www.revuemusicale.ch\\\/basis\\\/usdam\\\/2026\\\/08\\\/changement-au-comite-central#article\",\"isPartOf\":{\"@id\":\"https:\\\/\\\/www.revuemusicale.ch\\\/basis\\\/usdam\\\/2026\\\/08\\\/changement-au-comite-central\"},\"author\":{\"name\":\"Laurent Mettraux\",\"@id\":\"https:\\\/\\\/www.revuemusicale.ch\\\/#\\\/schema\\\/person\\\/fb6400330a942eecc4b494064fce59be\"},\"headline\":\"Changement au comit\u00e9 central\",\"datePublished\":\"2026-08-31T02:40:39+00:00\",\"mainEntityOfPage\":{\"@id\":\"https:\\\/\\\/www.revuemusicale.ch\\\/basis\\\/usdam\\\/2026\\\/08\\\/changement-au-comite-central\"},\"wordCount\":481,\"publisher\":{\"@id\":\"https:\\\/\\\/www.revuemusicale.ch\\\/#organization\"},\"image\":{\"@id\":\"https:\\\/\\\/www.revuemusicale.ch\\\/basis\\\/usdam\\\/2026\\\/08\\\/changement-au-comite-central#primaryimage\"},\"thumbnailUrl\":\"https:\\\/\\\/www.revuemusicale.ch\\\/wp-content\\\/uploads\\\/2026\\\/08\\\/4a-Mael-Graa-1-Credit-Augustin-Laudet-jpg.jpg\",\"keywords\":[\"Ma\u00ebl Graa\",\"nouveau membre du comit\u00e9 central\"],\"articleSection\":[\"USDAM\"],\"inLanguage\":\"it-IT\"},{\"@type\":\"WebPage\",\"@id\":\"https:\\\/\\\/www.revuemusicale.ch\\\/basis\\\/usdam\\\/2026\\\/08\\\/changement-au-comite-central\",\"url\":\"https:\\\/\\\/www.revuemusicale.ch\\\/basis\\\/usdam\\\/2026\\\/08\\\/changement-au-comite-central\",\"name\":\"Changement au comit\u00e9 central - Revue Musicale Suisse\",\"isPartOf\":{\"@id\":\"https:\\\/\\\/www.revuemusicale.ch\\\/#website\"},\"primaryImageOfPage\":{\"@id\":\"https:\\\/\\\/www.revuemusicale.ch\\\/basis\\\/usdam\\\/2026\\\/08\\\/changement-au-comite-central#primaryimage\"},\"image\":{\"@id\":\"https:\\\/\\\/www.revuemusicale.ch\\\/basis\\\/usdam\\\/2026\\\/08\\\/changement-au-comite-central#primaryimage\"},\"thumbnailUrl\":\"https:\\\/\\\/www.revuemusicale.ch\\\/wp-content\\\/uploads\\\/2026\\\/08\\\/4a-Mael-Graa-1-Credit-Augustin-Laudet-jpg.jpg\",\"datePublished\":\"2026-08-31T02:40:39+00:00\",\"breadcrumb\":{\"@id\":\"https:\\\/\\\/www.revuemusicale.ch\\\/basis\\\/usdam\\\/2026\\\/08\\\/changement-au-comite-central#breadcrumb\"},\"inLanguage\":\"it-IT\",\"potentialAction\":[{\"@type\":\"ReadAction\",\"target\":[\"https:\\\/\\\/www.revuemusicale.ch\\\/basis\\\/usdam\\\/2026\\\/08\\\/changement-au-comite-central\"]}]},{\"@type\":\"ImageObject\",\"inLanguage\":\"it-IT\",\"@id\":\"https:\\\/\\\/www.revuemusicale.ch\\\/basis\\\/usdam\\\/2026\\\/08\\\/changement-au-comite-central#primaryimage\",\"url\":\"https:\\\/\\\/www.revuemusicale.ch\\\/wp-content\\\/uploads\\\/2026\\\/08\\\/4a-Mael-Graa-1-Credit-Augustin-Laudet-jpg.jpg\",\"contentUrl\":\"https:\\\/\\\/www.revuemusicale.ch\\\/wp-content\\\/uploads\\\/2026\\\/08\\\/4a-Mael-Graa-1-Credit-Augustin-Laudet-jpg.jpg\",\"width\":1366,\"height\":988,\"caption\":\"Ma\u00ebl Graa\"},{\"@type\":\"BreadcrumbList\",\"@id\":\"https:\\\/\\\/www.revuemusicale.ch\\\/basis\\\/usdam\\\/2026\\\/08\\\/changement-au-comite-central#breadcrumb\",\"itemListElement\":[{\"@type\":\"ListItem\",\"position\":1,\"name\":\"Home\",\"item\":\"https:\\\/\\\/www.revuemusicale.ch\\\/\"},{\"@type\":\"ListItem\",\"position\":2,\"name\":\"Changement au comit\u00e9 central\"}]},{\"@type\":\"WebSite\",\"@id\":\"https:\\\/\\\/www.revuemusicale.ch\\\/#website\",\"url\":\"https:\\\/\\\/www.revuemusicale.ch\\\/\",\"name\":\"Revue Musicale Suisse\",\"description\":\"\",\"publisher\":{\"@id\":\"https:\\\/\\\/www.revuemusicale.ch\\\/#organization\"},\"potentialAction\":[{\"@type\":\"SearchAction\",\"target\":{\"@type\":\"EntryPoint\",\"urlTemplate\":\"https:\\\/\\\/www.revuemusicale.ch\\\/?s={search_term_string}\"},\"query-input\":{\"@type\":\"PropertyValueSpecification\",\"valueRequired\":true,\"valueName\":\"search_term_string\"}}],\"inLanguage\":\"it-IT\"},{\"@type\":\"Organization\",\"@id\":\"https:\\\/\\\/www.revuemusicale.ch\\\/#organization\",\"name\":\"Revue Musicale Suisse\",\"url\":\"https:\\\/\\\/www.revuemusicale.ch\\\/\",\"logo\":{\"@type\":\"ImageObject\",\"inLanguage\":\"it-IT\",\"@id\":\"https:\\\/\\\/www.revuemusicale.ch\\\/#\\\/schema\\\/logo\\\/image\\\/\",\"url\":\"https:\\\/\\\/www.revuemusicale.ch\\\/wp-content\\\/uploads\\\/2023\\\/01\\\/logo_revuemusicale_musikzeitung.jpg\",\"contentUrl\":\"https:\\\/\\\/www.revuemusicale.ch\\\/wp-content\\\/uploads\\\/2023\\\/01\\\/logo_revuemusicale_musikzeitung.jpg\",\"width\":1200,\"height\":243,\"caption\":\"Revue Musicale Suisse\"},\"image\":{\"@id\":\"https:\\\/\\\/www.revuemusicale.ch\\\/#\\\/schema\\\/logo\\\/image\\\/\"},\"sameAs\":[\"https:\\\/\\\/www.facebook.com\\\/SchweizerMusikzeitung\\\/\",\"https:\\\/\\\/x.com\\\/smusikzeitung\",\"https:\\\/\\\/www.instagram.com\\\/musikzeitung.ch\\\/?hl=de\"]},{\"@type\":\"Person\",\"@id\":\"https:\\\/\\\/www.revuemusicale.ch\\\/#\\\/schema\\\/person\\\/fb6400330a942eecc4b494064fce59be\",\"name\":\"Laurent Mettraux\",\"image\":{\"@type\":\"ImageObject\",\"inLanguage\":\"it-IT\",\"@id\":\"https:\\\/\\\/secure.gravatar.com\\\/avatar\\\/0ff4c55a3beaca23cf8ac030f6a4d207c5c42f40aa03f3accbc97af09da0d956?s=96&d=mm&r=g\",\"url\":\"https:\\\/\\\/secure.gravatar.com\\\/avatar\\\/0ff4c55a3beaca23cf8ac030f6a4d207c5c42f40aa03f3accbc97af09da0d956?s=96&d=mm&r=g\",\"contentUrl\":\"https:\\\/\\\/secure.gravatar.com\\\/avatar\\\/0ff4c55a3beaca23cf8ac030f6a4d207c5c42f40aa03f3accbc97af09da0d956?s=96&d=mm&r=g\",\"caption\":\"Laurent Mettraux\"},\"url\":\"https:\\\/\\\/www.revuemusicale.ch\\\/it\\\/author\\\/laurent-mettraux\"}]}<\/script>\n<!-- \/ Yoast SEO plugin. -->","yoast_head_json":{"title":"Changement au comit\u00e9 central - Revue Musicale Suisse","robots":{"index":"index","follow":"follow","max-snippet":"max-snippet:-1","max-image-preview":"max-image-preview:large","max-video-preview":"max-video-preview:-1"},"canonical":"https:\/\/www.revuemusicale.ch\/it\/basis\/usdam\/2026\/08\/changement-au-comite-central\/","og_locale":"it_IT","og_type":"article","og_title":"Changement au comit\u00e9 central - Revue Musicale Suisse","og_description":"Dans le prochain num\u00e9ro, nous consacrerons un article \u00e0 Cristian Vasile, qui, apr\u00e8s 22 ann\u00e9es au comit\u00e9 central, a laiss\u00e9 sa place \u00e0 Ma\u00ebl Graa, que nous pr\u00e9sentons ici.","og_url":"https:\/\/www.revuemusicale.ch\/it\/basis\/usdam\/2026\/08\/changement-au-comite-central\/","og_site_name":"Revue Musicale Suisse","article_publisher":"https:\/\/www.facebook.com\/SchweizerMusikzeitung\/","article_published_time":"2026-08-31T02:40:39+00:00","og_image":[{"width":1366,"height":988,"url":"https:\/\/www.revuemusicale.ch\/wp-content\/uploads\/2026\/08\/4a-Mael-Graa-1-Credit-Augustin-Laudet-jpg.jpg","type":"image\/jpeg"}],"author":"Laurent Mettraux","twitter_card":"summary_large_image","twitter_creator":"@smusikzeitung","twitter_site":"@smusikzeitung","twitter_misc":{"Scritto da":"Laurent Mettraux","Tempo di lettura stimato":"3 minuti"},"schema":{"@context":"https:\/\/schema.org","@graph":[{"@type":"Article","@id":"https:\/\/www.revuemusicale.ch\/basis\/usdam\/2026\/08\/changement-au-comite-central#article","isPartOf":{"@id":"https:\/\/www.revuemusicale.ch\/basis\/usdam\/2026\/08\/changement-au-comite-central"},"author":{"name":"Laurent Mettraux","@id":"https:\/\/www.revuemusicale.ch\/#\/schema\/person\/fb6400330a942eecc4b494064fce59be"},"headline":"Changement au comit\u00e9 central","datePublished":"2026-08-31T02:40:39+00:00","mainEntityOfPage":{"@id":"https:\/\/www.revuemusicale.ch\/basis\/usdam\/2026\/08\/changement-au-comite-central"},"wordCount":481,"publisher":{"@id":"https:\/\/www.revuemusicale.ch\/#organization"},"image":{"@id":"https:\/\/www.revuemusicale.ch\/basis\/usdam\/2026\/08\/changement-au-comite-central#primaryimage"},"thumbnailUrl":"https:\/\/www.revuemusicale.ch\/wp-content\/uploads\/2026\/08\/4a-Mael-Graa-1-Credit-Augustin-Laudet-jpg.jpg","keywords":["Ma\u00ebl Graa","nouveau membre du comit\u00e9 central"],"articleSection":["USDAM"],"inLanguage":"it-IT"},{"@type":"WebPage","@id":"https:\/\/www.revuemusicale.ch\/basis\/usdam\/2026\/08\/changement-au-comite-central","url":"https:\/\/www.revuemusicale.ch\/basis\/usdam\/2026\/08\/changement-au-comite-central","name":"Changement au comit\u00e9 central - Revue Musicale Suisse","isPartOf":{"@id":"https:\/\/www.revuemusicale.ch\/#website"},"primaryImageOfPage":{"@id":"https:\/\/www.revuemusicale.ch\/basis\/usdam\/2026\/08\/changement-au-comite-central#primaryimage"},"image":{"@id":"https:\/\/www.revuemusicale.ch\/basis\/usdam\/2026\/08\/changement-au-comite-central#primaryimage"},"thumbnailUrl":"https:\/\/www.revuemusicale.ch\/wp-content\/uploads\/2026\/08\/4a-Mael-Graa-1-Credit-Augustin-Laudet-jpg.jpg","datePublished":"2026-08-31T02:40:39+00:00","breadcrumb":{"@id":"https:\/\/www.revuemusicale.ch\/basis\/usdam\/2026\/08\/changement-au-comite-central#breadcrumb"},"inLanguage":"it-IT","potentialAction":[{"@type":"ReadAction","target":["https:\/\/www.revuemusicale.ch\/basis\/usdam\/2026\/08\/changement-au-comite-central"]}]},{"@type":"ImageObject","inLanguage":"it-IT","@id":"https:\/\/www.revuemusicale.ch\/basis\/usdam\/2026\/08\/changement-au-comite-central#primaryimage","url":"https:\/\/www.revuemusicale.ch\/wp-content\/uploads\/2026\/08\/4a-Mael-Graa-1-Credit-Augustin-Laudet-jpg.jpg","contentUrl":"https:\/\/www.revuemusicale.ch\/wp-content\/uploads\/2026\/08\/4a-Mael-Graa-1-Credit-Augustin-Laudet-jpg.jpg","width":1366,"height":988,"caption":"Ma\u00ebl Graa"},{"@type":"BreadcrumbList","@id":"https:\/\/www.revuemusicale.ch\/basis\/usdam\/2026\/08\/changement-au-comite-central#breadcrumb","itemListElement":[{"@type":"ListItem","position":1,"name":"Home","item":"https:\/\/www.revuemusicale.ch\/"},{"@type":"ListItem","position":2,"name":"Changement au comit\u00e9 central"}]},{"@type":"WebSite","@id":"https:\/\/www.revuemusicale.ch\/#website","url":"https:\/\/www.revuemusicale.ch\/","name":"Rassegna musicale svizzera","description":"","publisher":{"@id":"https:\/\/www.revuemusicale.ch\/#organization"},"potentialAction":[{"@type":"SearchAction","target":{"@type":"EntryPoint","urlTemplate":"https:\/\/www.revuemusicale.ch\/?s={search_term_string}"},"query-input":{"@type":"PropertyValueSpecification","valueRequired":true,"valueName":"search_term_string"}}],"inLanguage":"it-IT"},{"@type":"Organization","@id":"https:\/\/www.revuemusicale.ch\/#organization","name":"Rassegna musicale svizzera","url":"https:\/\/www.revuemusicale.ch\/","logo":{"@type":"ImageObject","inLanguage":"it-IT","@id":"https:\/\/www.revuemusicale.ch\/#\/schema\/logo\/image\/","url":"https:\/\/www.revuemusicale.ch\/wp-content\/uploads\/2023\/01\/logo_revuemusicale_musikzeitung.jpg","contentUrl":"https:\/\/www.revuemusicale.ch\/wp-content\/uploads\/2023\/01\/logo_revuemusicale_musikzeitung.jpg","width":1200,"height":243,"caption":"Revue Musicale Suisse"},"image":{"@id":"https:\/\/www.revuemusicale.ch\/#\/schema\/logo\/image\/"},"sameAs":["https:\/\/www.facebook.com\/SchweizerMusikzeitung\/","https:\/\/x.com\/smusikzeitung","https:\/\/www.instagram.com\/musikzeitung.ch\/?hl=de"]},{"@type":"Person","@id":"https:\/\/www.revuemusicale.ch\/#\/schema\/person\/fb6400330a942eecc4b494064fce59be","name":"Laurent Mettraux","image":{"@type":"ImageObject","inLanguage":"it-IT","@id":"https:\/\/secure.gravatar.com\/avatar\/0ff4c55a3beaca23cf8ac030f6a4d207c5c42f40aa03f3accbc97af09da0d956?s=96&d=mm&r=g","url":"https:\/\/secure.gravatar.com\/avatar\/0ff4c55a3beaca23cf8ac030f6a4d207c5c42f40aa03f3accbc97af09da0d956?s=96&d=mm&r=g","contentUrl":"https:\/\/secure.gravatar.com\/avatar\/0ff4c55a3beaca23cf8ac030f6a4d207c5c42f40aa03f3accbc97af09da0d956?s=96&d=mm&r=g","caption":"Laurent Mettraux"},"url":"https:\/\/www.revuemusicale.ch\/it\/author\/laurent-mettraux"}]}},"publishpress_future_action":{"enabled":false,"date":"1970-01-01 01:00:00","action":"change-status","newStatus":"draft","terms":[],"taxonomy":"category","extraData":[]},"publishpress_future_workflow_manual_trigger":{"enabledWorkflows":[]},"_links":{"self":[{"href":"https:\/\/www.revuemusicale.ch\/it\/wp-json\/wp\/v2\/posts\/34627","targetHints":{"allow":["GET"]}}],"collection":[{"href":"https:\/\/www.revuemusicale.ch\/it\/wp-json\/wp\/v2\/posts"}],"about":[{"href":"https:\/\/www.revuemusicale.ch\/it\/wp-json\/wp\/v2\/types\/post"}],"author":[{"embeddable":true,"href":"https:\/\/www.revuemusicale.ch\/it\/wp-json\/wp\/v2\/users\/21897"}],"replies":[{"embeddable":true,"href":"https:\/\/www.revuemusicale.ch\/it\/wp-json\/wp\/v2\/comments?post=34627"}],"version-history":[{"count":1,"href":"https:\/\/www.revuemusicale.ch\/it\/wp-json\/wp\/v2\/posts\/34627\/revisions"}],"predecessor-version":[{"id":34629,"href":"https:\/\/www.revuemusicale.ch\/it\/wp-json\/wp\/v2\/posts\/34627\/revisions\/34629"}],"wp:featuredmedia":[{"embeddable":true,"href":"https:\/\/www.revuemusicale.ch\/it\/wp-json\/wp\/v2\/media\/34628"}],"wp:attachment":[{"href":"https:\/\/www.revuemusicale.ch\/it\/wp-json\/wp\/v2\/media?parent=34627"}],"wp:term":[{"taxonomy":"category","embeddable":true,"href":"https:\/\/www.revuemusicale.ch\/it\/wp-json\/wp\/v2\/categories?post=34627"},{"taxonomy":"post_tag","embeddable":true,"href":"https:\/\/www.revuemusicale.ch\/it\/wp-json\/wp\/v2\/tags?post=34627"}],"curies":[{"name":"wp","href":"https:\/\/api.w.org\/{rel}","templated":true}]}}